{"id":12474,"date":"2025-05-31T07:01:36","date_gmt":"2025-05-31T10:01:36","guid":{"rendered":"https:\/\/iberbrasil.org.br\/blog\/?p=12474"},"modified":"2025-05-28T15:30:05","modified_gmt":"2025-05-28T18:30:05","slug":"seja-um-associado-iber-e-descubra-como-praticas-verdes-transformam-seu-negocio","status":"publish","type":"post","link":"https:\/\/iberbrasil.org.br\/blog\/2025\/05\/31\/seja-um-associado-iber-e-descubra-como-praticas-verdes-transformam-seu-negocio\/","title":{"rendered":"Seja um associado IBER e descubra como pr\u00e1ticas verdes transformam seu neg\u00f3cio."},"content":{"rendered":"<p><i><span style=\"font-weight: 400;\"><img fetchpriority=\"high\" decoding=\"async\" class=\"size-medium wp-image-12475 alignright\" src=\"https:\/\/iberbrasil.org.br\/blog\/wp-content\/uploads\/2025\/05\/Blog-4-300x300.jpg\" alt=\"\" width=\"300\" height=\"300\" srcset=\"https:\/\/iberbrasil.org.br\/blog\/wp-content\/uploads\/2025\/05\/Blog-4-300x300.jpg 300w, https:\/\/iberbrasil.org.br\/blog\/wp-content\/uploads\/2025\/05\/Blog-4-1024x1024.jpg 1024w, https:\/\/iberbrasil.org.br\/blog\/wp-content\/uploads\/2025\/05\/Blog-4-150x150.jpg 150w, https:\/\/iberbrasil.org.br\/blog\/wp-content\/uploads\/2025\/05\/Blog-4-768x768.jpg 768w, https:\/\/iberbrasil.org.br\/blog\/wp-content\/uploads\/2025\/05\/Blog-4.jpg 1080w\" sizes=\"(max-width: 300px) 100vw, 300px\" \/>A sustentabilidade empresarial, al\u00e9m de reduzir custos, melhorar a imagem da empresa, tamb\u00e9m contribui para um futuro mais verde, a gest\u00e3o adequada de res\u00edduos \u00e9 fundamental para a contribui\u00e7\u00e3o para a economia circular.<\/span><\/i><\/p>\n<h2><b>O cen\u00e1rio da sustentabilidade corporativa atualmente.\u00a0<\/b><\/h2>\n<p><span style=\"font-weight: 400;\">Enfrentamos hoje um desafio \u00fanico ambiental e segundo os dados do Banco Mundial, a expectativa de aumento na produ\u00e7\u00e3o de lixo global \u00e9 de 30%, o que \u00e9 alarmante j\u00e1 que isso representa um crescimento de 70% em rela\u00e7\u00e3o aos n\u00edveis atuais, comprometendo a sa\u00fade do planeta e colocando em xeque o futuro das pr\u00f3ximas gera\u00e7\u00f5es.<\/span><\/p>\n<p><span style=\"font-weight: 400;\">Os tamb\u00e9m n\u00fameros preocupam no Brasil, visto que, conforme dados revelados pelo EcoCircuito, geramos cerca de 82,5 milh\u00f5es de toneladas de res\u00edduos por ano, essa realidade requer aten\u00e7\u00e3o e a\u00e7\u00f5es concretas imediatas.<\/span><\/p>\n<p><span style=\"font-weight: 400;\">Ao mesmo tempo, conforme a pesquisa &#8220;Panorama ESG 2024&#8221; da Amcham Brasil, foi revelado a crescente tend\u00eancia com a conscientiza\u00e7\u00e3o empresarial, j\u00e1 que 71% das empresas brasileiras j\u00e1 t\u00eam uma boa implementa\u00e7\u00e3o de pr\u00e1ticas ecol\u00f3gicas, sociais e de governan\u00e7a (ESG), essa informa\u00e7\u00e3o mostra um aumento de 24% em rela\u00e7\u00e3o ao ano anterior, o que deixa em evid\u00eancia uma evolu\u00e7\u00e3o do nosso pa\u00eds em rela\u00e7\u00e3o \u00e0 consci\u00eancia socioambiental.<\/span><\/p>\n<h2><b>Por que investir em sustentabilidade empresarial?<\/b><\/h2>\n<p><span style=\"font-weight: 400;\">Transcendendo a responsabilidade ambiental, a ades\u00e3o de pr\u00e1ticas sustent\u00e1veis oferece benef\u00edcios significativos e estrat\u00e9gicos para as organiza\u00e7\u00f5es.<\/span><\/p>\n<h3><b>Economia significativa<\/b><\/h3>\n<p><span style=\"font-weight: 400;\">A sustentabilidade bem planejada \u00e9 um investimento que traz um retorno financeiro expressivo, implementando iniciativas como a otimiza\u00e7\u00e3o do consumo energ\u00e9tico e h\u00eddrico, gest\u00e3o e implementa\u00e7\u00e3o do uso de materiais reciclados, trazem resultados impressionantes em rela\u00e7\u00e3o a redu\u00e7\u00e3o de subst\u00e2ncias e custos operacionais.<\/span><\/p>\n<h3><b>Fortalecimento da sarca<\/b><\/h3>\n<p><span style=\"font-weight: 400;\">Ser uma empresa que valoriza a responsabilidade socioambiental, ainda mais em um mercado que est\u00e1 cada vez mais consciente, demonstra que sua empresa tem um compromisso ambiental, o que conquista a confian\u00e7a dos consumidores finais, se torna tamb\u00e9m um \u00f3timo diferencial competitivo no mercado.<\/span><\/p>\n<h3><b>Colaboradores mais engajados<\/b><\/h3>\n<p><span style=\"font-weight: 400;\">As pessoas gostam de fazer parte de algo, ainda mais quando \u00e9 por um bem maior, dito isso, quando dentro do ambiente de trabalho, s\u00e3o priorizadas pr\u00e1ticas sustent\u00e1veis, a produtividade e motiva\u00e7\u00e3o dos colaboradores tende a aumentar significativamente.<\/span><\/p>\n<h3><b>Impulso \u00e0 inova\u00e7\u00e3o<\/b><\/h3>\n<p><span style=\"font-weight: 400;\">Quando a empresa se posiciona de maneira ambientalmente respons\u00e1vel, a inova\u00e7\u00e3o \u00e9 quase que uma consequ\u00eancia autom\u00e1tica, j\u00e1 que os processos se tornam mais eficientes e antecipam as tend\u00eancias e exig\u00eancias regulat\u00f3rias.<\/span><\/p>\n<h3><b>Mitiga\u00e7\u00e3o de riscos<\/b><\/h3>\n<p><span style=\"font-weight: 400;\">Empresas respons\u00e1veis com quest\u00f5es ambientais, minimizam riscos ambientais e de sa\u00fade ocupacional, e tamb\u00e9m est\u00e3o menos propensos a penalidades legais e danos de reputa\u00e7\u00e3o envolvendo quest\u00f5es ecol\u00f3gicas.<\/span><\/p>\n<h3><b>Expans\u00e3o de horizontes comerciais<\/b><\/h3>\n<p><span style=\"font-weight: 400;\">O acesso a nichos de mercado que exigem certifica\u00e7\u00f5es ambientais espec\u00edficas, tamb\u00e9m \u00e9 algo que se torna mais f\u00e1cil quando sua organiza\u00e7\u00e3o tem compromisso consistente com a sustentabilidade, o que amplia as oportunidades de crescimento e desenvolvimento para novos neg\u00f3cios.<\/span><\/p>\n<h3><b>Legado positivo<\/b><\/h3>\n<p><span style=\"font-weight: 400;\">Com pr\u00e1ticas respons\u00e1veis em rela\u00e7\u00e3o ao ambientalmente, empresas se tornam ativamente agentes que transformam o planeta de maneira com que as gera\u00e7\u00f5es futuras tenham a garantia de um futuro mais pr\u00f3spero e verde.<\/span><\/p>\n<h2><b>Transformando conceitos em a\u00e7\u00f5es concretas<\/b><\/h2>\n<p><span style=\"font-weight: 400;\">Os passos fundamentais e estrat\u00e9gicos para materializar os benef\u00edcios da sustentabilidade corporativa se baseiam em 5 passos muito simples.<\/span><\/p>\n<ul>\n<li aria-level=\"1\"><span style=\"font-weight: 400;\">Realiza\u00e7\u00e3o de uma avalia\u00e7\u00e3o completa de pr\u00e1ticas atuais, e a identifica\u00e7\u00e3o de oportunidades para melhoria.<\/span><\/li>\n<\/ul>\n<ul>\n<li aria-level=\"1\"><span style=\"font-weight: 400;\">Estabelecer metas SMART (espec\u00edficas, mensur\u00e1veis, ating\u00edveis, relevantes e que possam ser temporizadas) ajuda com a implementa\u00e7\u00e3o gradual de iniciativas sustent\u00e1veis.<\/span><\/li>\n<\/ul>\n<ul>\n<li aria-level=\"1\"><span style=\"font-weight: 400;\">Promover o envolvimento dos colaboradores em todas as etapas, proporcionando capacita\u00e7\u00e3o e incentivando a participa\u00e7\u00e3o ativa.<\/span><\/li>\n<\/ul>\n<ul>\n<li aria-level=\"1\"><span style=\"font-weight: 400;\">Comunicar efetivamente os benef\u00edcios destas pr\u00e1ticas a todos os poss\u00edveis investidores interessados.<\/span><\/li>\n<\/ul>\n<ul>\n<li aria-level=\"1\"><span style=\"font-weight: 400;\">Monitoramento constante do progresso, identificar e realizar ajustes quando necess\u00e1rio.<\/span><\/li>\n<\/ul>\n<h2><b>A import\u00e2ncia da gest\u00e3o adequada de res\u00edduos eletr\u00f4nicos<\/b><\/h2>\n<p><span style=\"font-weight: 400;\">A destina\u00e7\u00e3o correta de res\u00edduos eletroeletr\u00f4nicos, dentre os diversos aspectos da sustentabilidade empresarial, \u00e9 o que mais merece um aten\u00e7\u00e3o, j\u00e1 que estes materiais t\u00eam componentes t\u00f3xicos, que quando descartados de maneira irrespons\u00e1vel, causam danos irrevers\u00edveis ao meio ambiente.<\/span><\/p>\n<p><span style=\"font-weight: 400;\">Por isso, o IBER desempenha um papel fundamental, j\u00e1 que fomos criados exatamente para estudar e implementar a PNRS nos sistemas operacionais da sua empresa, essa pol\u00edtica se baseia em:<\/span><\/p>\n<ul>\n<li style=\"font-weight: 400;\" aria-level=\"1\"><span style=\"font-weight: 400;\">Criar solu\u00e7\u00f5es completas e econ\u00f4micas vi\u00e1veis para apoiar a gest\u00e3o da Log\u00edstica Reversa;<\/span><\/li>\n<li style=\"font-weight: 400;\" aria-level=\"1\"><span style=\"font-weight: 400;\">Otimiza\u00e7\u00e3o de processos para certifica\u00e7\u00e3o ambiental;<\/span><\/li>\n<li style=\"font-weight: 400;\" aria-level=\"1\"><span style=\"font-weight: 400;\">Implementar de forma integrada, sistemas de log\u00edstica reversa em toda a estrutura organizacional.<\/span><\/li>\n<\/ul>\n<h2><b>Conclus\u00e3o<\/b><\/h2>\n<p><span style=\"font-weight: 400;\">Para garantir o sucesso da sua empresa no cen\u00e1rio que vivemos hoje, a ado\u00e7\u00e3o de pr\u00e1ticas sustent\u00e1veis no ambiente corporativo, se mostra como uma oportunidade estrat\u00e9gica\u00a0 para o meio empresarial, se mantendo relevante e competitividade, al\u00e9m de construir um legado positivo e contribuir para uma preserva\u00e7\u00e3o ambiental.<\/span><\/p>\n<p><span style=\"font-weight: 400;\">As gera\u00e7\u00f5es futuras dependem diretamente das a\u00e7\u00f5es e decis\u00f5es que tomamos hoje, por isso, empresas que apresentam um impacto expressivo para o ecossistema global, s\u00e3o as que mais deveriam se comprometer com pautas sustent\u00e1veis, j\u00e1 que s\u00e3o a\u00e7\u00f5es que n\u00e3o exigem custos adicionais, e ainda trazem retornos substanciais para a empresa, e promovem a economia circular.<\/span><\/p>\n","protected":false},"excerpt":{"rendered":"<p>A sustentabilidade empresarial, al\u00e9m de reduzir custos, melhorar a imagem da empresa, tamb\u00e9m contribui para um futuro mais verde, a gest\u00e3o adequada de res\u00edduos \u00e9 fundamental para a contribui\u00e7\u00e3o para a economia circular. O cen\u00e1rio da sustentabilidade corporativa atualmente.\u00a0 Enfrentamos hoje um desafio \u00fanico ambiental e segundo os dados do Banco Mundial, a expectativa de [&hellip;]<\/p>\n","protected":false},"author":1,"featured_media":12475,"comment_status":"open","ping_status":"open","sticky":false,"template":"","format":"standard","meta":{"footnotes":""},"categories":[128],"tags":[],"class_list":["post-12474","post","type-post","status-publish","format-standard","has-post-thumbnail","hentry","category-plano-nacional-de-residuos-solidos"],"yoast_head":"<!-- This site is optimized with the Yoast SEO plugin v27.3 - https:\/\/yoast.com\/product\/yoast-seo-wordpress\/ -->\n<title>Seja um associado IBER e descubra como pr\u00e1ticas verdes transformam seu neg\u00f3cio. &#8226; IBER<\/title>\n<meta name=\"robots\" content=\"index, follow, max-snippet:-1, max-image-preview:large, max-video-preview:-1\" \/>\n<link rel=\"canonical\" href=\"https:\/\/iberbrasil.org.br\/blog\/2025\/05\/31\/seja-um-associado-iber-e-descubra-como-praticas-verdes-transformam-seu-negocio\/\" \/>\n<meta property=\"og:locale\" content=\"pt_BR\" \/>\n<meta property=\"og:type\" content=\"article\" \/>\n<meta property=\"og:title\" content=\"Seja um associado IBER e descubra como pr\u00e1ticas verdes transformam seu neg\u00f3cio. &#8226; IBER\" \/>\n<meta property=\"og:description\" content=\"A sustentabilidade empresarial, al\u00e9m de reduzir custos, melhorar a imagem da empresa, tamb\u00e9m contribui para um futuro mais verde, a gest\u00e3o adequada de res\u00edduos \u00e9 fundamental para a contribui\u00e7\u00e3o para a economia circular. O cen\u00e1rio da sustentabilidade corporativa atualmente.\u00a0 Enfrentamos hoje um desafio \u00fanico ambiental e segundo os dados do Banco Mundial, a expectativa de [&hellip;]\" \/>\n<meta property=\"og:url\" content=\"https:\/\/iberbrasil.org.br\/blog\/2025\/05\/31\/seja-um-associado-iber-e-descubra-como-praticas-verdes-transformam-seu-negocio\/\" \/>\n<meta property=\"og:site_name\" content=\"IBER\" \/>\n<meta property=\"article:published_time\" content=\"2025-05-31T10:01:36+00:00\" \/>\n<meta property=\"og:image\" content=\"https:\/\/iberbrasil.org.br\/blog\/wp-content\/uploads\/2025\/05\/Blog-4.jpg\" \/>\n\t<meta property=\"og:image:width\" content=\"1080\" \/>\n\t<meta property=\"og:image:height\" content=\"1080\" \/>\n\t<meta property=\"og:image:type\" content=\"image\/jpeg\" \/>\n<meta name=\"author\" content=\"admin\" \/>\n<meta name=\"twitter:card\" content=\"summary_large_image\" \/>\n<meta name=\"twitter:label1\" content=\"Escrito por\" \/>\n\t<meta name=\"twitter:data1\" content=\"admin\" \/>\n\t<meta name=\"twitter:label2\" content=\"Est. tempo de leitura\" \/>\n\t<meta name=\"twitter:data2\" content=\"5 minutos\" \/>\n<script type=\"application\/ld+json\" class=\"yoast-schema-graph\">{\"@context\":\"https:\\\/\\\/schema.org\",\"@graph\":[{\"@type\":\"Article\",\"@id\":\"https:\\\/\\\/iberbrasil.org.br\\\/blog\\\/2025\\\/05\\\/31\\\/seja-um-associado-iber-e-descubra-como-praticas-verdes-transformam-seu-negocio\\\/#article\",\"isPartOf\":{\"@id\":\"https:\\\/\\\/iberbrasil.org.br\\\/blog\\\/2025\\\/05\\\/31\\\/seja-um-associado-iber-e-descubra-como-praticas-verdes-transformam-seu-negocio\\\/\"},\"author\":{\"name\":\"admin\",\"@id\":\"\\\/#\\\/schema\\\/person\\\/a2f7e3afbce17246c983c91f86f4d7b8\"},\"headline\":\"Seja um associado IBER e descubra como pr\u00e1ticas verdes transformam seu neg\u00f3cio.\",\"datePublished\":\"2025-05-31T10:01:36+00:00\",\"mainEntityOfPage\":{\"@id\":\"https:\\\/\\\/iberbrasil.org.br\\\/blog\\\/2025\\\/05\\\/31\\\/seja-um-associado-iber-e-descubra-como-praticas-verdes-transformam-seu-negocio\\\/\"},\"wordCount\":937,\"commentCount\":0,\"publisher\":{\"@id\":\"\\\/#organization\"},\"image\":{\"@id\":\"https:\\\/\\\/iberbrasil.org.br\\\/blog\\\/2025\\\/05\\\/31\\\/seja-um-associado-iber-e-descubra-como-praticas-verdes-transformam-seu-negocio\\\/#primaryimage\"},\"thumbnailUrl\":\"https:\\\/\\\/iberbrasil.org.br\\\/blog\\\/wp-content\\\/uploads\\\/2025\\\/05\\\/Blog-4.jpg\",\"articleSection\":[\"Plano Nacional de Res\u00edduos S\u00f3lidos\"],\"inLanguage\":\"pt-BR\",\"potentialAction\":[{\"@type\":\"CommentAction\",\"name\":\"Comment\",\"target\":[\"https:\\\/\\\/iberbrasil.org.br\\\/blog\\\/2025\\\/05\\\/31\\\/seja-um-associado-iber-e-descubra-como-praticas-verdes-transformam-seu-negocio\\\/#respond\"]}]},{\"@type\":\"WebPage\",\"@id\":\"https:\\\/\\\/iberbrasil.org.br\\\/blog\\\/2025\\\/05\\\/31\\\/seja-um-associado-iber-e-descubra-como-praticas-verdes-transformam-seu-negocio\\\/\",\"url\":\"https:\\\/\\\/iberbrasil.org.br\\\/blog\\\/2025\\\/05\\\/31\\\/seja-um-associado-iber-e-descubra-como-praticas-verdes-transformam-seu-negocio\\\/\",\"name\":\"Seja um associado IBER e descubra como pr\u00e1ticas verdes transformam seu neg\u00f3cio. &#8226; IBER\",\"isPartOf\":{\"@id\":\"\\\/#website\"},\"primaryImageOfPage\":{\"@id\":\"https:\\\/\\\/iberbrasil.org.br\\\/blog\\\/2025\\\/05\\\/31\\\/seja-um-associado-iber-e-descubra-como-praticas-verdes-transformam-seu-negocio\\\/#primaryimage\"},\"image\":{\"@id\":\"https:\\\/\\\/iberbrasil.org.br\\\/blog\\\/2025\\\/05\\\/31\\\/seja-um-associado-iber-e-descubra-como-praticas-verdes-transformam-seu-negocio\\\/#primaryimage\"},\"thumbnailUrl\":\"https:\\\/\\\/iberbrasil.org.br\\\/blog\\\/wp-content\\\/uploads\\\/2025\\\/05\\\/Blog-4.jpg\",\"datePublished\":\"2025-05-31T10:01:36+00:00\",\"breadcrumb\":{\"@id\":\"https:\\\/\\\/iberbrasil.org.br\\\/blog\\\/2025\\\/05\\\/31\\\/seja-um-associado-iber-e-descubra-como-praticas-verdes-transformam-seu-negocio\\\/#breadcrumb\"},\"inLanguage\":\"pt-BR\",\"potentialAction\":[{\"@type\":\"ReadAction\",\"target\":[\"https:\\\/\\\/iberbrasil.org.br\\\/blog\\\/2025\\\/05\\\/31\\\/seja-um-associado-iber-e-descubra-como-praticas-verdes-transformam-seu-negocio\\\/\"]}]},{\"@type\":\"ImageObject\",\"inLanguage\":\"pt-BR\",\"@id\":\"https:\\\/\\\/iberbrasil.org.br\\\/blog\\\/2025\\\/05\\\/31\\\/seja-um-associado-iber-e-descubra-como-praticas-verdes-transformam-seu-negocio\\\/#primaryimage\",\"url\":\"https:\\\/\\\/iberbrasil.org.br\\\/blog\\\/wp-content\\\/uploads\\\/2025\\\/05\\\/Blog-4.jpg\",\"contentUrl\":\"https:\\\/\\\/iberbrasil.org.br\\\/blog\\\/wp-content\\\/uploads\\\/2025\\\/05\\\/Blog-4.jpg\",\"width\":1080,\"height\":1080},{\"@type\":\"BreadcrumbList\",\"@id\":\"https:\\\/\\\/iberbrasil.org.br\\\/blog\\\/2025\\\/05\\\/31\\\/seja-um-associado-iber-e-descubra-como-praticas-verdes-transformam-seu-negocio\\\/#breadcrumb\",\"itemListElement\":[{\"@type\":\"ListItem\",\"position\":1,\"name\":\"Home\",\"item\":\"https:\\\/\\\/iberbrasil.org.br\\\/blog\\\/\"},{\"@type\":\"ListItem\",\"position\":2,\"name\":\"Seja um associado IBER e descubra como pr\u00e1ticas verdes transformam seu neg\u00f3cio.\"}]},{\"@type\":\"WebSite\",\"@id\":\"\\\/#website\",\"url\":\"\\\/\",\"name\":\"IBER\",\"description\":\"Instituto Brasileiro de Energia Recicl\u00e1vel\",\"publisher\":{\"@id\":\"\\\/#organization\"},\"potentialAction\":[{\"@type\":\"SearchAction\",\"target\":{\"@type\":\"EntryPoint\",\"urlTemplate\":\"\\\/?s={search_term_string}\"},\"query-input\":{\"@type\":\"PropertyValueSpecification\",\"valueRequired\":true,\"valueName\":\"search_term_string\"}}],\"inLanguage\":\"pt-BR\"},{\"@type\":\"Organization\",\"@id\":\"\\\/#organization\",\"name\":\"IBER Brasil\",\"url\":\"\\\/\",\"logo\":{\"@type\":\"ImageObject\",\"inLanguage\":\"pt-BR\",\"@id\":\"\\\/#\\\/schema\\\/logo\\\/image\\\/\",\"url\":\"https:\\\/\\\/iberbrasil.org.br\\\/blog\\\/wp-content\\\/uploads\\\/2021\\\/01\\\/logo-iber-2.png\",\"contentUrl\":\"https:\\\/\\\/iberbrasil.org.br\\\/blog\\\/wp-content\\\/uploads\\\/2021\\\/01\\\/logo-iber-2.png\",\"width\":317,\"height\":86,\"caption\":\"IBER Brasil\"},\"image\":{\"@id\":\"\\\/#\\\/schema\\\/logo\\\/image\\\/\"}},{\"@type\":\"Person\",\"@id\":\"\\\/#\\\/schema\\\/person\\\/a2f7e3afbce17246c983c91f86f4d7b8\",\"name\":\"admin\",\"image\":{\"@type\":\"ImageObject\",\"inLanguage\":\"pt-BR\",\"@id\":\"https:\\\/\\\/secure.gravatar.com\\\/avatar\\\/fa001a3b411f2335327a3fcf246a92536d0ac705fdf27b3e43401b6e4ffe5710?s=96&d=blank&r=g\",\"url\":\"https:\\\/\\\/secure.gravatar.com\\\/avatar\\\/fa001a3b411f2335327a3fcf246a92536d0ac705fdf27b3e43401b6e4ffe5710?s=96&d=blank&r=g\",\"contentUrl\":\"https:\\\/\\\/secure.gravatar.com\\\/avatar\\\/fa001a3b411f2335327a3fcf246a92536d0ac705fdf27b3e43401b6e4ffe5710?s=96&d=blank&r=g\",\"caption\":\"admin\"},\"sameAs\":[\"https:\\\/\\\/iberbrasil.org.br\\\/blog\"],\"url\":\"https:\\\/\\\/iberbrasil.org.br\\\/blog\\\/author\\\/admin\\\/\"}]}<\/script>\n<!-- \/ Yoast SEO plugin. -->","yoast_head_json":{"title":"Seja um associado IBER e descubra como pr\u00e1ticas verdes transformam seu neg\u00f3cio. &#8226; IBER","robots":{"index":"index","follow":"follow","max-snippet":"max-snippet:-1","max-image-preview":"max-image-preview:large","max-video-preview":"max-video-preview:-1"},"canonical":"https:\/\/iberbrasil.org.br\/blog\/2025\/05\/31\/seja-um-associado-iber-e-descubra-como-praticas-verdes-transformam-seu-negocio\/","og_locale":"pt_BR","og_type":"article","og_title":"Seja um associado IBER e descubra como pr\u00e1ticas verdes transformam seu neg\u00f3cio. &#8226; IBER","og_description":"A sustentabilidade empresarial, al\u00e9m de reduzir custos, melhorar a imagem da empresa, tamb\u00e9m contribui para um futuro mais verde, a gest\u00e3o adequada de res\u00edduos \u00e9 fundamental para a contribui\u00e7\u00e3o para a economia circular. O cen\u00e1rio da sustentabilidade corporativa atualmente.\u00a0 Enfrentamos hoje um desafio \u00fanico ambiental e segundo os dados do Banco Mundial, a expectativa de [&hellip;]","og_url":"https:\/\/iberbrasil.org.br\/blog\/2025\/05\/31\/seja-um-associado-iber-e-descubra-como-praticas-verdes-transformam-seu-negocio\/","og_site_name":"IBER","article_published_time":"2025-05-31T10:01:36+00:00","og_image":[{"width":1080,"height":1080,"url":"https:\/\/iberbrasil.org.br\/blog\/wp-content\/uploads\/2025\/05\/Blog-4.jpg","type":"image\/jpeg"}],"author":"admin","twitter_card":"summary_large_image","twitter_misc":{"Escrito por":"admin","Est. tempo de leitura":"5 minutos"},"schema":{"@context":"https:\/\/schema.org","@graph":[{"@type":"Article","@id":"https:\/\/iberbrasil.org.br\/blog\/2025\/05\/31\/seja-um-associado-iber-e-descubra-como-praticas-verdes-transformam-seu-negocio\/#article","isPartOf":{"@id":"https:\/\/iberbrasil.org.br\/blog\/2025\/05\/31\/seja-um-associado-iber-e-descubra-como-praticas-verdes-transformam-seu-negocio\/"},"author":{"name":"admin","@id":"\/#\/schema\/person\/a2f7e3afbce17246c983c91f86f4d7b8"},"headline":"Seja um associado IBER e descubra como pr\u00e1ticas verdes transformam seu neg\u00f3cio.","datePublished":"2025-05-31T10:01:36+00:00","mainEntityOfPage":{"@id":"https:\/\/iberbrasil.org.br\/blog\/2025\/05\/31\/seja-um-associado-iber-e-descubra-como-praticas-verdes-transformam-seu-negocio\/"},"wordCount":937,"commentCount":0,"publisher":{"@id":"\/#organization"},"image":{"@id":"https:\/\/iberbrasil.org.br\/blog\/2025\/05\/31\/seja-um-associado-iber-e-descubra-como-praticas-verdes-transformam-seu-negocio\/#primaryimage"},"thumbnailUrl":"https:\/\/iberbrasil.org.br\/blog\/wp-content\/uploads\/2025\/05\/Blog-4.jpg","articleSection":["Plano Nacional de Res\u00edduos S\u00f3lidos"],"inLanguage":"pt-BR","potentialAction":[{"@type":"CommentAction","name":"Comment","target":["https:\/\/iberbrasil.org.br\/blog\/2025\/05\/31\/seja-um-associado-iber-e-descubra-como-praticas-verdes-transformam-seu-negocio\/#respond"]}]},{"@type":"WebPage","@id":"https:\/\/iberbrasil.org.br\/blog\/2025\/05\/31\/seja-um-associado-iber-e-descubra-como-praticas-verdes-transformam-seu-negocio\/","url":"https:\/\/iberbrasil.org.br\/blog\/2025\/05\/31\/seja-um-associado-iber-e-descubra-como-praticas-verdes-transformam-seu-negocio\/","name":"Seja um associado IBER e descubra como pr\u00e1ticas verdes transformam seu neg\u00f3cio. &#8226; IBER","isPartOf":{"@id":"\/#website"},"primaryImageOfPage":{"@id":"https:\/\/iberbrasil.org.br\/blog\/2025\/05\/31\/seja-um-associado-iber-e-descubra-como-praticas-verdes-transformam-seu-negocio\/#primaryimage"},"image":{"@id":"https:\/\/iberbrasil.org.br\/blog\/2025\/05\/31\/seja-um-associado-iber-e-descubra-como-praticas-verdes-transformam-seu-negocio\/#primaryimage"},"thumbnailUrl":"https:\/\/iberbrasil.org.br\/blog\/wp-content\/uploads\/2025\/05\/Blog-4.jpg","datePublished":"2025-05-31T10:01:36+00:00","breadcrumb":{"@id":"https:\/\/iberbrasil.org.br\/blog\/2025\/05\/31\/seja-um-associado-iber-e-descubra-como-praticas-verdes-transformam-seu-negocio\/#breadcrumb"},"inLanguage":"pt-BR","potentialAction":[{"@type":"ReadAction","target":["https:\/\/iberbrasil.org.br\/blog\/2025\/05\/31\/seja-um-associado-iber-e-descubra-como-praticas-verdes-transformam-seu-negocio\/"]}]},{"@type":"ImageObject","inLanguage":"pt-BR","@id":"https:\/\/iberbrasil.org.br\/blog\/2025\/05\/31\/seja-um-associado-iber-e-descubra-como-praticas-verdes-transformam-seu-negocio\/#primaryimage","url":"https:\/\/iberbrasil.org.br\/blog\/wp-content\/uploads\/2025\/05\/Blog-4.jpg","contentUrl":"https:\/\/iberbrasil.org.br\/blog\/wp-content\/uploads\/2025\/05\/Blog-4.jpg","width":1080,"height":1080},{"@type":"BreadcrumbList","@id":"https:\/\/iberbrasil.org.br\/blog\/2025\/05\/31\/seja-um-associado-iber-e-descubra-como-praticas-verdes-transformam-seu-negocio\/#breadcrumb","itemListElement":[{"@type":"ListItem","position":1,"name":"Home","item":"https:\/\/iberbrasil.org.br\/blog\/"},{"@type":"ListItem","position":2,"name":"Seja um associado IBER e descubra como pr\u00e1ticas verdes transformam seu neg\u00f3cio."}]},{"@type":"WebSite","@id":"\/#website","url":"\/","name":"IBER","description":"Instituto Brasileiro de Energia Recicl\u00e1vel","publisher":{"@id":"\/#organization"},"potentialAction":[{"@type":"SearchAction","target":{"@type":"EntryPoint","urlTemplate":"\/?s={search_term_string}"},"query-input":{"@type":"PropertyValueSpecification","valueRequired":true,"valueName":"search_term_string"}}],"inLanguage":"pt-BR"},{"@type":"Organization","@id":"\/#organization","name":"IBER Brasil","url":"\/","logo":{"@type":"ImageObject","inLanguage":"pt-BR","@id":"\/#\/schema\/logo\/image\/","url":"https:\/\/iberbrasil.org.br\/blog\/wp-content\/uploads\/2021\/01\/logo-iber-2.png","contentUrl":"https:\/\/iberbrasil.org.br\/blog\/wp-content\/uploads\/2021\/01\/logo-iber-2.png","width":317,"height":86,"caption":"IBER Brasil"},"image":{"@id":"\/#\/schema\/logo\/image\/"}},{"@type":"Person","@id":"\/#\/schema\/person\/a2f7e3afbce17246c983c91f86f4d7b8","name":"admin","image":{"@type":"ImageObject","inLanguage":"pt-BR","@id":"https:\/\/secure.gravatar.com\/avatar\/fa001a3b411f2335327a3fcf246a92536d0ac705fdf27b3e43401b6e4ffe5710?s=96&d=blank&r=g","url":"https:\/\/secure.gravatar.com\/avatar\/fa001a3b411f2335327a3fcf246a92536d0ac705fdf27b3e43401b6e4ffe5710?s=96&d=blank&r=g","contentUrl":"https:\/\/secure.gravatar.com\/avatar\/fa001a3b411f2335327a3fcf246a92536d0ac705fdf27b3e43401b6e4ffe5710?s=96&d=blank&r=g","caption":"admin"},"sameAs":["https:\/\/iberbrasil.org.br\/blog"],"url":"https:\/\/iberbrasil.org.br\/blog\/author\/admin\/"}]}},"_links":{"self":[{"href":"https:\/\/iberbrasil.org.br\/blog\/wp-json\/wp\/v2\/posts\/12474","targetHints":{"allow":["GET"]}}],"collection":[{"href":"https:\/\/iberbrasil.org.br\/blog\/wp-json\/wp\/v2\/posts"}],"about":[{"href":"https:\/\/iberbrasil.org.br\/blog\/wp-json\/wp\/v2\/types\/post"}],"author":[{"embeddable":true,"href":"https:\/\/iberbrasil.org.br\/blog\/wp-json\/wp\/v2\/users\/1"}],"replies":[{"embeddable":true,"href":"https:\/\/iberbrasil.org.br\/blog\/wp-json\/wp\/v2\/comments?post=12474"}],"version-history":[{"count":1,"href":"https:\/\/iberbrasil.org.br\/blog\/wp-json\/wp\/v2\/posts\/12474\/revisions"}],"predecessor-version":[{"id":12476,"href":"https:\/\/iberbrasil.org.br\/blog\/wp-json\/wp\/v2\/posts\/12474\/revisions\/12476"}],"wp:featuredmedia":[{"embeddable":true,"href":"https:\/\/iberbrasil.org.br\/blog\/wp-json\/wp\/v2\/media\/12475"}],"wp:attachment":[{"href":"https:\/\/iberbrasil.org.br\/blog\/wp-json\/wp\/v2\/media?parent=12474"}],"wp:term":[{"taxonomy":"category","embeddable":true,"href":"https:\/\/iberbrasil.org.br\/blog\/wp-json\/wp\/v2\/categories?post=12474"},{"taxonomy":"post_tag","embeddable":true,"href":"https:\/\/iberbrasil.org.br\/blog\/wp-json\/wp\/v2\/tags?post=12474"}],"curies":[{"name":"wp","href":"https:\/\/api.w.org\/{rel}","templated":true}]}}