{"id":12439,"date":"2025-03-24T13:57:05","date_gmt":"2025-03-24T16:57:05","guid":{"rendered":"https:\/\/iberbrasil.org.br\/blog\/?p=12439"},"modified":"2025-03-24T13:57:05","modified_gmt":"2025-03-24T16:57:05","slug":"entenda-hoje-o-que-e-economia-circular","status":"publish","type":"post","link":"https:\/\/iberbrasil.org.br\/blog\/2025\/03\/24\/entenda-hoje-o-que-e-economia-circular\/","title":{"rendered":"Entenda hoje o que \u00e9 Economia Circular"},"content":{"rendered":"<p><i><span style=\"font-weight: 400;\"><img fetchpriority=\"high\" decoding=\"async\" class=\"size-medium wp-image-12440 alignright\" src=\"https:\/\/iberbrasil.org.br\/blog\/wp-content\/uploads\/2025\/03\/Blog-2-300x300.jpg\" alt=\"\" width=\"300\" height=\"300\" srcset=\"https:\/\/iberbrasil.org.br\/blog\/wp-content\/uploads\/2025\/03\/Blog-2-300x300.jpg 300w, https:\/\/iberbrasil.org.br\/blog\/wp-content\/uploads\/2025\/03\/Blog-2-1024x1024.jpg 1024w, https:\/\/iberbrasil.org.br\/blog\/wp-content\/uploads\/2025\/03\/Blog-2-150x150.jpg 150w, https:\/\/iberbrasil.org.br\/blog\/wp-content\/uploads\/2025\/03\/Blog-2-768x768.jpg 768w, https:\/\/iberbrasil.org.br\/blog\/wp-content\/uploads\/2025\/03\/Blog-2.jpg 1080w\" sizes=\"(max-width: 300px) 100vw, 300px\" \/>A economia circular transforma as ind\u00fastrias brasileiras, e promove a efici\u00eancia operacional e sustentabilidade, com o apoio do IBER, as empresas adotam pr\u00e1ticas alinhadas \u00e0 PNRS e log\u00edstica reversa com mais facilidade.<\/span><\/i><\/p>\n<p><span style=\"font-weight: 400;\">A Economia Circular tem se consolidado como um modelo fundamental para as ind\u00fastrias brasileiras que buscam melhorar sua efici\u00eancia operacional e atender \u00e0s demandas de consumidores por pr\u00e1ticas sustent\u00e1veis.<\/span><\/p>\n<p><span style=\"font-weight: 400;\">Segundo um estudo da Confedera\u00e7\u00e3o Nacional da Ind\u00fastria (CNI), 76,5% das empresas industriais no Brasil implementam ao menos uma pr\u00e1tica relacionada \u00e0 economia circular, mas ainda assim, muitas desconhecem os reais impactos ambientais dessas iniciativas, e o que a economia circular \u00e9 de fato.<\/span><\/p>\n<p><b>Economia Circular nas Ind\u00fastrias Brasileiras<\/b><\/p>\n<p><span style=\"font-weight: 400;\">Indo al\u00e9m da otimiza\u00e7\u00e3o de processos, o conceito de economia circular envolve o planejamento estrat\u00e9gico com objetivo de tornar o uso de recursos naturais mais eficiente, minimizando desperd\u00edcios e incentivando a reciclagem e reutiliza\u00e7\u00e3o, no Brasil, muitas ind\u00fastrias que adotam pr\u00e1ticas sustent\u00e1veis, t\u00eam como foco principal a efici\u00eancia operacional.<\/span><\/p>\n<p><span style=\"font-weight: 400;\">Segundo o estudo da CNI, as principais a\u00e7\u00f5es de economia circular incluem:<\/span><\/p>\n<ul>\n<li style=\"font-weight: 400;\" aria-level=\"1\"><b>Otimiza\u00e7\u00e3o de processos:<\/b><span style=\"font-weight: 400;\"> 56,5% destas empresas implementam programas para apenas aumentar a efici\u00eancia operacional.<\/span><\/li>\n<li style=\"font-weight: 400;\" aria-level=\"1\"><b>Novos neg\u00f3cios:<\/b><span style=\"font-weight: 400;\"> 41,5% das empresas buscam oportunidades para expandir as suas opera\u00e7\u00f5es sustent\u00e1veis.<\/span><\/li>\n<li style=\"font-weight: 400;\" aria-level=\"1\"><b>Atendimento \u00e0 demanda dos clientes:<\/b><span style=\"font-weight: 400;\"> 20,8% das ind\u00fastrias continuam com as exig\u00eancias de consumidores em busca de solu\u00e7\u00f5es sustent\u00e1veis.<\/span><\/li>\n<\/ul>\n<p><span style=\"font-weight: 400;\">Muitas vezes essas iniciativas que s\u00e3o focadas em melhorar a produtividade e reduzir custos, acabam se alinhando aos princ\u00edpios da economia circular, como exemplificado pela ado\u00e7\u00e3o de normas como a ISO 14000, que inclui pr\u00e1ticas como log\u00edstica reversa, otimiza\u00e7\u00e3o do ciclo de vida dos produtos e conceitos como lean manufacturing.<\/span><\/p>\n<p><b>O IBER na consolida\u00e7\u00e3o da Economia Circular<\/b><\/p>\n<p><span style=\"font-weight: 400;\">O IBER \u00e9 um dos principais aliados das empresas que buscam avan\u00e7ar na implementa\u00e7\u00e3o de pr\u00e1ticas de economia circular, com um sistema de log\u00edstica reversa de \u00faltima gera\u00e7\u00e3o e suporte t\u00e9cnico especializado, al\u00e9m de contribuir diretamente para a conformidade com a PNRS, garantindo que as empresas adotem pr\u00e1ticas mais sustent\u00e1veis e eficientes.<\/span><\/p>\n<p><span style=\"font-weight: 400;\">As empresas associadas ao IBER contam com um acompanhamento completo para consolidar suas iniciativas de reciclagem, reutiliza\u00e7\u00e3o e redu\u00e7\u00e3o de res\u00edduos, promovendo assim a transi\u00e7\u00e3o para uma economia circular, que demonstra compromisso com a sustentabilidade e a responsabilidade ambiental, fortalecendo sua posi\u00e7\u00e3o no mercado e melhorando sua imagem junto aos consumidores e investidores.<\/span><\/p>\n<p><b>O que o futuro aguarda?<\/b><\/p>\n<p><span style=\"font-weight: 400;\">A economia circular \u00e9 uma jornada que n\u00e3o para, as ind\u00fastrias brasileiras enfrentam novos desafios para ampliar suas pr\u00e1ticas sustent\u00e1veis sem comprometer sua competitividade, como o estudo da CNI diz, \u00e9 fundamental que estas empresas incorporem pr\u00e1ticas de economia circular ao seu modelo de neg\u00f3cios, para atender \u00e0s expectativas dos consumidores, e principalmente para contribuir para o equil\u00edbrio ambiental global.<\/span><\/p>\n<p><br style=\"font-weight: 400;\" \/><br style=\"font-weight: 400;\" \/><\/p>\n","protected":false},"excerpt":{"rendered":"<p>A economia circular transforma as ind\u00fastrias brasileiras, e promove a efici\u00eancia operacional e sustentabilidade, com o apoio do IBER, as empresas adotam pr\u00e1ticas alinhadas \u00e0 PNRS e log\u00edstica reversa com mais facilidade. A Economia Circular tem se consolidado como um modelo fundamental para as ind\u00fastrias brasileiras que buscam melhorar sua efici\u00eancia operacional e atender \u00e0s [&hellip;]<\/p>\n","protected":false},"author":1,"featured_media":12440,"comment_status":"open","ping_status":"open","sticky":false,"template":"","format":"standard","meta":{"footnotes":""},"categories":[30],"tags":[],"class_list":["post-12439","post","type-post","status-publish","format-standard","has-post-thumbnail","hentry","category-ambiental"],"yoast_head":"<!-- This site is optimized with the Yoast SEO plugin v27.3 - https:\/\/yoast.com\/product\/yoast-seo-wordpress\/ -->\n<title>Entenda hoje o que \u00e9 Economia Circular &#8226; IBER<\/title>\n<meta name=\"robots\" content=\"index, follow, max-snippet:-1, max-image-preview:large, max-video-preview:-1\" \/>\n<link rel=\"canonical\" href=\"https:\/\/iberbrasil.org.br\/blog\/2025\/03\/24\/entenda-hoje-o-que-e-economia-circular\/\" \/>\n<meta property=\"og:locale\" content=\"pt_BR\" \/>\n<meta property=\"og:type\" content=\"article\" \/>\n<meta property=\"og:title\" content=\"Entenda hoje o que \u00e9 Economia Circular &#8226; IBER\" \/>\n<meta property=\"og:description\" content=\"A economia circular transforma as ind\u00fastrias brasileiras, e promove a efici\u00eancia operacional e sustentabilidade, com o apoio do IBER, as empresas adotam pr\u00e1ticas alinhadas \u00e0 PNRS e log\u00edstica reversa com mais facilidade. A Economia Circular tem se consolidado como um modelo fundamental para as ind\u00fastrias brasileiras que buscam melhorar sua efici\u00eancia operacional e atender \u00e0s [&hellip;]\" \/>\n<meta property=\"og:url\" content=\"https:\/\/iberbrasil.org.br\/blog\/2025\/03\/24\/entenda-hoje-o-que-e-economia-circular\/\" \/>\n<meta property=\"og:site_name\" content=\"IBER\" \/>\n<meta property=\"article:published_time\" content=\"2025-03-24T16:57:05+00:00\" \/>\n<meta property=\"og:image\" content=\"https:\/\/iberbrasil.org.br\/blog\/wp-content\/uploads\/2025\/03\/Blog-2.jpg\" \/>\n\t<meta property=\"og:image:width\" content=\"1080\" \/>\n\t<meta property=\"og:image:height\" content=\"1080\" \/>\n\t<meta property=\"og:image:type\" content=\"image\/jpeg\" \/>\n<meta name=\"author\" content=\"admin\" \/>\n<meta name=\"twitter:card\" content=\"summary_large_image\" \/>\n<meta name=\"twitter:label1\" content=\"Escrito por\" \/>\n\t<meta name=\"twitter:data1\" content=\"admin\" \/>\n\t<meta name=\"twitter:label2\" content=\"Est. tempo de leitura\" \/>\n\t<meta name=\"twitter:data2\" content=\"2 minutos\" \/>\n<script type=\"application\/ld+json\" class=\"yoast-schema-graph\">{\"@context\":\"https:\\\/\\\/schema.org\",\"@graph\":[{\"@type\":\"Article\",\"@id\":\"https:\\\/\\\/iberbrasil.org.br\\\/blog\\\/2025\\\/03\\\/24\\\/entenda-hoje-o-que-e-economia-circular\\\/#article\",\"isPartOf\":{\"@id\":\"https:\\\/\\\/iberbrasil.org.br\\\/blog\\\/2025\\\/03\\\/24\\\/entenda-hoje-o-que-e-economia-circular\\\/\"},\"author\":{\"name\":\"admin\",\"@id\":\"\\\/#\\\/schema\\\/person\\\/a2f7e3afbce17246c983c91f86f4d7b8\"},\"headline\":\"Entenda hoje o que \u00e9 Economia Circular\",\"datePublished\":\"2025-03-24T16:57:05+00:00\",\"mainEntityOfPage\":{\"@id\":\"https:\\\/\\\/iberbrasil.org.br\\\/blog\\\/2025\\\/03\\\/24\\\/entenda-hoje-o-que-e-economia-circular\\\/\"},\"wordCount\":498,\"commentCount\":0,\"publisher\":{\"@id\":\"\\\/#organization\"},\"image\":{\"@id\":\"https:\\\/\\\/iberbrasil.org.br\\\/blog\\\/2025\\\/03\\\/24\\\/entenda-hoje-o-que-e-economia-circular\\\/#primaryimage\"},\"thumbnailUrl\":\"https:\\\/\\\/iberbrasil.org.br\\\/blog\\\/wp-content\\\/uploads\\\/2025\\\/03\\\/Blog-2.jpg\",\"articleSection\":[\"Ambiental\"],\"inLanguage\":\"pt-BR\",\"potentialAction\":[{\"@type\":\"CommentAction\",\"name\":\"Comment\",\"target\":[\"https:\\\/\\\/iberbrasil.org.br\\\/blog\\\/2025\\\/03\\\/24\\\/entenda-hoje-o-que-e-economia-circular\\\/#respond\"]}]},{\"@type\":\"WebPage\",\"@id\":\"https:\\\/\\\/iberbrasil.org.br\\\/blog\\\/2025\\\/03\\\/24\\\/entenda-hoje-o-que-e-economia-circular\\\/\",\"url\":\"https:\\\/\\\/iberbrasil.org.br\\\/blog\\\/2025\\\/03\\\/24\\\/entenda-hoje-o-que-e-economia-circular\\\/\",\"name\":\"Entenda hoje o que \u00e9 Economia Circular &#8226; IBER\",\"isPartOf\":{\"@id\":\"\\\/#website\"},\"primaryImageOfPage\":{\"@id\":\"https:\\\/\\\/iberbrasil.org.br\\\/blog\\\/2025\\\/03\\\/24\\\/entenda-hoje-o-que-e-economia-circular\\\/#primaryimage\"},\"image\":{\"@id\":\"https:\\\/\\\/iberbrasil.org.br\\\/blog\\\/2025\\\/03\\\/24\\\/entenda-hoje-o-que-e-economia-circular\\\/#primaryimage\"},\"thumbnailUrl\":\"https:\\\/\\\/iberbrasil.org.br\\\/blog\\\/wp-content\\\/uploads\\\/2025\\\/03\\\/Blog-2.jpg\",\"datePublished\":\"2025-03-24T16:57:05+00:00\",\"breadcrumb\":{\"@id\":\"https:\\\/\\\/iberbrasil.org.br\\\/blog\\\/2025\\\/03\\\/24\\\/entenda-hoje-o-que-e-economia-circular\\\/#breadcrumb\"},\"inLanguage\":\"pt-BR\",\"potentialAction\":[{\"@type\":\"ReadAction\",\"target\":[\"https:\\\/\\\/iberbrasil.org.br\\\/blog\\\/2025\\\/03\\\/24\\\/entenda-hoje-o-que-e-economia-circular\\\/\"]}]},{\"@type\":\"ImageObject\",\"inLanguage\":\"pt-BR\",\"@id\":\"https:\\\/\\\/iberbrasil.org.br\\\/blog\\\/2025\\\/03\\\/24\\\/entenda-hoje-o-que-e-economia-circular\\\/#primaryimage\",\"url\":\"https:\\\/\\\/iberbrasil.org.br\\\/blog\\\/wp-content\\\/uploads\\\/2025\\\/03\\\/Blog-2.jpg\",\"contentUrl\":\"https:\\\/\\\/iberbrasil.org.br\\\/blog\\\/wp-content\\\/uploads\\\/2025\\\/03\\\/Blog-2.jpg\",\"width\":1080,\"height\":1080},{\"@type\":\"BreadcrumbList\",\"@id\":\"https:\\\/\\\/iberbrasil.org.br\\\/blog\\\/2025\\\/03\\\/24\\\/entenda-hoje-o-que-e-economia-circular\\\/#breadcrumb\",\"itemListElement\":[{\"@type\":\"ListItem\",\"position\":1,\"name\":\"Home\",\"item\":\"https:\\\/\\\/iberbrasil.org.br\\\/blog\\\/\"},{\"@type\":\"ListItem\",\"position\":2,\"name\":\"Entenda hoje o que \u00e9 Economia Circular\"}]},{\"@type\":\"WebSite\",\"@id\":\"\\\/#website\",\"url\":\"\\\/\",\"name\":\"IBER\",\"description\":\"Instituto Brasileiro de Energia Recicl\u00e1vel\",\"publisher\":{\"@id\":\"\\\/#organization\"},\"potentialAction\":[{\"@type\":\"SearchAction\",\"target\":{\"@type\":\"EntryPoint\",\"urlTemplate\":\"\\\/?s={search_term_string}\"},\"query-input\":{\"@type\":\"PropertyValueSpecification\",\"valueRequired\":true,\"valueName\":\"search_term_string\"}}],\"inLanguage\":\"pt-BR\"},{\"@type\":\"Organization\",\"@id\":\"\\\/#organization\",\"name\":\"IBER Brasil\",\"url\":\"\\\/\",\"logo\":{\"@type\":\"ImageObject\",\"inLanguage\":\"pt-BR\",\"@id\":\"\\\/#\\\/schema\\\/logo\\\/image\\\/\",\"url\":\"https:\\\/\\\/iberbrasil.org.br\\\/blog\\\/wp-content\\\/uploads\\\/2021\\\/01\\\/logo-iber-2.png\",\"contentUrl\":\"https:\\\/\\\/iberbrasil.org.br\\\/blog\\\/wp-content\\\/uploads\\\/2021\\\/01\\\/logo-iber-2.png\",\"width\":317,\"height\":86,\"caption\":\"IBER Brasil\"},\"image\":{\"@id\":\"\\\/#\\\/schema\\\/logo\\\/image\\\/\"}},{\"@type\":\"Person\",\"@id\":\"\\\/#\\\/schema\\\/person\\\/a2f7e3afbce17246c983c91f86f4d7b8\",\"name\":\"admin\",\"image\":{\"@type\":\"ImageObject\",\"inLanguage\":\"pt-BR\",\"@id\":\"https:\\\/\\\/secure.gravatar.com\\\/avatar\\\/fa001a3b411f2335327a3fcf246a92536d0ac705fdf27b3e43401b6e4ffe5710?s=96&d=blank&r=g\",\"url\":\"https:\\\/\\\/secure.gravatar.com\\\/avatar\\\/fa001a3b411f2335327a3fcf246a92536d0ac705fdf27b3e43401b6e4ffe5710?s=96&d=blank&r=g\",\"contentUrl\":\"https:\\\/\\\/secure.gravatar.com\\\/avatar\\\/fa001a3b411f2335327a3fcf246a92536d0ac705fdf27b3e43401b6e4ffe5710?s=96&d=blank&r=g\",\"caption\":\"admin\"},\"sameAs\":[\"https:\\\/\\\/iberbrasil.org.br\\\/blog\"],\"url\":\"https:\\\/\\\/iberbrasil.org.br\\\/blog\\\/author\\\/admin\\\/\"}]}<\/script>\n<!-- \/ Yoast SEO plugin. -->","yoast_head_json":{"title":"Entenda hoje o que \u00e9 Economia Circular &#8226; IBER","robots":{"index":"index","follow":"follow","max-snippet":"max-snippet:-1","max-image-preview":"max-image-preview:large","max-video-preview":"max-video-preview:-1"},"canonical":"https:\/\/iberbrasil.org.br\/blog\/2025\/03\/24\/entenda-hoje-o-que-e-economia-circular\/","og_locale":"pt_BR","og_type":"article","og_title":"Entenda hoje o que \u00e9 Economia Circular &#8226; IBER","og_description":"A economia circular transforma as ind\u00fastrias brasileiras, e promove a efici\u00eancia operacional e sustentabilidade, com o apoio do IBER, as empresas adotam pr\u00e1ticas alinhadas \u00e0 PNRS e log\u00edstica reversa com mais facilidade. A Economia Circular tem se consolidado como um modelo fundamental para as ind\u00fastrias brasileiras que buscam melhorar sua efici\u00eancia operacional e atender \u00e0s [&hellip;]","og_url":"https:\/\/iberbrasil.org.br\/blog\/2025\/03\/24\/entenda-hoje-o-que-e-economia-circular\/","og_site_name":"IBER","article_published_time":"2025-03-24T16:57:05+00:00","og_image":[{"width":1080,"height":1080,"url":"https:\/\/iberbrasil.org.br\/blog\/wp-content\/uploads\/2025\/03\/Blog-2.jpg","type":"image\/jpeg"}],"author":"admin","twitter_card":"summary_large_image","twitter_misc":{"Escrito por":"admin","Est. tempo de leitura":"2 minutos"},"schema":{"@context":"https:\/\/schema.org","@graph":[{"@type":"Article","@id":"https:\/\/iberbrasil.org.br\/blog\/2025\/03\/24\/entenda-hoje-o-que-e-economia-circular\/#article","isPartOf":{"@id":"https:\/\/iberbrasil.org.br\/blog\/2025\/03\/24\/entenda-hoje-o-que-e-economia-circular\/"},"author":{"name":"admin","@id":"\/#\/schema\/person\/a2f7e3afbce17246c983c91f86f4d7b8"},"headline":"Entenda hoje o que \u00e9 Economia Circular","datePublished":"2025-03-24T16:57:05+00:00","mainEntityOfPage":{"@id":"https:\/\/iberbrasil.org.br\/blog\/2025\/03\/24\/entenda-hoje-o-que-e-economia-circular\/"},"wordCount":498,"commentCount":0,"publisher":{"@id":"\/#organization"},"image":{"@id":"https:\/\/iberbrasil.org.br\/blog\/2025\/03\/24\/entenda-hoje-o-que-e-economia-circular\/#primaryimage"},"thumbnailUrl":"https:\/\/iberbrasil.org.br\/blog\/wp-content\/uploads\/2025\/03\/Blog-2.jpg","articleSection":["Ambiental"],"inLanguage":"pt-BR","potentialAction":[{"@type":"CommentAction","name":"Comment","target":["https:\/\/iberbrasil.org.br\/blog\/2025\/03\/24\/entenda-hoje-o-que-e-economia-circular\/#respond"]}]},{"@type":"WebPage","@id":"https:\/\/iberbrasil.org.br\/blog\/2025\/03\/24\/entenda-hoje-o-que-e-economia-circular\/","url":"https:\/\/iberbrasil.org.br\/blog\/2025\/03\/24\/entenda-hoje-o-que-e-economia-circular\/","name":"Entenda hoje o que \u00e9 Economia Circular &#8226; IBER","isPartOf":{"@id":"\/#website"},"primaryImageOfPage":{"@id":"https:\/\/iberbrasil.org.br\/blog\/2025\/03\/24\/entenda-hoje-o-que-e-economia-circular\/#primaryimage"},"image":{"@id":"https:\/\/iberbrasil.org.br\/blog\/2025\/03\/24\/entenda-hoje-o-que-e-economia-circular\/#primaryimage"},"thumbnailUrl":"https:\/\/iberbrasil.org.br\/blog\/wp-content\/uploads\/2025\/03\/Blog-2.jpg","datePublished":"2025-03-24T16:57:05+00:00","breadcrumb":{"@id":"https:\/\/iberbrasil.org.br\/blog\/2025\/03\/24\/entenda-hoje-o-que-e-economia-circular\/#breadcrumb"},"inLanguage":"pt-BR","potentialAction":[{"@type":"ReadAction","target":["https:\/\/iberbrasil.org.br\/blog\/2025\/03\/24\/entenda-hoje-o-que-e-economia-circular\/"]}]},{"@type":"ImageObject","inLanguage":"pt-BR","@id":"https:\/\/iberbrasil.org.br\/blog\/2025\/03\/24\/entenda-hoje-o-que-e-economia-circular\/#primaryimage","url":"https:\/\/iberbrasil.org.br\/blog\/wp-content\/uploads\/2025\/03\/Blog-2.jpg","contentUrl":"https:\/\/iberbrasil.org.br\/blog\/wp-content\/uploads\/2025\/03\/Blog-2.jpg","width":1080,"height":1080},{"@type":"BreadcrumbList","@id":"https:\/\/iberbrasil.org.br\/blog\/2025\/03\/24\/entenda-hoje-o-que-e-economia-circular\/#breadcrumb","itemListElement":[{"@type":"ListItem","position":1,"name":"Home","item":"https:\/\/iberbrasil.org.br\/blog\/"},{"@type":"ListItem","position":2,"name":"Entenda hoje o que \u00e9 Economia Circular"}]},{"@type":"WebSite","@id":"\/#website","url":"\/","name":"IBER","description":"Instituto Brasileiro de Energia Recicl\u00e1vel","publisher":{"@id":"\/#organization"},"potentialAction":[{"@type":"SearchAction","target":{"@type":"EntryPoint","urlTemplate":"\/?s={search_term_string}"},"query-input":{"@type":"PropertyValueSpecification","valueRequired":true,"valueName":"search_term_string"}}],"inLanguage":"pt-BR"},{"@type":"Organization","@id":"\/#organization","name":"IBER Brasil","url":"\/","logo":{"@type":"ImageObject","inLanguage":"pt-BR","@id":"\/#\/schema\/logo\/image\/","url":"https:\/\/iberbrasil.org.br\/blog\/wp-content\/uploads\/2021\/01\/logo-iber-2.png","contentUrl":"https:\/\/iberbrasil.org.br\/blog\/wp-content\/uploads\/2021\/01\/logo-iber-2.png","width":317,"height":86,"caption":"IBER Brasil"},"image":{"@id":"\/#\/schema\/logo\/image\/"}},{"@type":"Person","@id":"\/#\/schema\/person\/a2f7e3afbce17246c983c91f86f4d7b8","name":"admin","image":{"@type":"ImageObject","inLanguage":"pt-BR","@id":"https:\/\/secure.gravatar.com\/avatar\/fa001a3b411f2335327a3fcf246a92536d0ac705fdf27b3e43401b6e4ffe5710?s=96&d=blank&r=g","url":"https:\/\/secure.gravatar.com\/avatar\/fa001a3b411f2335327a3fcf246a92536d0ac705fdf27b3e43401b6e4ffe5710?s=96&d=blank&r=g","contentUrl":"https:\/\/secure.gravatar.com\/avatar\/fa001a3b411f2335327a3fcf246a92536d0ac705fdf27b3e43401b6e4ffe5710?s=96&d=blank&r=g","caption":"admin"},"sameAs":["https:\/\/iberbrasil.org.br\/blog"],"url":"https:\/\/iberbrasil.org.br\/blog\/author\/admin\/"}]}},"_links":{"self":[{"href":"https:\/\/iberbrasil.org.br\/blog\/wp-json\/wp\/v2\/posts\/12439","targetHints":{"allow":["GET"]}}],"collection":[{"href":"https:\/\/iberbrasil.org.br\/blog\/wp-json\/wp\/v2\/posts"}],"about":[{"href":"https:\/\/iberbrasil.org.br\/blog\/wp-json\/wp\/v2\/types\/post"}],"author":[{"embeddable":true,"href":"https:\/\/iberbrasil.org.br\/blog\/wp-json\/wp\/v2\/users\/1"}],"replies":[{"embeddable":true,"href":"https:\/\/iberbrasil.org.br\/blog\/wp-json\/wp\/v2\/comments?post=12439"}],"version-history":[{"count":1,"href":"https:\/\/iberbrasil.org.br\/blog\/wp-json\/wp\/v2\/posts\/12439\/revisions"}],"predecessor-version":[{"id":12441,"href":"https:\/\/iberbrasil.org.br\/blog\/wp-json\/wp\/v2\/posts\/12439\/revisions\/12441"}],"wp:featuredmedia":[{"embeddable":true,"href":"https:\/\/iberbrasil.org.br\/blog\/wp-json\/wp\/v2\/media\/12440"}],"wp:attachment":[{"href":"https:\/\/iberbrasil.org.br\/blog\/wp-json\/wp\/v2\/media?parent=12439"}],"wp:term":[{"taxonomy":"category","embeddable":true,"href":"https:\/\/iberbrasil.org.br\/blog\/wp-json\/wp\/v2\/categories?post=12439"},{"taxonomy":"post_tag","embeddable":true,"href":"https:\/\/iberbrasil.org.br\/blog\/wp-json\/wp\/v2\/tags?post=12439"}],"curies":[{"name":"wp","href":"https:\/\/api.w.org\/{rel}","templated":true}]}}