{"id":12321,"date":"2024-08-06T13:01:17","date_gmt":"2024-08-06T16:01:17","guid":{"rendered":"https:\/\/iberbrasil.org.br\/blog\/?p=12321"},"modified":"2024-08-06T11:47:59","modified_gmt":"2024-08-06T14:47:59","slug":"resultados-iber-2023-regiao-sudeste","status":"publish","type":"post","link":"https:\/\/iberbrasil.org.br\/blog\/2024\/08\/06\/resultados-iber-2023-regiao-sudeste\/","title":{"rendered":"Resultados IBER 2023 &#8211; Regi\u00e3o Sudeste"},"content":{"rendered":"<p style=\"font-weight: 400;\"><img fetchpriority=\"high\" decoding=\"async\" class=\"size-medium wp-image-12322 alignleft\" src=\"https:\/\/iberbrasil.org.br\/blog\/wp-content\/uploads\/2024\/08\/IBER_Resultados_Sudeste-300x300.jpg\" alt=\"\" width=\"300\" height=\"300\" srcset=\"https:\/\/iberbrasil.org.br\/blog\/wp-content\/uploads\/2024\/08\/IBER_Resultados_Sudeste-300x300.jpg 300w, https:\/\/iberbrasil.org.br\/blog\/wp-content\/uploads\/2024\/08\/IBER_Resultados_Sudeste-1024x1024.jpg 1024w, https:\/\/iberbrasil.org.br\/blog\/wp-content\/uploads\/2024\/08\/IBER_Resultados_Sudeste-150x150.jpg 150w, https:\/\/iberbrasil.org.br\/blog\/wp-content\/uploads\/2024\/08\/IBER_Resultados_Sudeste-768x768.jpg 768w, https:\/\/iberbrasil.org.br\/blog\/wp-content\/uploads\/2024\/08\/IBER_Resultados_Sudeste.jpg 1080w\" sizes=\"(max-width: 300px) 100vw, 300px\" \/>Na regi\u00e3o Sudeste o IBER possui Termo de Compromisso com Esp\u00edrito Santo (ES), Minas Gerais (MG), Rio de Janeiro (RJ) e S\u00e3o Paulo (SP). A log\u00edstica reversa de baterias chumbo-\u00e1cido \u00e9 uma pr\u00e1tica essencial para a sustentabilidade ambiental e a conformidade com regulamentos ambientais. Esse processo envolve a coleta, o transporte, o tratamento e a reciclagem adequada dessas baterias, que cont\u00eam subst\u00e2ncias t\u00f3xicas e perigosas, como chumbo e \u00e1cido sulf\u00farico. A seguir, seguem os resultados obtidos em Log\u00edstica Reversa de Baterias Chumbo-\u00e1cido IBER no ano de 2023.<\/p>\n<p style=\"font-weight: 400;\">A regi\u00e3o Sudeste tem o maior volume de movimenta\u00e7\u00e3o de baterias chumbo-\u00e1cido no Brasil, os associados IBER movimentaram cerca de 126 mil toneladas, representando cerca de 68% da totalidade de baterias novas inseridas na regi\u00e3o Sudeste. As empresas e entidades envolvidas na log\u00edstica reversa de baterias chumbo-\u00e1cido devem cumprir com todas as regulamenta\u00e7\u00f5es ambientais locais, nacionais e internacionais.<\/p>\n<p style=\"font-weight: 400;\">\u00c9 fundamental educar consumidores e empresas sobre a import\u00e2ncia da devolu\u00e7\u00e3o correta das baterias usadas. Fabricantes, importadores, recicladores, distribuidores e comerciantes t\u00eam a responsabilidade de implementar sistemas de log\u00edstica reversa. Esses compromissos s\u00e3o cruciais para reduzir o impacto ambiental das baterias chumbo-\u00e1cido, proteger a sa\u00fade p\u00fablica e promover uma economia circular, onde os materiais s\u00e3o continuamente reutilizados e reciclados.<\/p>\n","protected":false},"excerpt":{"rendered":"<p>Na regi\u00e3o Sudeste o IBER possui Termo de Compromisso com Esp\u00edrito Santo (ES), Minas Gerais (MG), Rio de Janeiro (RJ) e S\u00e3o Paulo (SP). A log\u00edstica reversa de baterias chumbo-\u00e1cido \u00e9 uma pr\u00e1tica essencial para a sustentabilidade ambiental e a conformidade com regulamentos ambientais. Esse processo envolve a coleta, o transporte, o tratamento e a [&hellip;]<\/p>\n","protected":false},"author":1,"featured_media":12322,"comment_status":"open","ping_status":"open","sticky":false,"template":"","format":"standard","meta":{"footnotes":""},"categories":[62,129],"tags":[],"class_list":["post-12321","post","type-post","status-publish","format-standard","has-post-thumbnail","hentry","category-noticias","category-residuos-solidos"],"yoast_head":"<!-- This site is optimized with the Yoast SEO plugin v27.3 - https:\/\/yoast.com\/product\/yoast-seo-wordpress\/ -->\n<title>Resultados IBER 2023 - Regi\u00e3o Sudeste &#8226; IBER<\/title>\n<meta name=\"description\" content=\"Na regi\u00e3o Sudeste o IBER possui Termo de Compromisso com Esp\u00edrito Santo (ES), Minas Gerais (MG), Rio de Janeiro (RJ) e S\u00e3o Paulo (SP). A log\u00edstica reversa de baterias chumbo-\u00e1cido \u00e9 uma pr\u00e1tica essencial para a sustentabilidade ambiental e a conformidade com regulamentos ambientais. Esse processo envolve a coleta, o transporte, o tratamento e a reciclagem adequada dessas baterias, que cont\u00eam subst\u00e2ncias t\u00f3xicas e perigosas, como chumbo e \u00e1cido sulf\u00farico. A seguir, seguem os resultados obtidos em Log\u00edstica Reversa de Baterias Chumbo-\u00e1cido IBER no ano de 2023.\" \/>\n<meta name=\"robots\" content=\"index, follow, max-snippet:-1, max-image-preview:large, max-video-preview:-1\" \/>\n<link rel=\"canonical\" href=\"https:\/\/iberbrasil.org.br\/blog\/2024\/08\/06\/resultados-iber-2023-regiao-sudeste\/\" \/>\n<meta property=\"og:locale\" content=\"pt_BR\" \/>\n<meta property=\"og:type\" content=\"article\" \/>\n<meta property=\"og:title\" content=\"Resultados IBER 2023 - Regi\u00e3o Sudeste &#8226; IBER\" \/>\n<meta property=\"og:description\" content=\"Na regi\u00e3o Sudeste o IBER possui Termo de Compromisso com Esp\u00edrito Santo (ES), Minas Gerais (MG), Rio de Janeiro (RJ) e S\u00e3o Paulo (SP). A log\u00edstica reversa de baterias chumbo-\u00e1cido \u00e9 uma pr\u00e1tica essencial para a sustentabilidade ambiental e a conformidade com regulamentos ambientais. Esse processo envolve a coleta, o transporte, o tratamento e a reciclagem adequada dessas baterias, que cont\u00eam subst\u00e2ncias t\u00f3xicas e perigosas, como chumbo e \u00e1cido sulf\u00farico. A seguir, seguem os resultados obtidos em Log\u00edstica Reversa de Baterias Chumbo-\u00e1cido IBER no ano de 2023.\" \/>\n<meta property=\"og:url\" content=\"https:\/\/iberbrasil.org.br\/blog\/2024\/08\/06\/resultados-iber-2023-regiao-sudeste\/\" \/>\n<meta property=\"og:site_name\" content=\"IBER\" \/>\n<meta property=\"article:published_time\" content=\"2024-08-06T16:01:17+00:00\" \/>\n<meta property=\"og:image\" content=\"https:\/\/iberbrasil.org.br\/blog\/wp-content\/uploads\/2024\/08\/IBER_Resultados_Sudeste.jpg\" \/>\n\t<meta property=\"og:image:width\" content=\"1080\" \/>\n\t<meta property=\"og:image:height\" content=\"1080\" \/>\n\t<meta property=\"og:image:type\" content=\"image\/jpeg\" \/>\n<meta name=\"author\" content=\"admin\" \/>\n<meta name=\"twitter:card\" content=\"summary_large_image\" \/>\n<meta name=\"twitter:label1\" content=\"Escrito por\" \/>\n\t<meta name=\"twitter:data1\" content=\"admin\" \/>\n\t<meta name=\"twitter:label2\" content=\"Est. tempo de leitura\" \/>\n\t<meta name=\"twitter:data2\" content=\"2 minutos\" \/>\n<script type=\"application\/ld+json\" class=\"yoast-schema-graph\">{\"@context\":\"https:\\\/\\\/schema.org\",\"@graph\":[{\"@type\":\"Article\",\"@id\":\"https:\\\/\\\/iberbrasil.org.br\\\/blog\\\/2024\\\/08\\\/06\\\/resultados-iber-2023-regiao-sudeste\\\/#article\",\"isPartOf\":{\"@id\":\"https:\\\/\\\/iberbrasil.org.br\\\/blog\\\/2024\\\/08\\\/06\\\/resultados-iber-2023-regiao-sudeste\\\/\"},\"author\":{\"name\":\"admin\",\"@id\":\"\\\/#\\\/schema\\\/person\\\/a2f7e3afbce17246c983c91f86f4d7b8\"},\"headline\":\"Resultados IBER 2023 &#8211; Regi\u00e3o Sudeste\",\"datePublished\":\"2024-08-06T16:01:17+00:00\",\"mainEntityOfPage\":{\"@id\":\"https:\\\/\\\/iberbrasil.org.br\\\/blog\\\/2024\\\/08\\\/06\\\/resultados-iber-2023-regiao-sudeste\\\/\"},\"wordCount\":233,\"commentCount\":0,\"publisher\":{\"@id\":\"\\\/#organization\"},\"image\":{\"@id\":\"https:\\\/\\\/iberbrasil.org.br\\\/blog\\\/2024\\\/08\\\/06\\\/resultados-iber-2023-regiao-sudeste\\\/#primaryimage\"},\"thumbnailUrl\":\"https:\\\/\\\/iberbrasil.org.br\\\/blog\\\/wp-content\\\/uploads\\\/2024\\\/08\\\/IBER_Resultados_Sudeste.jpg\",\"articleSection\":[\"Not\u00edcias\",\"Res\u00edduos S\u00f3lidos\"],\"inLanguage\":\"pt-BR\",\"potentialAction\":[{\"@type\":\"CommentAction\",\"name\":\"Comment\",\"target\":[\"https:\\\/\\\/iberbrasil.org.br\\\/blog\\\/2024\\\/08\\\/06\\\/resultados-iber-2023-regiao-sudeste\\\/#respond\"]}]},{\"@type\":\"WebPage\",\"@id\":\"https:\\\/\\\/iberbrasil.org.br\\\/blog\\\/2024\\\/08\\\/06\\\/resultados-iber-2023-regiao-sudeste\\\/\",\"url\":\"https:\\\/\\\/iberbrasil.org.br\\\/blog\\\/2024\\\/08\\\/06\\\/resultados-iber-2023-regiao-sudeste\\\/\",\"name\":\"Resultados IBER 2023 - Regi\u00e3o Sudeste &#8226; IBER\",\"isPartOf\":{\"@id\":\"\\\/#website\"},\"primaryImageOfPage\":{\"@id\":\"https:\\\/\\\/iberbrasil.org.br\\\/blog\\\/2024\\\/08\\\/06\\\/resultados-iber-2023-regiao-sudeste\\\/#primaryimage\"},\"image\":{\"@id\":\"https:\\\/\\\/iberbrasil.org.br\\\/blog\\\/2024\\\/08\\\/06\\\/resultados-iber-2023-regiao-sudeste\\\/#primaryimage\"},\"thumbnailUrl\":\"https:\\\/\\\/iberbrasil.org.br\\\/blog\\\/wp-content\\\/uploads\\\/2024\\\/08\\\/IBER_Resultados_Sudeste.jpg\",\"datePublished\":\"2024-08-06T16:01:17+00:00\",\"description\":\"Na regi\u00e3o Sudeste o IBER possui Termo de Compromisso com Esp\u00edrito Santo (ES), Minas Gerais (MG), Rio de Janeiro (RJ) e S\u00e3o Paulo (SP). A log\u00edstica reversa de baterias chumbo-\u00e1cido \u00e9 uma pr\u00e1tica essencial para a sustentabilidade ambiental e a conformidade com regulamentos ambientais. Esse processo envolve a coleta, o transporte, o tratamento e a reciclagem adequada dessas baterias, que cont\u00eam subst\u00e2ncias t\u00f3xicas e perigosas, como chumbo e \u00e1cido sulf\u00farico. A seguir, seguem os resultados obtidos em Log\u00edstica Reversa de Baterias Chumbo-\u00e1cido IBER no ano de 2023.\",\"breadcrumb\":{\"@id\":\"https:\\\/\\\/iberbrasil.org.br\\\/blog\\\/2024\\\/08\\\/06\\\/resultados-iber-2023-regiao-sudeste\\\/#breadcrumb\"},\"inLanguage\":\"pt-BR\",\"potentialAction\":[{\"@type\":\"ReadAction\",\"target\":[\"https:\\\/\\\/iberbrasil.org.br\\\/blog\\\/2024\\\/08\\\/06\\\/resultados-iber-2023-regiao-sudeste\\\/\"]}]},{\"@type\":\"ImageObject\",\"inLanguage\":\"pt-BR\",\"@id\":\"https:\\\/\\\/iberbrasil.org.br\\\/blog\\\/2024\\\/08\\\/06\\\/resultados-iber-2023-regiao-sudeste\\\/#primaryimage\",\"url\":\"https:\\\/\\\/iberbrasil.org.br\\\/blog\\\/wp-content\\\/uploads\\\/2024\\\/08\\\/IBER_Resultados_Sudeste.jpg\",\"contentUrl\":\"https:\\\/\\\/iberbrasil.org.br\\\/blog\\\/wp-content\\\/uploads\\\/2024\\\/08\\\/IBER_Resultados_Sudeste.jpg\",\"width\":1080,\"height\":1080},{\"@type\":\"BreadcrumbList\",\"@id\":\"https:\\\/\\\/iberbrasil.org.br\\\/blog\\\/2024\\\/08\\\/06\\\/resultados-iber-2023-regiao-sudeste\\\/#breadcrumb\",\"itemListElement\":[{\"@type\":\"ListItem\",\"position\":1,\"name\":\"Home\",\"item\":\"https:\\\/\\\/iberbrasil.org.br\\\/blog\\\/\"},{\"@type\":\"ListItem\",\"position\":2,\"name\":\"Resultados IBER 2023 &#8211; Regi\u00e3o Sudeste\"}]},{\"@type\":\"WebSite\",\"@id\":\"\\\/#website\",\"url\":\"\\\/\",\"name\":\"IBER\",\"description\":\"Instituto Brasileiro de Energia Recicl\u00e1vel\",\"publisher\":{\"@id\":\"\\\/#organization\"},\"potentialAction\":[{\"@type\":\"SearchAction\",\"target\":{\"@type\":\"EntryPoint\",\"urlTemplate\":\"\\\/?s={search_term_string}\"},\"query-input\":{\"@type\":\"PropertyValueSpecification\",\"valueRequired\":true,\"valueName\":\"search_term_string\"}}],\"inLanguage\":\"pt-BR\"},{\"@type\":\"Organization\",\"@id\":\"\\\/#organization\",\"name\":\"IBER Brasil\",\"url\":\"\\\/\",\"logo\":{\"@type\":\"ImageObject\",\"inLanguage\":\"pt-BR\",\"@id\":\"\\\/#\\\/schema\\\/logo\\\/image\\\/\",\"url\":\"https:\\\/\\\/iberbrasil.org.br\\\/blog\\\/wp-content\\\/uploads\\\/2021\\\/01\\\/logo-iber-2.png\",\"contentUrl\":\"https:\\\/\\\/iberbrasil.org.br\\\/blog\\\/wp-content\\\/uploads\\\/2021\\\/01\\\/logo-iber-2.png\",\"width\":317,\"height\":86,\"caption\":\"IBER Brasil\"},\"image\":{\"@id\":\"\\\/#\\\/schema\\\/logo\\\/image\\\/\"}},{\"@type\":\"Person\",\"@id\":\"\\\/#\\\/schema\\\/person\\\/a2f7e3afbce17246c983c91f86f4d7b8\",\"name\":\"admin\",\"image\":{\"@type\":\"ImageObject\",\"inLanguage\":\"pt-BR\",\"@id\":\"https:\\\/\\\/secure.gravatar.com\\\/avatar\\\/fa001a3b411f2335327a3fcf246a92536d0ac705fdf27b3e43401b6e4ffe5710?s=96&d=blank&r=g\",\"url\":\"https:\\\/\\\/secure.gravatar.com\\\/avatar\\\/fa001a3b411f2335327a3fcf246a92536d0ac705fdf27b3e43401b6e4ffe5710?s=96&d=blank&r=g\",\"contentUrl\":\"https:\\\/\\\/secure.gravatar.com\\\/avatar\\\/fa001a3b411f2335327a3fcf246a92536d0ac705fdf27b3e43401b6e4ffe5710?s=96&d=blank&r=g\",\"caption\":\"admin\"},\"sameAs\":[\"https:\\\/\\\/iberbrasil.org.br\\\/blog\"],\"url\":\"https:\\\/\\\/iberbrasil.org.br\\\/blog\\\/author\\\/admin\\\/\"}]}<\/script>\n<!-- \/ Yoast SEO plugin. -->","yoast_head_json":{"title":"Resultados IBER 2023 - Regi\u00e3o Sudeste &#8226; IBER","description":"Na regi\u00e3o Sudeste o IBER possui Termo de Compromisso com Esp\u00edrito Santo (ES), Minas Gerais (MG), Rio de Janeiro (RJ) e S\u00e3o Paulo (SP). A log\u00edstica reversa de baterias chumbo-\u00e1cido \u00e9 uma pr\u00e1tica essencial para a sustentabilidade ambiental e a conformidade com regulamentos ambientais. Esse processo envolve a coleta, o transporte, o tratamento e a reciclagem adequada dessas baterias, que cont\u00eam subst\u00e2ncias t\u00f3xicas e perigosas, como chumbo e \u00e1cido sulf\u00farico. A seguir, seguem os resultados obtidos em Log\u00edstica Reversa de Baterias Chumbo-\u00e1cido IBER no ano de 2023.","robots":{"index":"index","follow":"follow","max-snippet":"max-snippet:-1","max-image-preview":"max-image-preview:large","max-video-preview":"max-video-preview:-1"},"canonical":"https:\/\/iberbrasil.org.br\/blog\/2024\/08\/06\/resultados-iber-2023-regiao-sudeste\/","og_locale":"pt_BR","og_type":"article","og_title":"Resultados IBER 2023 - Regi\u00e3o Sudeste &#8226; IBER","og_description":"Na regi\u00e3o Sudeste o IBER possui Termo de Compromisso com Esp\u00edrito Santo (ES), Minas Gerais (MG), Rio de Janeiro (RJ) e S\u00e3o Paulo (SP). A log\u00edstica reversa de baterias chumbo-\u00e1cido \u00e9 uma pr\u00e1tica essencial para a sustentabilidade ambiental e a conformidade com regulamentos ambientais. Esse processo envolve a coleta, o transporte, o tratamento e a reciclagem adequada dessas baterias, que cont\u00eam subst\u00e2ncias t\u00f3xicas e perigosas, como chumbo e \u00e1cido sulf\u00farico. A seguir, seguem os resultados obtidos em Log\u00edstica Reversa de Baterias Chumbo-\u00e1cido IBER no ano de 2023.","og_url":"https:\/\/iberbrasil.org.br\/blog\/2024\/08\/06\/resultados-iber-2023-regiao-sudeste\/","og_site_name":"IBER","article_published_time":"2024-08-06T16:01:17+00:00","og_image":[{"width":1080,"height":1080,"url":"https:\/\/iberbrasil.org.br\/blog\/wp-content\/uploads\/2024\/08\/IBER_Resultados_Sudeste.jpg","type":"image\/jpeg"}],"author":"admin","twitter_card":"summary_large_image","twitter_misc":{"Escrito por":"admin","Est. tempo de leitura":"2 minutos"},"schema":{"@context":"https:\/\/schema.org","@graph":[{"@type":"Article","@id":"https:\/\/iberbrasil.org.br\/blog\/2024\/08\/06\/resultados-iber-2023-regiao-sudeste\/#article","isPartOf":{"@id":"https:\/\/iberbrasil.org.br\/blog\/2024\/08\/06\/resultados-iber-2023-regiao-sudeste\/"},"author":{"name":"admin","@id":"\/#\/schema\/person\/a2f7e3afbce17246c983c91f86f4d7b8"},"headline":"Resultados IBER 2023 &#8211; Regi\u00e3o Sudeste","datePublished":"2024-08-06T16:01:17+00:00","mainEntityOfPage":{"@id":"https:\/\/iberbrasil.org.br\/blog\/2024\/08\/06\/resultados-iber-2023-regiao-sudeste\/"},"wordCount":233,"commentCount":0,"publisher":{"@id":"\/#organization"},"image":{"@id":"https:\/\/iberbrasil.org.br\/blog\/2024\/08\/06\/resultados-iber-2023-regiao-sudeste\/#primaryimage"},"thumbnailUrl":"https:\/\/iberbrasil.org.br\/blog\/wp-content\/uploads\/2024\/08\/IBER_Resultados_Sudeste.jpg","articleSection":["Not\u00edcias","Res\u00edduos S\u00f3lidos"],"inLanguage":"pt-BR","potentialAction":[{"@type":"CommentAction","name":"Comment","target":["https:\/\/iberbrasil.org.br\/blog\/2024\/08\/06\/resultados-iber-2023-regiao-sudeste\/#respond"]}]},{"@type":"WebPage","@id":"https:\/\/iberbrasil.org.br\/blog\/2024\/08\/06\/resultados-iber-2023-regiao-sudeste\/","url":"https:\/\/iberbrasil.org.br\/blog\/2024\/08\/06\/resultados-iber-2023-regiao-sudeste\/","name":"Resultados IBER 2023 - Regi\u00e3o Sudeste &#8226; IBER","isPartOf":{"@id":"\/#website"},"primaryImageOfPage":{"@id":"https:\/\/iberbrasil.org.br\/blog\/2024\/08\/06\/resultados-iber-2023-regiao-sudeste\/#primaryimage"},"image":{"@id":"https:\/\/iberbrasil.org.br\/blog\/2024\/08\/06\/resultados-iber-2023-regiao-sudeste\/#primaryimage"},"thumbnailUrl":"https:\/\/iberbrasil.org.br\/blog\/wp-content\/uploads\/2024\/08\/IBER_Resultados_Sudeste.jpg","datePublished":"2024-08-06T16:01:17+00:00","description":"Na regi\u00e3o Sudeste o IBER possui Termo de Compromisso com Esp\u00edrito Santo (ES), Minas Gerais (MG), Rio de Janeiro (RJ) e S\u00e3o Paulo (SP). A log\u00edstica reversa de baterias chumbo-\u00e1cido \u00e9 uma pr\u00e1tica essencial para a sustentabilidade ambiental e a conformidade com regulamentos ambientais. Esse processo envolve a coleta, o transporte, o tratamento e a reciclagem adequada dessas baterias, que cont\u00eam subst\u00e2ncias t\u00f3xicas e perigosas, como chumbo e \u00e1cido sulf\u00farico. A seguir, seguem os resultados obtidos em Log\u00edstica Reversa de Baterias Chumbo-\u00e1cido IBER no ano de 2023.","breadcrumb":{"@id":"https:\/\/iberbrasil.org.br\/blog\/2024\/08\/06\/resultados-iber-2023-regiao-sudeste\/#breadcrumb"},"inLanguage":"pt-BR","potentialAction":[{"@type":"ReadAction","target":["https:\/\/iberbrasil.org.br\/blog\/2024\/08\/06\/resultados-iber-2023-regiao-sudeste\/"]}]},{"@type":"ImageObject","inLanguage":"pt-BR","@id":"https:\/\/iberbrasil.org.br\/blog\/2024\/08\/06\/resultados-iber-2023-regiao-sudeste\/#primaryimage","url":"https:\/\/iberbrasil.org.br\/blog\/wp-content\/uploads\/2024\/08\/IBER_Resultados_Sudeste.jpg","contentUrl":"https:\/\/iberbrasil.org.br\/blog\/wp-content\/uploads\/2024\/08\/IBER_Resultados_Sudeste.jpg","width":1080,"height":1080},{"@type":"BreadcrumbList","@id":"https:\/\/iberbrasil.org.br\/blog\/2024\/08\/06\/resultados-iber-2023-regiao-sudeste\/#breadcrumb","itemListElement":[{"@type":"ListItem","position":1,"name":"Home","item":"https:\/\/iberbrasil.org.br\/blog\/"},{"@type":"ListItem","position":2,"name":"Resultados IBER 2023 &#8211; Regi\u00e3o Sudeste"}]},{"@type":"WebSite","@id":"\/#website","url":"\/","name":"IBER","description":"Instituto Brasileiro de Energia Recicl\u00e1vel","publisher":{"@id":"\/#organization"},"potentialAction":[{"@type":"SearchAction","target":{"@type":"EntryPoint","urlTemplate":"\/?s={search_term_string}"},"query-input":{"@type":"PropertyValueSpecification","valueRequired":true,"valueName":"search_term_string"}}],"inLanguage":"pt-BR"},{"@type":"Organization","@id":"\/#organization","name":"IBER Brasil","url":"\/","logo":{"@type":"ImageObject","inLanguage":"pt-BR","@id":"\/#\/schema\/logo\/image\/","url":"https:\/\/iberbrasil.org.br\/blog\/wp-content\/uploads\/2021\/01\/logo-iber-2.png","contentUrl":"https:\/\/iberbrasil.org.br\/blog\/wp-content\/uploads\/2021\/01\/logo-iber-2.png","width":317,"height":86,"caption":"IBER Brasil"},"image":{"@id":"\/#\/schema\/logo\/image\/"}},{"@type":"Person","@id":"\/#\/schema\/person\/a2f7e3afbce17246c983c91f86f4d7b8","name":"admin","image":{"@type":"ImageObject","inLanguage":"pt-BR","@id":"https:\/\/secure.gravatar.com\/avatar\/fa001a3b411f2335327a3fcf246a92536d0ac705fdf27b3e43401b6e4ffe5710?s=96&d=blank&r=g","url":"https:\/\/secure.gravatar.com\/avatar\/fa001a3b411f2335327a3fcf246a92536d0ac705fdf27b3e43401b6e4ffe5710?s=96&d=blank&r=g","contentUrl":"https:\/\/secure.gravatar.com\/avatar\/fa001a3b411f2335327a3fcf246a92536d0ac705fdf27b3e43401b6e4ffe5710?s=96&d=blank&r=g","caption":"admin"},"sameAs":["https:\/\/iberbrasil.org.br\/blog"],"url":"https:\/\/iberbrasil.org.br\/blog\/author\/admin\/"}]}},"_links":{"self":[{"href":"https:\/\/iberbrasil.org.br\/blog\/wp-json\/wp\/v2\/posts\/12321","targetHints":{"allow":["GET"]}}],"collection":[{"href":"https:\/\/iberbrasil.org.br\/blog\/wp-json\/wp\/v2\/posts"}],"about":[{"href":"https:\/\/iberbrasil.org.br\/blog\/wp-json\/wp\/v2\/types\/post"}],"author":[{"embeddable":true,"href":"https:\/\/iberbrasil.org.br\/blog\/wp-json\/wp\/v2\/users\/1"}],"replies":[{"embeddable":true,"href":"https:\/\/iberbrasil.org.br\/blog\/wp-json\/wp\/v2\/comments?post=12321"}],"version-history":[{"count":1,"href":"https:\/\/iberbrasil.org.br\/blog\/wp-json\/wp\/v2\/posts\/12321\/revisions"}],"predecessor-version":[{"id":12323,"href":"https:\/\/iberbrasil.org.br\/blog\/wp-json\/wp\/v2\/posts\/12321\/revisions\/12323"}],"wp:featuredmedia":[{"embeddable":true,"href":"https:\/\/iberbrasil.org.br\/blog\/wp-json\/wp\/v2\/media\/12322"}],"wp:attachment":[{"href":"https:\/\/iberbrasil.org.br\/blog\/wp-json\/wp\/v2\/media?parent=12321"}],"wp:term":[{"taxonomy":"category","embeddable":true,"href":"https:\/\/iberbrasil.org.br\/blog\/wp-json\/wp\/v2\/categories?post=12321"},{"taxonomy":"post_tag","embeddable":true,"href":"https:\/\/iberbrasil.org.br\/blog\/wp-json\/wp\/v2\/tags?post=12321"}],"curies":[{"name":"wp","href":"https:\/\/api.w.org\/{rel}","templated":true}]}}