{"id":12119,"date":"2024-01-24T10:57:08","date_gmt":"2024-01-24T13:57:08","guid":{"rendered":"https:\/\/iberbrasil.org.br\/blog\/?p=12119"},"modified":"2024-01-24T10:57:08","modified_gmt":"2024-01-24T13:57:08","slug":"iber-participa-de-reuniao-na-associacao-comercial-de-ponta-grossa-no-parana","status":"publish","type":"post","link":"https:\/\/iberbrasil.org.br\/blog\/2024\/01\/24\/iber-participa-de-reuniao-na-associacao-comercial-de-ponta-grossa-no-parana\/","title":{"rendered":"Iber participa de reuni\u00e3o na Associa\u00e7\u00e3o Comercial de Ponta Grossa no Paran\u00e1"},"content":{"rendered":"<p><img fetchpriority=\"high\" decoding=\"async\" class=\"alignnone size-medium wp-image-12120 aligncenter\" src=\"https:\/\/iberbrasil.org.br\/blog\/wp-content\/uploads\/2024\/01\/WhatsApp-Image-2024-01-24-at-10.45.59-1-240x300.jpeg\" alt=\"\" width=\"240\" height=\"300\" srcset=\"https:\/\/iberbrasil.org.br\/blog\/wp-content\/uploads\/2024\/01\/WhatsApp-Image-2024-01-24-at-10.45.59-1-240x300.jpeg 240w, https:\/\/iberbrasil.org.br\/blog\/wp-content\/uploads\/2024\/01\/WhatsApp-Image-2024-01-24-at-10.45.59-1-819x1024.jpeg 819w, https:\/\/iberbrasil.org.br\/blog\/wp-content\/uploads\/2024\/01\/WhatsApp-Image-2024-01-24-at-10.45.59-1-768x960.jpeg 768w, https:\/\/iberbrasil.org.br\/blog\/wp-content\/uploads\/2024\/01\/WhatsApp-Image-2024-01-24-at-10.45.59-1.jpeg 1080w\" sizes=\"(max-width: 240px) 100vw, 240px\" \/><\/p>\n<p>A convite da Prefeitura de Ponta Grossa no Estado do Paran\u00e1, no \u00faltimo dia 16, o IBER participou de reuni\u00e3o da c\u00e2mara tem\u00e1tica de ESG da Associa\u00e7\u00e3o Comercial de Ponta Grossa \u2013 ACIPG para apresentar seu sistema de log\u00edstica reversa de baterias chumbo-\u00e1cido assim como debater a atual legisla\u00e7\u00e3o estadual e municipal que rege o tema.<\/p>\n<p>Estiveram presentes t\u00e9cnicos municipais, consultores ambientais do munic\u00edpio e empresas envolvidas na movimenta\u00e7\u00e3o de baterias chumbo \u00e1cido.<\/p>\n<p>Essa reuni\u00e3o, faz parte da estrat\u00e9gia conjunta entre estado, munic\u00edpio e entidade gestora em divulgar e acompanhar o atendimento \u00e0 obrigatoriedade da comprova\u00e7\u00e3o da log\u00edstica reversa para todos os atores da cadeia, al\u00e9m de conscientizar as empresas a aderir aos sistemas regularizados e aprovados pela SEDEST.<\/p>\n<p><img decoding=\"async\" class=\"size-medium wp-image-12121 aligncenter\" src=\"https:\/\/iberbrasil.org.br\/blog\/wp-content\/uploads\/2024\/01\/WhatsApp-Image-2024-01-24-at-10.45.59-240x300.jpeg\" alt=\"\" width=\"240\" height=\"300\" srcset=\"https:\/\/iberbrasil.org.br\/blog\/wp-content\/uploads\/2024\/01\/WhatsApp-Image-2024-01-24-at-10.45.59-240x300.jpeg 240w, https:\/\/iberbrasil.org.br\/blog\/wp-content\/uploads\/2024\/01\/WhatsApp-Image-2024-01-24-at-10.45.59-819x1024.jpeg 819w, https:\/\/iberbrasil.org.br\/blog\/wp-content\/uploads\/2024\/01\/WhatsApp-Image-2024-01-24-at-10.45.59-768x960.jpeg 768w, https:\/\/iberbrasil.org.br\/blog\/wp-content\/uploads\/2024\/01\/WhatsApp-Image-2024-01-24-at-10.45.59.jpeg 1080w\" sizes=\"(max-width: 240px) 100vw, 240px\" \/><\/p>\n","protected":false},"excerpt":{"rendered":"<p>A convite da Prefeitura de Ponta Grossa no Estado do Paran\u00e1, no \u00faltimo dia 16, o IBER participou de reuni\u00e3o da c\u00e2mara tem\u00e1tica de ESG da Associa\u00e7\u00e3o Comercial de Ponta Grossa \u2013 ACIPG para apresentar seu sistema de log\u00edstica reversa de baterias chumbo-\u00e1cido assim como debater a atual legisla\u00e7\u00e3o estadual e municipal que rege o [&hellip;]<\/p>\n","protected":false},"author":1,"featured_media":12120,"comment_status":"open","ping_status":"open","sticky":false,"template":"","format":"standard","meta":{"footnotes":""},"categories":[1],"tags":[],"class_list":["post-12119","post","type-post","status-publish","format-standard","has-post-thumbnail","hentry","category-sem-categoria"],"yoast_head":"<!-- This site is optimized with the Yoast SEO plugin v27.3 - https:\/\/yoast.com\/product\/yoast-seo-wordpress\/ -->\n<title>Iber participa de reuni\u00e3o na Associa\u00e7\u00e3o Comercial de Ponta Grossa no Paran\u00e1 &#8226; IBER<\/title>\n<meta name=\"description\" content=\"Iber participa de reuni\u00e3o na ACIPG para apresentar seu sistema de log\u00edstica reversa de baterias chumbo-\u00e1cido\" \/>\n<meta name=\"robots\" content=\"index, follow, max-snippet:-1, max-image-preview:large, max-video-preview:-1\" \/>\n<link rel=\"canonical\" href=\"https:\/\/iberbrasil.org.br\/blog\/2024\/01\/24\/iber-participa-de-reuniao-na-associacao-comercial-de-ponta-grossa-no-parana\/\" \/>\n<meta property=\"og:locale\" content=\"pt_BR\" \/>\n<meta property=\"og:type\" content=\"article\" \/>\n<meta property=\"og:title\" content=\"Iber participa de reuni\u00e3o na Associa\u00e7\u00e3o Comercial de Ponta Grossa no Paran\u00e1 &#8226; IBER\" \/>\n<meta property=\"og:description\" content=\"Iber participa de reuni\u00e3o na ACIPG para apresentar seu sistema de log\u00edstica reversa de baterias chumbo-\u00e1cido\" \/>\n<meta property=\"og:url\" content=\"https:\/\/iberbrasil.org.br\/blog\/2024\/01\/24\/iber-participa-de-reuniao-na-associacao-comercial-de-ponta-grossa-no-parana\/\" \/>\n<meta property=\"og:site_name\" content=\"IBER\" \/>\n<meta property=\"article:published_time\" content=\"2024-01-24T13:57:08+00:00\" \/>\n<meta property=\"og:image\" content=\"https:\/\/iberbrasil.org.br\/blog\/wp-content\/uploads\/2024\/01\/WhatsApp-Image-2024-01-24-at-10.45.59-1.jpeg\" \/>\n\t<meta property=\"og:image:width\" content=\"1080\" \/>\n\t<meta property=\"og:image:height\" content=\"1350\" \/>\n\t<meta property=\"og:image:type\" content=\"image\/jpeg\" \/>\n<meta name=\"author\" content=\"admin\" \/>\n<meta name=\"twitter:card\" content=\"summary_large_image\" \/>\n<meta name=\"twitter:label1\" content=\"Escrito por\" \/>\n\t<meta name=\"twitter:data1\" content=\"admin\" \/>\n\t<meta name=\"twitter:label2\" content=\"Est. tempo de leitura\" \/>\n\t<meta name=\"twitter:data2\" content=\"2 minutos\" \/>\n<script type=\"application\/ld+json\" class=\"yoast-schema-graph\">{\"@context\":\"https:\\\/\\\/schema.org\",\"@graph\":[{\"@type\":\"Article\",\"@id\":\"https:\\\/\\\/iberbrasil.org.br\\\/blog\\\/2024\\\/01\\\/24\\\/iber-participa-de-reuniao-na-associacao-comercial-de-ponta-grossa-no-parana\\\/#article\",\"isPartOf\":{\"@id\":\"https:\\\/\\\/iberbrasil.org.br\\\/blog\\\/2024\\\/01\\\/24\\\/iber-participa-de-reuniao-na-associacao-comercial-de-ponta-grossa-no-parana\\\/\"},\"author\":{\"name\":\"admin\",\"@id\":\"\\\/#\\\/schema\\\/person\\\/a2f7e3afbce17246c983c91f86f4d7b8\"},\"headline\":\"Iber participa de reuni\u00e3o na Associa\u00e7\u00e3o Comercial de Ponta Grossa no Paran\u00e1\",\"datePublished\":\"2024-01-24T13:57:08+00:00\",\"mainEntityOfPage\":{\"@id\":\"https:\\\/\\\/iberbrasil.org.br\\\/blog\\\/2024\\\/01\\\/24\\\/iber-participa-de-reuniao-na-associacao-comercial-de-ponta-grossa-no-parana\\\/\"},\"wordCount\":146,\"commentCount\":0,\"publisher\":{\"@id\":\"\\\/#organization\"},\"image\":{\"@id\":\"https:\\\/\\\/iberbrasil.org.br\\\/blog\\\/2024\\\/01\\\/24\\\/iber-participa-de-reuniao-na-associacao-comercial-de-ponta-grossa-no-parana\\\/#primaryimage\"},\"thumbnailUrl\":\"https:\\\/\\\/iberbrasil.org.br\\\/blog\\\/wp-content\\\/uploads\\\/2024\\\/01\\\/WhatsApp-Image-2024-01-24-at-10.45.59-1.jpeg\",\"inLanguage\":\"pt-BR\",\"potentialAction\":[{\"@type\":\"CommentAction\",\"name\":\"Comment\",\"target\":[\"https:\\\/\\\/iberbrasil.org.br\\\/blog\\\/2024\\\/01\\\/24\\\/iber-participa-de-reuniao-na-associacao-comercial-de-ponta-grossa-no-parana\\\/#respond\"]}]},{\"@type\":\"WebPage\",\"@id\":\"https:\\\/\\\/iberbrasil.org.br\\\/blog\\\/2024\\\/01\\\/24\\\/iber-participa-de-reuniao-na-associacao-comercial-de-ponta-grossa-no-parana\\\/\",\"url\":\"https:\\\/\\\/iberbrasil.org.br\\\/blog\\\/2024\\\/01\\\/24\\\/iber-participa-de-reuniao-na-associacao-comercial-de-ponta-grossa-no-parana\\\/\",\"name\":\"Iber participa de reuni\u00e3o na Associa\u00e7\u00e3o Comercial de Ponta Grossa no Paran\u00e1 &#8226; IBER\",\"isPartOf\":{\"@id\":\"\\\/#website\"},\"primaryImageOfPage\":{\"@id\":\"https:\\\/\\\/iberbrasil.org.br\\\/blog\\\/2024\\\/01\\\/24\\\/iber-participa-de-reuniao-na-associacao-comercial-de-ponta-grossa-no-parana\\\/#primaryimage\"},\"image\":{\"@id\":\"https:\\\/\\\/iberbrasil.org.br\\\/blog\\\/2024\\\/01\\\/24\\\/iber-participa-de-reuniao-na-associacao-comercial-de-ponta-grossa-no-parana\\\/#primaryimage\"},\"thumbnailUrl\":\"https:\\\/\\\/iberbrasil.org.br\\\/blog\\\/wp-content\\\/uploads\\\/2024\\\/01\\\/WhatsApp-Image-2024-01-24-at-10.45.59-1.jpeg\",\"datePublished\":\"2024-01-24T13:57:08+00:00\",\"description\":\"Iber participa de reuni\u00e3o na ACIPG para apresentar seu sistema de log\u00edstica reversa de baterias chumbo-\u00e1cido\",\"breadcrumb\":{\"@id\":\"https:\\\/\\\/iberbrasil.org.br\\\/blog\\\/2024\\\/01\\\/24\\\/iber-participa-de-reuniao-na-associacao-comercial-de-ponta-grossa-no-parana\\\/#breadcrumb\"},\"inLanguage\":\"pt-BR\",\"potentialAction\":[{\"@type\":\"ReadAction\",\"target\":[\"https:\\\/\\\/iberbrasil.org.br\\\/blog\\\/2024\\\/01\\\/24\\\/iber-participa-de-reuniao-na-associacao-comercial-de-ponta-grossa-no-parana\\\/\"]}]},{\"@type\":\"ImageObject\",\"inLanguage\":\"pt-BR\",\"@id\":\"https:\\\/\\\/iberbrasil.org.br\\\/blog\\\/2024\\\/01\\\/24\\\/iber-participa-de-reuniao-na-associacao-comercial-de-ponta-grossa-no-parana\\\/#primaryimage\",\"url\":\"https:\\\/\\\/iberbrasil.org.br\\\/blog\\\/wp-content\\\/uploads\\\/2024\\\/01\\\/WhatsApp-Image-2024-01-24-at-10.45.59-1.jpeg\",\"contentUrl\":\"https:\\\/\\\/iberbrasil.org.br\\\/blog\\\/wp-content\\\/uploads\\\/2024\\\/01\\\/WhatsApp-Image-2024-01-24-at-10.45.59-1.jpeg\",\"width\":1080,\"height\":1350},{\"@type\":\"BreadcrumbList\",\"@id\":\"https:\\\/\\\/iberbrasil.org.br\\\/blog\\\/2024\\\/01\\\/24\\\/iber-participa-de-reuniao-na-associacao-comercial-de-ponta-grossa-no-parana\\\/#breadcrumb\",\"itemListElement\":[{\"@type\":\"ListItem\",\"position\":1,\"name\":\"Home\",\"item\":\"https:\\\/\\\/iberbrasil.org.br\\\/blog\\\/\"},{\"@type\":\"ListItem\",\"position\":2,\"name\":\"Iber participa de reuni\u00e3o na Associa\u00e7\u00e3o Comercial de Ponta Grossa no Paran\u00e1\"}]},{\"@type\":\"WebSite\",\"@id\":\"\\\/#website\",\"url\":\"\\\/\",\"name\":\"IBER\",\"description\":\"Instituto Brasileiro de Energia Recicl\u00e1vel\",\"publisher\":{\"@id\":\"\\\/#organization\"},\"potentialAction\":[{\"@type\":\"SearchAction\",\"target\":{\"@type\":\"EntryPoint\",\"urlTemplate\":\"\\\/?s={search_term_string}\"},\"query-input\":{\"@type\":\"PropertyValueSpecification\",\"valueRequired\":true,\"valueName\":\"search_term_string\"}}],\"inLanguage\":\"pt-BR\"},{\"@type\":\"Organization\",\"@id\":\"\\\/#organization\",\"name\":\"IBER Brasil\",\"url\":\"\\\/\",\"logo\":{\"@type\":\"ImageObject\",\"inLanguage\":\"pt-BR\",\"@id\":\"\\\/#\\\/schema\\\/logo\\\/image\\\/\",\"url\":\"https:\\\/\\\/iberbrasil.org.br\\\/blog\\\/wp-content\\\/uploads\\\/2021\\\/01\\\/logo-iber-2.png\",\"contentUrl\":\"https:\\\/\\\/iberbrasil.org.br\\\/blog\\\/wp-content\\\/uploads\\\/2021\\\/01\\\/logo-iber-2.png\",\"width\":317,\"height\":86,\"caption\":\"IBER Brasil\"},\"image\":{\"@id\":\"\\\/#\\\/schema\\\/logo\\\/image\\\/\"}},{\"@type\":\"Person\",\"@id\":\"\\\/#\\\/schema\\\/person\\\/a2f7e3afbce17246c983c91f86f4d7b8\",\"name\":\"admin\",\"image\":{\"@type\":\"ImageObject\",\"inLanguage\":\"pt-BR\",\"@id\":\"https:\\\/\\\/secure.gravatar.com\\\/avatar\\\/fa001a3b411f2335327a3fcf246a92536d0ac705fdf27b3e43401b6e4ffe5710?s=96&d=blank&r=g\",\"url\":\"https:\\\/\\\/secure.gravatar.com\\\/avatar\\\/fa001a3b411f2335327a3fcf246a92536d0ac705fdf27b3e43401b6e4ffe5710?s=96&d=blank&r=g\",\"contentUrl\":\"https:\\\/\\\/secure.gravatar.com\\\/avatar\\\/fa001a3b411f2335327a3fcf246a92536d0ac705fdf27b3e43401b6e4ffe5710?s=96&d=blank&r=g\",\"caption\":\"admin\"},\"sameAs\":[\"https:\\\/\\\/iberbrasil.org.br\\\/blog\"],\"url\":\"https:\\\/\\\/iberbrasil.org.br\\\/blog\\\/author\\\/admin\\\/\"}]}<\/script>\n<!-- \/ Yoast SEO plugin. -->","yoast_head_json":{"title":"Iber participa de reuni\u00e3o na Associa\u00e7\u00e3o Comercial de Ponta Grossa no Paran\u00e1 &#8226; IBER","description":"Iber participa de reuni\u00e3o na ACIPG para apresentar seu sistema de log\u00edstica reversa de baterias chumbo-\u00e1cido","robots":{"index":"index","follow":"follow","max-snippet":"max-snippet:-1","max-image-preview":"max-image-preview:large","max-video-preview":"max-video-preview:-1"},"canonical":"https:\/\/iberbrasil.org.br\/blog\/2024\/01\/24\/iber-participa-de-reuniao-na-associacao-comercial-de-ponta-grossa-no-parana\/","og_locale":"pt_BR","og_type":"article","og_title":"Iber participa de reuni\u00e3o na Associa\u00e7\u00e3o Comercial de Ponta Grossa no Paran\u00e1 &#8226; IBER","og_description":"Iber participa de reuni\u00e3o na ACIPG para apresentar seu sistema de log\u00edstica reversa de baterias chumbo-\u00e1cido","og_url":"https:\/\/iberbrasil.org.br\/blog\/2024\/01\/24\/iber-participa-de-reuniao-na-associacao-comercial-de-ponta-grossa-no-parana\/","og_site_name":"IBER","article_published_time":"2024-01-24T13:57:08+00:00","og_image":[{"width":1080,"height":1350,"url":"https:\/\/iberbrasil.org.br\/blog\/wp-content\/uploads\/2024\/01\/WhatsApp-Image-2024-01-24-at-10.45.59-1.jpeg","type":"image\/jpeg"}],"author":"admin","twitter_card":"summary_large_image","twitter_misc":{"Escrito por":"admin","Est. tempo de leitura":"2 minutos"},"schema":{"@context":"https:\/\/schema.org","@graph":[{"@type":"Article","@id":"https:\/\/iberbrasil.org.br\/blog\/2024\/01\/24\/iber-participa-de-reuniao-na-associacao-comercial-de-ponta-grossa-no-parana\/#article","isPartOf":{"@id":"https:\/\/iberbrasil.org.br\/blog\/2024\/01\/24\/iber-participa-de-reuniao-na-associacao-comercial-de-ponta-grossa-no-parana\/"},"author":{"name":"admin","@id":"\/#\/schema\/person\/a2f7e3afbce17246c983c91f86f4d7b8"},"headline":"Iber participa de reuni\u00e3o na Associa\u00e7\u00e3o Comercial de Ponta Grossa no Paran\u00e1","datePublished":"2024-01-24T13:57:08+00:00","mainEntityOfPage":{"@id":"https:\/\/iberbrasil.org.br\/blog\/2024\/01\/24\/iber-participa-de-reuniao-na-associacao-comercial-de-ponta-grossa-no-parana\/"},"wordCount":146,"commentCount":0,"publisher":{"@id":"\/#organization"},"image":{"@id":"https:\/\/iberbrasil.org.br\/blog\/2024\/01\/24\/iber-participa-de-reuniao-na-associacao-comercial-de-ponta-grossa-no-parana\/#primaryimage"},"thumbnailUrl":"https:\/\/iberbrasil.org.br\/blog\/wp-content\/uploads\/2024\/01\/WhatsApp-Image-2024-01-24-at-10.45.59-1.jpeg","inLanguage":"pt-BR","potentialAction":[{"@type":"CommentAction","name":"Comment","target":["https:\/\/iberbrasil.org.br\/blog\/2024\/01\/24\/iber-participa-de-reuniao-na-associacao-comercial-de-ponta-grossa-no-parana\/#respond"]}]},{"@type":"WebPage","@id":"https:\/\/iberbrasil.org.br\/blog\/2024\/01\/24\/iber-participa-de-reuniao-na-associacao-comercial-de-ponta-grossa-no-parana\/","url":"https:\/\/iberbrasil.org.br\/blog\/2024\/01\/24\/iber-participa-de-reuniao-na-associacao-comercial-de-ponta-grossa-no-parana\/","name":"Iber participa de reuni\u00e3o na Associa\u00e7\u00e3o Comercial de Ponta Grossa no Paran\u00e1 &#8226; IBER","isPartOf":{"@id":"\/#website"},"primaryImageOfPage":{"@id":"https:\/\/iberbrasil.org.br\/blog\/2024\/01\/24\/iber-participa-de-reuniao-na-associacao-comercial-de-ponta-grossa-no-parana\/#primaryimage"},"image":{"@id":"https:\/\/iberbrasil.org.br\/blog\/2024\/01\/24\/iber-participa-de-reuniao-na-associacao-comercial-de-ponta-grossa-no-parana\/#primaryimage"},"thumbnailUrl":"https:\/\/iberbrasil.org.br\/blog\/wp-content\/uploads\/2024\/01\/WhatsApp-Image-2024-01-24-at-10.45.59-1.jpeg","datePublished":"2024-01-24T13:57:08+00:00","description":"Iber participa de reuni\u00e3o na ACIPG para apresentar seu sistema de log\u00edstica reversa de baterias chumbo-\u00e1cido","breadcrumb":{"@id":"https:\/\/iberbrasil.org.br\/blog\/2024\/01\/24\/iber-participa-de-reuniao-na-associacao-comercial-de-ponta-grossa-no-parana\/#breadcrumb"},"inLanguage":"pt-BR","potentialAction":[{"@type":"ReadAction","target":["https:\/\/iberbrasil.org.br\/blog\/2024\/01\/24\/iber-participa-de-reuniao-na-associacao-comercial-de-ponta-grossa-no-parana\/"]}]},{"@type":"ImageObject","inLanguage":"pt-BR","@id":"https:\/\/iberbrasil.org.br\/blog\/2024\/01\/24\/iber-participa-de-reuniao-na-associacao-comercial-de-ponta-grossa-no-parana\/#primaryimage","url":"https:\/\/iberbrasil.org.br\/blog\/wp-content\/uploads\/2024\/01\/WhatsApp-Image-2024-01-24-at-10.45.59-1.jpeg","contentUrl":"https:\/\/iberbrasil.org.br\/blog\/wp-content\/uploads\/2024\/01\/WhatsApp-Image-2024-01-24-at-10.45.59-1.jpeg","width":1080,"height":1350},{"@type":"BreadcrumbList","@id":"https:\/\/iberbrasil.org.br\/blog\/2024\/01\/24\/iber-participa-de-reuniao-na-associacao-comercial-de-ponta-grossa-no-parana\/#breadcrumb","itemListElement":[{"@type":"ListItem","position":1,"name":"Home","item":"https:\/\/iberbrasil.org.br\/blog\/"},{"@type":"ListItem","position":2,"name":"Iber participa de reuni\u00e3o na Associa\u00e7\u00e3o Comercial de Ponta Grossa no Paran\u00e1"}]},{"@type":"WebSite","@id":"\/#website","url":"\/","name":"IBER","description":"Instituto Brasileiro de Energia Recicl\u00e1vel","publisher":{"@id":"\/#organization"},"potentialAction":[{"@type":"SearchAction","target":{"@type":"EntryPoint","urlTemplate":"\/?s={search_term_string}"},"query-input":{"@type":"PropertyValueSpecification","valueRequired":true,"valueName":"search_term_string"}}],"inLanguage":"pt-BR"},{"@type":"Organization","@id":"\/#organization","name":"IBER Brasil","url":"\/","logo":{"@type":"ImageObject","inLanguage":"pt-BR","@id":"\/#\/schema\/logo\/image\/","url":"https:\/\/iberbrasil.org.br\/blog\/wp-content\/uploads\/2021\/01\/logo-iber-2.png","contentUrl":"https:\/\/iberbrasil.org.br\/blog\/wp-content\/uploads\/2021\/01\/logo-iber-2.png","width":317,"height":86,"caption":"IBER Brasil"},"image":{"@id":"\/#\/schema\/logo\/image\/"}},{"@type":"Person","@id":"\/#\/schema\/person\/a2f7e3afbce17246c983c91f86f4d7b8","name":"admin","image":{"@type":"ImageObject","inLanguage":"pt-BR","@id":"https:\/\/secure.gravatar.com\/avatar\/fa001a3b411f2335327a3fcf246a92536d0ac705fdf27b3e43401b6e4ffe5710?s=96&d=blank&r=g","url":"https:\/\/secure.gravatar.com\/avatar\/fa001a3b411f2335327a3fcf246a92536d0ac705fdf27b3e43401b6e4ffe5710?s=96&d=blank&r=g","contentUrl":"https:\/\/secure.gravatar.com\/avatar\/fa001a3b411f2335327a3fcf246a92536d0ac705fdf27b3e43401b6e4ffe5710?s=96&d=blank&r=g","caption":"admin"},"sameAs":["https:\/\/iberbrasil.org.br\/blog"],"url":"https:\/\/iberbrasil.org.br\/blog\/author\/admin\/"}]}},"_links":{"self":[{"href":"https:\/\/iberbrasil.org.br\/blog\/wp-json\/wp\/v2\/posts\/12119","targetHints":{"allow":["GET"]}}],"collection":[{"href":"https:\/\/iberbrasil.org.br\/blog\/wp-json\/wp\/v2\/posts"}],"about":[{"href":"https:\/\/iberbrasil.org.br\/blog\/wp-json\/wp\/v2\/types\/post"}],"author":[{"embeddable":true,"href":"https:\/\/iberbrasil.org.br\/blog\/wp-json\/wp\/v2\/users\/1"}],"replies":[{"embeddable":true,"href":"https:\/\/iberbrasil.org.br\/blog\/wp-json\/wp\/v2\/comments?post=12119"}],"version-history":[{"count":1,"href":"https:\/\/iberbrasil.org.br\/blog\/wp-json\/wp\/v2\/posts\/12119\/revisions"}],"predecessor-version":[{"id":12122,"href":"https:\/\/iberbrasil.org.br\/blog\/wp-json\/wp\/v2\/posts\/12119\/revisions\/12122"}],"wp:featuredmedia":[{"embeddable":true,"href":"https:\/\/iberbrasil.org.br\/blog\/wp-json\/wp\/v2\/media\/12120"}],"wp:attachment":[{"href":"https:\/\/iberbrasil.org.br\/blog\/wp-json\/wp\/v2\/media?parent=12119"}],"wp:term":[{"taxonomy":"category","embeddable":true,"href":"https:\/\/iberbrasil.org.br\/blog\/wp-json\/wp\/v2\/categories?post=12119"},{"taxonomy":"post_tag","embeddable":true,"href":"https:\/\/iberbrasil.org.br\/blog\/wp-json\/wp\/v2\/tags?post=12119"}],"curies":[{"name":"wp","href":"https:\/\/api.w.org\/{rel}","templated":true}]}}