{"id":12093,"date":"2023-12-07T11:46:30","date_gmt":"2023-12-07T14:46:30","guid":{"rendered":"https:\/\/iberbrasil.org.br\/blog\/?p=12093"},"modified":"2023-12-04T11:52:14","modified_gmt":"2023-12-04T14:52:14","slug":"politica-nacional-de-residuos-solidos-voce-sabe-o-que-e-e-como-se-aplicar","status":"publish","type":"post","link":"https:\/\/iberbrasil.org.br\/blog\/2023\/12\/07\/politica-nacional-de-residuos-solidos-voce-sabe-o-que-e-e-como-se-aplicar\/","title":{"rendered":"Pol\u00edtica Nacional de Res\u00edduos S\u00f3lidos: voc\u00ea sabe o que \u00e9 e como se aplicar?"},"content":{"rendered":"<p><img fetchpriority=\"high\" decoding=\"async\" class=\"size-medium wp-image-12094 alignleft\" src=\"https:\/\/iberbrasil.org.br\/blog\/wp-content\/uploads\/2023\/12\/IBER_Peca-04_institucional-240x300.png\" alt=\"\" width=\"240\" height=\"300\" srcset=\"https:\/\/iberbrasil.org.br\/blog\/wp-content\/uploads\/2023\/12\/IBER_Peca-04_institucional-240x300.png 240w, https:\/\/iberbrasil.org.br\/blog\/wp-content\/uploads\/2023\/12\/IBER_Peca-04_institucional-819x1024.png 819w, https:\/\/iberbrasil.org.br\/blog\/wp-content\/uploads\/2023\/12\/IBER_Peca-04_institucional-768x960.png 768w, https:\/\/iberbrasil.org.br\/blog\/wp-content\/uploads\/2023\/12\/IBER_Peca-04_institucional.png 1080w\" sizes=\"(max-width: 240px) 100vw, 240px\" \/><\/p>\n<p style=\"font-weight: 400;\">No cen\u00e1rio desafiador da gest\u00e3o de res\u00edduos s\u00f3lidos, a Pol\u00edtica Nacional de Res\u00edduos S\u00f3lidos (PNRS), sob a \u00e9gide da Lei n\u00ba 12.305\/10, emerge como um farol orientador. Longe de ser apenas um conjunto de normas, essa legisla\u00e7\u00e3o redefine a forma como o pa\u00eds encara o desafio do &#8220;lixo&#8221;, impondo transpar\u00eancia e responsabilidade tanto aos setores p\u00fablicos quanto aos privados.<\/p>\n<p style=\"font-weight: 400;\"><strong>O descompasso entre consumo e destina\u00e7\u00e3o adequada<\/strong><\/p>\n<p style=\"font-weight: 400;\">O constante aumento do consumo nas cidades \u00e9 um fato incontest\u00e1vel, mas o destino final dos res\u00edduos s\u00f3lidos urbanos n\u00e3o tem acompanhado essa escalada. A destina\u00e7\u00e3o inadequada amea\u00e7a o equil\u00edbrio dos ecossistemas, contaminando solo, corpos d\u2019\u00e1gua e atmosfera, prejudicando n\u00e3o apenas o meio ambiente, mas tamb\u00e9m a sa\u00fade humana.<\/p>\n<p style=\"font-weight: 400;\">Adicionalmente, esse descompasso resulta no desperd\u00edcio de um potencial significativo. Muitos objetos poderiam ser reciclados ou reaproveitados, representando n\u00e3o apenas uma economia de recursos naturais e financeiros, mas tamb\u00e9m uma redu\u00e7\u00e3o nas emiss\u00f5es de CO2 que tanto desequilibram o a camada de oz\u00f4nio.<\/p>\n<p style=\"font-weight: 400;\"><strong>A revolu\u00e7\u00e3o de 2010: lei n\u00ba 12.305 e a institui\u00e7\u00e3o da PNRS<\/strong><\/p>\n<p style=\"font-weight: 400;\">O ano de 2010 testemunhou um marco transformador com a san\u00e7\u00e3o da Lei n\u00ba 12.305 e a institui\u00e7\u00e3o da Pol\u00edtica Nacional de Res\u00edduos S\u00f3lidos, regulamentada pelo decreto 7.404\/10. Essa legisla\u00e7\u00e3o revolucion\u00e1ria n\u00e3o se restringiu apenas a uma categoria espec\u00edfica de res\u00edduos, abrangendo desde os dom\u00e9sticos at\u00e9 os industriais e os perigosos, estabelecendo uma vis\u00e3o abrangente e integrada.<\/p>\n<p style=\"font-weight: 400;\"><strong>Objetivos claros para um futuro sustent\u00e1vel<\/strong><\/p>\n<p style=\"font-weight: 400;\">A PNRS delineou 15 objetivos, tra\u00e7ando um caminho claro em dire\u00e7\u00e3o a um futuro mais sustent\u00e1vel, sem a necessidade de recorrer \u00e0 terminologia j\u00e1 desgastada. Entre esses objetivos, destacam-se a prote\u00e7\u00e3o da sa\u00fade p\u00fablica e da qualidade ambiental, a promo\u00e7\u00e3o da gest\u00e3o integrada de res\u00edduos s\u00f3lidos e a articula\u00e7\u00e3o entre diferentes esferas do poder p\u00fablico e o setor empresarial.<\/p>\n<p style=\"font-weight: 400;\"><strong>Instrumentos para a efetividade da PNRS<\/strong><\/p>\n<p style=\"font-weight: 400;\">Como traduzir esses objetivos em a\u00e7\u00f5es tang\u00edveis? A PNRS prev\u00ea instrumentos eficazes, como a promo\u00e7\u00e3o da coleta seletiva e da reciclagem, a implementa\u00e7\u00e3o de pr\u00e1ticas de educa\u00e7\u00e3o sanit\u00e1ria e ambiental, bem como o est\u00edmulo \u00e0 log\u00edstica reversa. Dois pontos merecem destaque nesse contexto:<\/p>\n<ol style=\"font-weight: 400;\">\n<li><strong>Redu\u00e7\u00e3o de res\u00edduos e o fim dos lix\u00f5es: <\/strong>A PNRS estabelece metas claras para a redu\u00e7\u00e3o dos res\u00edduos gerados, incentivando pr\u00e1ticas de reciclagem e reaproveitamento. A meta de &#8220;elimina\u00e7\u00e3o e recupera\u00e7\u00e3o de lix\u00f5es&#8221; est\u00e1 vinculada \u00e0 inclus\u00e3o social e \u00e0 emancipa\u00e7\u00e3o econ\u00f4mica de catadores, transformando o descarte inadequado em uma oportunidade para produ\u00e7\u00e3o de biog\u00e1s, minimizando assim os danos ambientais.<\/li>\n<li><strong>Responsabilidade compartilhada e log\u00edstica reversa:<\/strong> Antes da lei, o descarte inadequado de produtos gerava uma incerteza quanto \u00e0 responsabilidade. Agora, a responsabilidade compartilhada \u00e9 claramente definida, envolvendo todos os participantes da cadeia produtiva. A an\u00e1lise do ciclo de vida do produto imp\u00f5e responsabilidades a comerciantes, fabricantes, importadores, distribuidores, cidad\u00e3os e prestadores de servi\u00e7os de manejo de res\u00edduos, fomentando a log\u00edstica reversa como uma pr\u00e1tica essencial.<\/li>\n<\/ol>\n<p style=\"font-weight: 400;\"><strong>Dez anos de espera para publica\u00e7\u00e3o do decreto<\/strong><\/p>\n<p style=\"font-weight: 400;\">Entretanto, a implementa\u00e7\u00e3o plena da PNRS enfrenta desafios significativos. A extin\u00e7\u00e3o de lix\u00f5es e a cria\u00e7\u00e3o de planos de gerenciamento ainda s\u00e3o metas em processo, com lix\u00f5es persistentes e a falta de adequa\u00e7\u00e3o em alguns aterros. Apesar das metas ambiciosas, problemas na execu\u00e7\u00e3o revelam a complexidade da transi\u00e7\u00e3o para um modelo mais sustent\u00e1vel.<\/p>\n<p style=\"font-weight: 400;\">Ap\u00f3s uma espera que se estendeu por mais de uma d\u00e9cada, o Plano Nacional de Res\u00edduos S\u00f3lidos (Planares) foi finalmente estabelecido pelo Decreto Federal N\u00ba 11.043, datado de 13 de abril de 2022, passando a vigorar em todo o territ\u00f3rio nacional.<\/p>\n<p style=\"font-weight: 400;\">Desenvolvido por meio de um Acordo de Coopera\u00e7\u00e3o T\u00e9cnica entre o Minist\u00e9rio do Meio Ambiente e a Associa\u00e7\u00e3o Brasileira de Empresas de Limpeza P\u00fablica e Res\u00edduos Especiais (ABRELPE), o Planares traz consigo diretrizes, estrat\u00e9gias, a\u00e7\u00f5es e metas, visando modernizar a gest\u00e3o de res\u00edduos s\u00f3lidos no pa\u00eds. Essas medidas t\u00eam o prop\u00f3sito de colocar em pr\u00e1tica os objetivos delineados na PRNS.<\/p>\n<p style=\"font-weight: 400;\">O Plano reitera a determina\u00e7\u00e3o de encerrar todos os lix\u00f5es no pa\u00eds at\u00e9 2024. Conforme os dados do Panorama dos Res\u00edduos S\u00f3lidos 2021 da ABRELPE indicam, a destina\u00e7\u00e3o inadequada de res\u00edduos para aterros controlados e lix\u00f5es a c\u00e9u aberto continua a receber quase 40% do total de res\u00edduos coletados, equivalente a 30,3 milh\u00f5es de toneladas anuais. Essa quantidade seria suficiente para preencher 765 est\u00e1dios do Maracan\u00e3, impactando diretamente o meio ambiente e a sa\u00fade de 77,5 milh\u00f5es de pessoas.<\/p>\n<p style=\"font-weight: 400;\">Ao implementar as metas para cumprir diversas disposi\u00e7\u00f5es da Lei, o Plano Nacional de Res\u00edduos S\u00f3lidos (Planares) fixa um aumento progressivo na recupera\u00e7\u00e3o de res\u00edduos, estipulando uma meta de 50% de aproveitamento ao longo de duas d\u00e9cadas. Dessa forma, metade dos res\u00edduos produzidos ser\u00e1 valorizada por meio de pr\u00e1ticas como reciclagem, compostagem, biodigest\u00e3o e recupera\u00e7\u00e3o energ\u00e9tica. Esse avan\u00e7o \u00e9 significativo quando comparado ao cen\u00e1rio atual, onde apenas 3% dos res\u00edduos s\u00f3lidos urbanos s\u00e3o recuperados.<\/p>\n","protected":false},"excerpt":{"rendered":"<p>No cen\u00e1rio desafiador da gest\u00e3o de res\u00edduos s\u00f3lidos, a Pol\u00edtica Nacional de Res\u00edduos S\u00f3lidos (PNRS), sob a \u00e9gide da Lei n\u00ba 12.305\/10, emerge como um farol orientador. Longe de ser apenas um conjunto de normas, essa legisla\u00e7\u00e3o redefine a forma como o pa\u00eds encara o desafio do &#8220;lixo&#8221;, impondo transpar\u00eancia e responsabilidade tanto aos setores [&hellip;]<\/p>\n","protected":false},"author":1,"featured_media":12094,"comment_status":"open","ping_status":"open","sticky":false,"template":"","format":"standard","meta":{"footnotes":""},"categories":[128],"tags":[],"class_list":["post-12093","post","type-post","status-publish","format-standard","has-post-thumbnail","hentry","category-plano-nacional-de-residuos-solidos"],"yoast_head":"<!-- This site is optimized with the Yoast SEO plugin v27.3 - https:\/\/yoast.com\/product\/yoast-seo-wordpress\/ -->\n<title>Pol\u00edtica Nacional de Res\u00edduos S\u00f3lidos: voc\u00ea sabe o que \u00e9 e como se aplicar? &#8226; IBER<\/title>\n<meta name=\"description\" content=\"No cen\u00e1rio desafiador da gest\u00e3o de res\u00edduos s\u00f3lidos, a Pol\u00edtica Nacional de Res\u00edduos S\u00f3lidos (PNRS), sob a \u00e9gide da Lei n\u00ba 12.305\/10, emerge como um farol orientador. Longe de ser apenas um conjunto de normas, essa legisla\u00e7\u00e3o redefine a forma como o pa\u00eds encara o desafio do &quot;lixo&quot;, impondo transpar\u00eancia e responsabilidade tanto aos setores p\u00fablicos quanto aos privados.\" \/>\n<meta name=\"robots\" content=\"index, follow, max-snippet:-1, max-image-preview:large, max-video-preview:-1\" \/>\n<link rel=\"canonical\" href=\"https:\/\/iberbrasil.org.br\/blog\/2023\/12\/07\/politica-nacional-de-residuos-solidos-voce-sabe-o-que-e-e-como-se-aplicar\/\" \/>\n<meta property=\"og:locale\" content=\"pt_BR\" \/>\n<meta property=\"og:type\" content=\"article\" \/>\n<meta property=\"og:title\" content=\"Pol\u00edtica Nacional de Res\u00edduos S\u00f3lidos: voc\u00ea sabe o que \u00e9 e como se aplicar? &#8226; IBER\" \/>\n<meta property=\"og:description\" content=\"No cen\u00e1rio desafiador da gest\u00e3o de res\u00edduos s\u00f3lidos, a Pol\u00edtica Nacional de Res\u00edduos S\u00f3lidos (PNRS), sob a \u00e9gide da Lei n\u00ba 12.305\/10, emerge como um farol orientador. Longe de ser apenas um conjunto de normas, essa legisla\u00e7\u00e3o redefine a forma como o pa\u00eds encara o desafio do &quot;lixo&quot;, impondo transpar\u00eancia e responsabilidade tanto aos setores p\u00fablicos quanto aos privados.\" \/>\n<meta property=\"og:url\" content=\"https:\/\/iberbrasil.org.br\/blog\/2023\/12\/07\/politica-nacional-de-residuos-solidos-voce-sabe-o-que-e-e-como-se-aplicar\/\" \/>\n<meta property=\"og:site_name\" content=\"IBER\" \/>\n<meta property=\"article:published_time\" content=\"2023-12-07T14:46:30+00:00\" \/>\n<meta property=\"og:image\" content=\"https:\/\/iberbrasil.org.br\/blog\/wp-content\/uploads\/2023\/12\/IBER_Peca-04_institucional-819x1024.png\" \/>\n\t<meta property=\"og:image:width\" content=\"819\" \/>\n\t<meta property=\"og:image:height\" content=\"1024\" \/>\n\t<meta property=\"og:image:type\" content=\"image\/png\" \/>\n<meta name=\"author\" content=\"admin\" \/>\n<meta name=\"twitter:card\" content=\"summary_large_image\" \/>\n<meta name=\"twitter:label1\" content=\"Escrito por\" \/>\n\t<meta name=\"twitter:data1\" content=\"admin\" \/>\n\t<meta name=\"twitter:label2\" content=\"Est. tempo de leitura\" \/>\n\t<meta name=\"twitter:data2\" content=\"5 minutos\" \/>\n<script type=\"application\/ld+json\" class=\"yoast-schema-graph\">{\"@context\":\"https:\\\/\\\/schema.org\",\"@graph\":[{\"@type\":\"Article\",\"@id\":\"https:\\\/\\\/iberbrasil.org.br\\\/blog\\\/2023\\\/12\\\/07\\\/politica-nacional-de-residuos-solidos-voce-sabe-o-que-e-e-como-se-aplicar\\\/#article\",\"isPartOf\":{\"@id\":\"https:\\\/\\\/iberbrasil.org.br\\\/blog\\\/2023\\\/12\\\/07\\\/politica-nacional-de-residuos-solidos-voce-sabe-o-que-e-e-como-se-aplicar\\\/\"},\"author\":{\"name\":\"admin\",\"@id\":\"\\\/#\\\/schema\\\/person\\\/a2f7e3afbce17246c983c91f86f4d7b8\"},\"headline\":\"Pol\u00edtica Nacional de Res\u00edduos S\u00f3lidos: voc\u00ea sabe o que \u00e9 e como se aplicar?\",\"datePublished\":\"2023-12-07T14:46:30+00:00\",\"mainEntityOfPage\":{\"@id\":\"https:\\\/\\\/iberbrasil.org.br\\\/blog\\\/2023\\\/12\\\/07\\\/politica-nacional-de-residuos-solidos-voce-sabe-o-que-e-e-como-se-aplicar\\\/\"},\"wordCount\":919,\"commentCount\":0,\"publisher\":{\"@id\":\"\\\/#organization\"},\"image\":{\"@id\":\"https:\\\/\\\/iberbrasil.org.br\\\/blog\\\/2023\\\/12\\\/07\\\/politica-nacional-de-residuos-solidos-voce-sabe-o-que-e-e-como-se-aplicar\\\/#primaryimage\"},\"thumbnailUrl\":\"https:\\\/\\\/iberbrasil.org.br\\\/blog\\\/wp-content\\\/uploads\\\/2023\\\/12\\\/IBER_Peca-04_institucional.png\",\"articleSection\":[\"Plano Nacional de Res\u00edduos S\u00f3lidos\"],\"inLanguage\":\"pt-BR\",\"potentialAction\":[{\"@type\":\"CommentAction\",\"name\":\"Comment\",\"target\":[\"https:\\\/\\\/iberbrasil.org.br\\\/blog\\\/2023\\\/12\\\/07\\\/politica-nacional-de-residuos-solidos-voce-sabe-o-que-e-e-como-se-aplicar\\\/#respond\"]}]},{\"@type\":\"WebPage\",\"@id\":\"https:\\\/\\\/iberbrasil.org.br\\\/blog\\\/2023\\\/12\\\/07\\\/politica-nacional-de-residuos-solidos-voce-sabe-o-que-e-e-como-se-aplicar\\\/\",\"url\":\"https:\\\/\\\/iberbrasil.org.br\\\/blog\\\/2023\\\/12\\\/07\\\/politica-nacional-de-residuos-solidos-voce-sabe-o-que-e-e-como-se-aplicar\\\/\",\"name\":\"Pol\u00edtica Nacional de Res\u00edduos S\u00f3lidos: voc\u00ea sabe o que \u00e9 e como se aplicar? &#8226; IBER\",\"isPartOf\":{\"@id\":\"\\\/#website\"},\"primaryImageOfPage\":{\"@id\":\"https:\\\/\\\/iberbrasil.org.br\\\/blog\\\/2023\\\/12\\\/07\\\/politica-nacional-de-residuos-solidos-voce-sabe-o-que-e-e-como-se-aplicar\\\/#primaryimage\"},\"image\":{\"@id\":\"https:\\\/\\\/iberbrasil.org.br\\\/blog\\\/2023\\\/12\\\/07\\\/politica-nacional-de-residuos-solidos-voce-sabe-o-que-e-e-como-se-aplicar\\\/#primaryimage\"},\"thumbnailUrl\":\"https:\\\/\\\/iberbrasil.org.br\\\/blog\\\/wp-content\\\/uploads\\\/2023\\\/12\\\/IBER_Peca-04_institucional.png\",\"datePublished\":\"2023-12-07T14:46:30+00:00\",\"description\":\"No cen\u00e1rio desafiador da gest\u00e3o de res\u00edduos s\u00f3lidos, a Pol\u00edtica Nacional de Res\u00edduos S\u00f3lidos (PNRS), sob a \u00e9gide da Lei n\u00ba 12.305\\\/10, emerge como um farol orientador. Longe de ser apenas um conjunto de normas, essa legisla\u00e7\u00e3o redefine a forma como o pa\u00eds encara o desafio do \\\"lixo\\\", impondo transpar\u00eancia e responsabilidade tanto aos setores p\u00fablicos quanto aos privados.\",\"breadcrumb\":{\"@id\":\"https:\\\/\\\/iberbrasil.org.br\\\/blog\\\/2023\\\/12\\\/07\\\/politica-nacional-de-residuos-solidos-voce-sabe-o-que-e-e-como-se-aplicar\\\/#breadcrumb\"},\"inLanguage\":\"pt-BR\",\"potentialAction\":[{\"@type\":\"ReadAction\",\"target\":[\"https:\\\/\\\/iberbrasil.org.br\\\/blog\\\/2023\\\/12\\\/07\\\/politica-nacional-de-residuos-solidos-voce-sabe-o-que-e-e-como-se-aplicar\\\/\"]}]},{\"@type\":\"ImageObject\",\"inLanguage\":\"pt-BR\",\"@id\":\"https:\\\/\\\/iberbrasil.org.br\\\/blog\\\/2023\\\/12\\\/07\\\/politica-nacional-de-residuos-solidos-voce-sabe-o-que-e-e-como-se-aplicar\\\/#primaryimage\",\"url\":\"https:\\\/\\\/iberbrasil.org.br\\\/blog\\\/wp-content\\\/uploads\\\/2023\\\/12\\\/IBER_Peca-04_institucional.png\",\"contentUrl\":\"https:\\\/\\\/iberbrasil.org.br\\\/blog\\\/wp-content\\\/uploads\\\/2023\\\/12\\\/IBER_Peca-04_institucional.png\",\"width\":1080,\"height\":1350},{\"@type\":\"BreadcrumbList\",\"@id\":\"https:\\\/\\\/iberbrasil.org.br\\\/blog\\\/2023\\\/12\\\/07\\\/politica-nacional-de-residuos-solidos-voce-sabe-o-que-e-e-como-se-aplicar\\\/#breadcrumb\",\"itemListElement\":[{\"@type\":\"ListItem\",\"position\":1,\"name\":\"Home\",\"item\":\"https:\\\/\\\/iberbrasil.org.br\\\/blog\\\/\"},{\"@type\":\"ListItem\",\"position\":2,\"name\":\"Pol\u00edtica Nacional de Res\u00edduos S\u00f3lidos: voc\u00ea sabe o que \u00e9 e como se aplicar?\"}]},{\"@type\":\"WebSite\",\"@id\":\"\\\/#website\",\"url\":\"\\\/\",\"name\":\"IBER\",\"description\":\"Instituto Brasileiro de Energia Recicl\u00e1vel\",\"publisher\":{\"@id\":\"\\\/#organization\"},\"potentialAction\":[{\"@type\":\"SearchAction\",\"target\":{\"@type\":\"EntryPoint\",\"urlTemplate\":\"\\\/?s={search_term_string}\"},\"query-input\":{\"@type\":\"PropertyValueSpecification\",\"valueRequired\":true,\"valueName\":\"search_term_string\"}}],\"inLanguage\":\"pt-BR\"},{\"@type\":\"Organization\",\"@id\":\"\\\/#organization\",\"name\":\"IBER Brasil\",\"url\":\"\\\/\",\"logo\":{\"@type\":\"ImageObject\",\"inLanguage\":\"pt-BR\",\"@id\":\"\\\/#\\\/schema\\\/logo\\\/image\\\/\",\"url\":\"https:\\\/\\\/iberbrasil.org.br\\\/blog\\\/wp-content\\\/uploads\\\/2021\\\/01\\\/logo-iber-2.png\",\"contentUrl\":\"https:\\\/\\\/iberbrasil.org.br\\\/blog\\\/wp-content\\\/uploads\\\/2021\\\/01\\\/logo-iber-2.png\",\"width\":317,\"height\":86,\"caption\":\"IBER Brasil\"},\"image\":{\"@id\":\"\\\/#\\\/schema\\\/logo\\\/image\\\/\"}},{\"@type\":\"Person\",\"@id\":\"\\\/#\\\/schema\\\/person\\\/a2f7e3afbce17246c983c91f86f4d7b8\",\"name\":\"admin\",\"image\":{\"@type\":\"ImageObject\",\"inLanguage\":\"pt-BR\",\"@id\":\"https:\\\/\\\/secure.gravatar.com\\\/avatar\\\/fa001a3b411f2335327a3fcf246a92536d0ac705fdf27b3e43401b6e4ffe5710?s=96&d=blank&r=g\",\"url\":\"https:\\\/\\\/secure.gravatar.com\\\/avatar\\\/fa001a3b411f2335327a3fcf246a92536d0ac705fdf27b3e43401b6e4ffe5710?s=96&d=blank&r=g\",\"contentUrl\":\"https:\\\/\\\/secure.gravatar.com\\\/avatar\\\/fa001a3b411f2335327a3fcf246a92536d0ac705fdf27b3e43401b6e4ffe5710?s=96&d=blank&r=g\",\"caption\":\"admin\"},\"sameAs\":[\"https:\\\/\\\/iberbrasil.org.br\\\/blog\"],\"url\":\"https:\\\/\\\/iberbrasil.org.br\\\/blog\\\/author\\\/admin\\\/\"}]}<\/script>\n<!-- \/ Yoast SEO plugin. -->","yoast_head_json":{"title":"Pol\u00edtica Nacional de Res\u00edduos S\u00f3lidos: voc\u00ea sabe o que \u00e9 e como se aplicar? &#8226; IBER","description":"No cen\u00e1rio desafiador da gest\u00e3o de res\u00edduos s\u00f3lidos, a Pol\u00edtica Nacional de Res\u00edduos S\u00f3lidos (PNRS), sob a \u00e9gide da Lei n\u00ba 12.305\/10, emerge como um farol orientador. Longe de ser apenas um conjunto de normas, essa legisla\u00e7\u00e3o redefine a forma como o pa\u00eds encara o desafio do \"lixo\", impondo transpar\u00eancia e responsabilidade tanto aos setores p\u00fablicos quanto aos privados.","robots":{"index":"index","follow":"follow","max-snippet":"max-snippet:-1","max-image-preview":"max-image-preview:large","max-video-preview":"max-video-preview:-1"},"canonical":"https:\/\/iberbrasil.org.br\/blog\/2023\/12\/07\/politica-nacional-de-residuos-solidos-voce-sabe-o-que-e-e-como-se-aplicar\/","og_locale":"pt_BR","og_type":"article","og_title":"Pol\u00edtica Nacional de Res\u00edduos S\u00f3lidos: voc\u00ea sabe o que \u00e9 e como se aplicar? &#8226; IBER","og_description":"No cen\u00e1rio desafiador da gest\u00e3o de res\u00edduos s\u00f3lidos, a Pol\u00edtica Nacional de Res\u00edduos S\u00f3lidos (PNRS), sob a \u00e9gide da Lei n\u00ba 12.305\/10, emerge como um farol orientador. Longe de ser apenas um conjunto de normas, essa legisla\u00e7\u00e3o redefine a forma como o pa\u00eds encara o desafio do \"lixo\", impondo transpar\u00eancia e responsabilidade tanto aos setores p\u00fablicos quanto aos privados.","og_url":"https:\/\/iberbrasil.org.br\/blog\/2023\/12\/07\/politica-nacional-de-residuos-solidos-voce-sabe-o-que-e-e-como-se-aplicar\/","og_site_name":"IBER","article_published_time":"2023-12-07T14:46:30+00:00","og_image":[{"width":819,"height":1024,"url":"https:\/\/iberbrasil.org.br\/blog\/wp-content\/uploads\/2023\/12\/IBER_Peca-04_institucional-819x1024.png","type":"image\/png"}],"author":"admin","twitter_card":"summary_large_image","twitter_misc":{"Escrito por":"admin","Est. tempo de leitura":"5 minutos"},"schema":{"@context":"https:\/\/schema.org","@graph":[{"@type":"Article","@id":"https:\/\/iberbrasil.org.br\/blog\/2023\/12\/07\/politica-nacional-de-residuos-solidos-voce-sabe-o-que-e-e-como-se-aplicar\/#article","isPartOf":{"@id":"https:\/\/iberbrasil.org.br\/blog\/2023\/12\/07\/politica-nacional-de-residuos-solidos-voce-sabe-o-que-e-e-como-se-aplicar\/"},"author":{"name":"admin","@id":"\/#\/schema\/person\/a2f7e3afbce17246c983c91f86f4d7b8"},"headline":"Pol\u00edtica Nacional de Res\u00edduos S\u00f3lidos: voc\u00ea sabe o que \u00e9 e como se aplicar?","datePublished":"2023-12-07T14:46:30+00:00","mainEntityOfPage":{"@id":"https:\/\/iberbrasil.org.br\/blog\/2023\/12\/07\/politica-nacional-de-residuos-solidos-voce-sabe-o-que-e-e-como-se-aplicar\/"},"wordCount":919,"commentCount":0,"publisher":{"@id":"\/#organization"},"image":{"@id":"https:\/\/iberbrasil.org.br\/blog\/2023\/12\/07\/politica-nacional-de-residuos-solidos-voce-sabe-o-que-e-e-como-se-aplicar\/#primaryimage"},"thumbnailUrl":"https:\/\/iberbrasil.org.br\/blog\/wp-content\/uploads\/2023\/12\/IBER_Peca-04_institucional.png","articleSection":["Plano Nacional de Res\u00edduos S\u00f3lidos"],"inLanguage":"pt-BR","potentialAction":[{"@type":"CommentAction","name":"Comment","target":["https:\/\/iberbrasil.org.br\/blog\/2023\/12\/07\/politica-nacional-de-residuos-solidos-voce-sabe-o-que-e-e-como-se-aplicar\/#respond"]}]},{"@type":"WebPage","@id":"https:\/\/iberbrasil.org.br\/blog\/2023\/12\/07\/politica-nacional-de-residuos-solidos-voce-sabe-o-que-e-e-como-se-aplicar\/","url":"https:\/\/iberbrasil.org.br\/blog\/2023\/12\/07\/politica-nacional-de-residuos-solidos-voce-sabe-o-que-e-e-como-se-aplicar\/","name":"Pol\u00edtica Nacional de Res\u00edduos S\u00f3lidos: voc\u00ea sabe o que \u00e9 e como se aplicar? &#8226; IBER","isPartOf":{"@id":"\/#website"},"primaryImageOfPage":{"@id":"https:\/\/iberbrasil.org.br\/blog\/2023\/12\/07\/politica-nacional-de-residuos-solidos-voce-sabe-o-que-e-e-como-se-aplicar\/#primaryimage"},"image":{"@id":"https:\/\/iberbrasil.org.br\/blog\/2023\/12\/07\/politica-nacional-de-residuos-solidos-voce-sabe-o-que-e-e-como-se-aplicar\/#primaryimage"},"thumbnailUrl":"https:\/\/iberbrasil.org.br\/blog\/wp-content\/uploads\/2023\/12\/IBER_Peca-04_institucional.png","datePublished":"2023-12-07T14:46:30+00:00","description":"No cen\u00e1rio desafiador da gest\u00e3o de res\u00edduos s\u00f3lidos, a Pol\u00edtica Nacional de Res\u00edduos S\u00f3lidos (PNRS), sob a \u00e9gide da Lei n\u00ba 12.305\/10, emerge como um farol orientador. Longe de ser apenas um conjunto de normas, essa legisla\u00e7\u00e3o redefine a forma como o pa\u00eds encara o desafio do \"lixo\", impondo transpar\u00eancia e responsabilidade tanto aos setores p\u00fablicos quanto aos privados.","breadcrumb":{"@id":"https:\/\/iberbrasil.org.br\/blog\/2023\/12\/07\/politica-nacional-de-residuos-solidos-voce-sabe-o-que-e-e-como-se-aplicar\/#breadcrumb"},"inLanguage":"pt-BR","potentialAction":[{"@type":"ReadAction","target":["https:\/\/iberbrasil.org.br\/blog\/2023\/12\/07\/politica-nacional-de-residuos-solidos-voce-sabe-o-que-e-e-como-se-aplicar\/"]}]},{"@type":"ImageObject","inLanguage":"pt-BR","@id":"https:\/\/iberbrasil.org.br\/blog\/2023\/12\/07\/politica-nacional-de-residuos-solidos-voce-sabe-o-que-e-e-como-se-aplicar\/#primaryimage","url":"https:\/\/iberbrasil.org.br\/blog\/wp-content\/uploads\/2023\/12\/IBER_Peca-04_institucional.png","contentUrl":"https:\/\/iberbrasil.org.br\/blog\/wp-content\/uploads\/2023\/12\/IBER_Peca-04_institucional.png","width":1080,"height":1350},{"@type":"BreadcrumbList","@id":"https:\/\/iberbrasil.org.br\/blog\/2023\/12\/07\/politica-nacional-de-residuos-solidos-voce-sabe-o-que-e-e-como-se-aplicar\/#breadcrumb","itemListElement":[{"@type":"ListItem","position":1,"name":"Home","item":"https:\/\/iberbrasil.org.br\/blog\/"},{"@type":"ListItem","position":2,"name":"Pol\u00edtica Nacional de Res\u00edduos S\u00f3lidos: voc\u00ea sabe o que \u00e9 e como se aplicar?"}]},{"@type":"WebSite","@id":"\/#website","url":"\/","name":"IBER","description":"Instituto Brasileiro de Energia Recicl\u00e1vel","publisher":{"@id":"\/#organization"},"potentialAction":[{"@type":"SearchAction","target":{"@type":"EntryPoint","urlTemplate":"\/?s={search_term_string}"},"query-input":{"@type":"PropertyValueSpecification","valueRequired":true,"valueName":"search_term_string"}}],"inLanguage":"pt-BR"},{"@type":"Organization","@id":"\/#organization","name":"IBER Brasil","url":"\/","logo":{"@type":"ImageObject","inLanguage":"pt-BR","@id":"\/#\/schema\/logo\/image\/","url":"https:\/\/iberbrasil.org.br\/blog\/wp-content\/uploads\/2021\/01\/logo-iber-2.png","contentUrl":"https:\/\/iberbrasil.org.br\/blog\/wp-content\/uploads\/2021\/01\/logo-iber-2.png","width":317,"height":86,"caption":"IBER Brasil"},"image":{"@id":"\/#\/schema\/logo\/image\/"}},{"@type":"Person","@id":"\/#\/schema\/person\/a2f7e3afbce17246c983c91f86f4d7b8","name":"admin","image":{"@type":"ImageObject","inLanguage":"pt-BR","@id":"https:\/\/secure.gravatar.com\/avatar\/fa001a3b411f2335327a3fcf246a92536d0ac705fdf27b3e43401b6e4ffe5710?s=96&d=blank&r=g","url":"https:\/\/secure.gravatar.com\/avatar\/fa001a3b411f2335327a3fcf246a92536d0ac705fdf27b3e43401b6e4ffe5710?s=96&d=blank&r=g","contentUrl":"https:\/\/secure.gravatar.com\/avatar\/fa001a3b411f2335327a3fcf246a92536d0ac705fdf27b3e43401b6e4ffe5710?s=96&d=blank&r=g","caption":"admin"},"sameAs":["https:\/\/iberbrasil.org.br\/blog"],"url":"https:\/\/iberbrasil.org.br\/blog\/author\/admin\/"}]}},"_links":{"self":[{"href":"https:\/\/iberbrasil.org.br\/blog\/wp-json\/wp\/v2\/posts\/12093","targetHints":{"allow":["GET"]}}],"collection":[{"href":"https:\/\/iberbrasil.org.br\/blog\/wp-json\/wp\/v2\/posts"}],"about":[{"href":"https:\/\/iberbrasil.org.br\/blog\/wp-json\/wp\/v2\/types\/post"}],"author":[{"embeddable":true,"href":"https:\/\/iberbrasil.org.br\/blog\/wp-json\/wp\/v2\/users\/1"}],"replies":[{"embeddable":true,"href":"https:\/\/iberbrasil.org.br\/blog\/wp-json\/wp\/v2\/comments?post=12093"}],"version-history":[{"count":1,"href":"https:\/\/iberbrasil.org.br\/blog\/wp-json\/wp\/v2\/posts\/12093\/revisions"}],"predecessor-version":[{"id":12095,"href":"https:\/\/iberbrasil.org.br\/blog\/wp-json\/wp\/v2\/posts\/12093\/revisions\/12095"}],"wp:featuredmedia":[{"embeddable":true,"href":"https:\/\/iberbrasil.org.br\/blog\/wp-json\/wp\/v2\/media\/12094"}],"wp:attachment":[{"href":"https:\/\/iberbrasil.org.br\/blog\/wp-json\/wp\/v2\/media?parent=12093"}],"wp:term":[{"taxonomy":"category","embeddable":true,"href":"https:\/\/iberbrasil.org.br\/blog\/wp-json\/wp\/v2\/categories?post=12093"},{"taxonomy":"post_tag","embeddable":true,"href":"https:\/\/iberbrasil.org.br\/blog\/wp-json\/wp\/v2\/tags?post=12093"}],"curies":[{"name":"wp","href":"https:\/\/api.w.org\/{rel}","templated":true}]}}