{"id":12071,"date":"2023-11-16T10:20:27","date_gmt":"2023-11-16T13:20:27","guid":{"rendered":"https:\/\/iberbrasil.org.br\/blog\/?p=12071"},"modified":"2023-11-16T11:13:26","modified_gmt":"2023-11-16T14:13:26","slug":"iber-assina-termo-de-compromisso-com-santa-catarina-e-recebe-reconhecimento","status":"publish","type":"post","link":"https:\/\/iberbrasil.org.br\/blog\/2023\/11\/16\/iber-assina-termo-de-compromisso-com-santa-catarina-e-recebe-reconhecimento\/","title":{"rendered":"IBER assina Termo de Compromisso com Santa Catarina e recebe reconhecimento"},"content":{"rendered":"<p><img fetchpriority=\"high\" decoding=\"async\" class=\"size-medium wp-image-12072 alignright\" src=\"https:\/\/iberbrasil.org.br\/blog\/wp-content\/uploads\/2023\/11\/WhatsApp-Image-2023-11-16-at-09.56.23-1-300x225.jpeg\" alt=\"\" width=\"300\" height=\"225\" srcset=\"https:\/\/iberbrasil.org.br\/blog\/wp-content\/uploads\/2023\/11\/WhatsApp-Image-2023-11-16-at-09.56.23-1-300x225.jpeg 300w, https:\/\/iberbrasil.org.br\/blog\/wp-content\/uploads\/2023\/11\/WhatsApp-Image-2023-11-16-at-09.56.23-1-768x576.jpeg 768w, https:\/\/iberbrasil.org.br\/blog\/wp-content\/uploads\/2023\/11\/WhatsApp-Image-2023-11-16-at-09.56.23-1.jpeg 1024w\" sizes=\"(max-width: 300px) 100vw, 300px\" \/><\/p>\n<p style=\"font-weight: 400;\">No dia 06 de novembro foi assinado o Termo de Compromisso para implementa\u00e7\u00e3o da log\u00edstica reversa de baterias chumbo \u00e1cido com o Estado de Santa Catarina. Em junho houve tentativa de assinatura, por\u00e9m por altera\u00e7\u00f5es na estrutura do governo teve que passar por nova reda\u00e7\u00e3o. As organiza\u00e7\u00f5es que fazem parte do documento s\u00e3o: \u00f3rg\u00e3os ambientais estaduais IMA e SEMAE, o IBER, a federa\u00e7\u00e3o das ind\u00fastrias e com\u00e9rcio \u2013 FIESC e a ABRABAT.<\/p>\n<p style=\"font-weight: 400;\">O novo TC traz metas de recolhimento e metas geogr\u00e1ficas alinhadas com as propostas do Plano de log\u00edstica reversa, apresentado para atender o acordo setorial nacional e traz inova\u00e7\u00f5es criadas a partir das li\u00e7\u00f5es aprendidas com outros estados.<\/p>\n<p style=\"font-weight: 400;\">Al\u00e9m disso, o IBER participar\u00e1 ativamente do programa estadual Penso, logo destino, parceria entre estado, munic\u00edpios e entidades gestoras que tem trazido resultados expressivos para o crescimento do sistema em todo o estado.<\/p>\n<p><img decoding=\"async\" class=\"size-medium wp-image-12073 alignleft\" src=\"https:\/\/iberbrasil.org.br\/blog\/wp-content\/uploads\/2023\/11\/WhatsApp-Image-2023-11-16-at-09.56.23-169x300.jpeg\" alt=\"\" width=\"169\" height=\"300\" srcset=\"https:\/\/iberbrasil.org.br\/blog\/wp-content\/uploads\/2023\/11\/WhatsApp-Image-2023-11-16-at-09.56.23-169x300.jpeg 169w, https:\/\/iberbrasil.org.br\/blog\/wp-content\/uploads\/2023\/11\/WhatsApp-Image-2023-11-16-at-09.56.23.jpeg 576w\" sizes=\"(max-width: 169px) 100vw, 169px\" \/><\/p>\n<p style=\"font-weight: 400;\">Ainda, no dia 07 de novembro o IBER participou do encontro estadual do Programa, que ocorreu em Nova Veneza, e recebeu o reconhecimento estadual, por meio do pr\u00eamio Formiguinha, pela iniciativa de fechar parceria com estado atrav\u00e9s de um documento formal e atividades desenvolvidas para envolver todos os respons\u00e1veis no processo de log\u00edstica reversa previsto pela PNRS.<\/p>\n","protected":false},"excerpt":{"rendered":"<p>No dia 06 de novembro foi assinado o Termo de Compromisso para implementa\u00e7\u00e3o da log\u00edstica reversa de baterias chumbo \u00e1cido com o Estado de Santa Catarina. Em junho houve tentativa de assinatura, por\u00e9m por altera\u00e7\u00f5es na estrutura do governo teve que passar por nova reda\u00e7\u00e3o. As organiza\u00e7\u00f5es que fazem parte do documento s\u00e3o: \u00f3rg\u00e3os ambientais [&hellip;]<\/p>\n","protected":false},"author":1,"featured_media":12072,"comment_status":"open","ping_status":"open","sticky":false,"template":"","format":"standard","meta":{"footnotes":""},"categories":[55,77],"tags":[],"class_list":["post-12071","post","type-post","status-publish","format-standard","has-post-thumbnail","hentry","category-eventos","category-logistica-reversa"],"yoast_head":"<!-- This site is optimized with the Yoast SEO plugin v27.3 - https:\/\/yoast.com\/product\/yoast-seo-wordpress\/ -->\n<title>IBER assina Termo de Compromisso com Santa Catarina e recebe reconhecimento &#8226; IBER<\/title>\n<meta name=\"description\" content=\"Foi assinado o Termo de Compromisso para implementa\u00e7\u00e3o da log\u00edstica reversa de baterias chumbo \u00e1cido com o Estado de Santa Catarina, o novo TC traz metas de recolhimento e metas geogr\u00e1ficas alinhadas com as propostas do Plano de log\u00edstica reversa.\" \/>\n<meta name=\"robots\" content=\"index, follow, max-snippet:-1, max-image-preview:large, max-video-preview:-1\" \/>\n<link rel=\"canonical\" href=\"https:\/\/iberbrasil.org.br\/blog\/2023\/11\/16\/iber-assina-termo-de-compromisso-com-santa-catarina-e-recebe-reconhecimento\/\" \/>\n<meta property=\"og:locale\" content=\"pt_BR\" \/>\n<meta property=\"og:type\" content=\"article\" \/>\n<meta property=\"og:title\" content=\"IBER assina Termo de Compromisso com Santa Catarina e recebe reconhecimento &#8226; IBER\" \/>\n<meta property=\"og:description\" content=\"Foi assinado o Termo de Compromisso para implementa\u00e7\u00e3o da log\u00edstica reversa de baterias chumbo \u00e1cido com o Estado de Santa Catarina, o novo TC traz metas de recolhimento e metas geogr\u00e1ficas alinhadas com as propostas do Plano de log\u00edstica reversa.\" \/>\n<meta property=\"og:url\" content=\"https:\/\/iberbrasil.org.br\/blog\/2023\/11\/16\/iber-assina-termo-de-compromisso-com-santa-catarina-e-recebe-reconhecimento\/\" \/>\n<meta property=\"og:site_name\" content=\"IBER\" \/>\n<meta property=\"article:published_time\" content=\"2023-11-16T13:20:27+00:00\" \/>\n<meta property=\"article:modified_time\" content=\"2023-11-16T14:13:26+00:00\" \/>\n<meta property=\"og:image\" content=\"https:\/\/iberbrasil.org.br\/blog\/wp-content\/uploads\/2023\/11\/WhatsApp-Image-2023-11-16-at-09.56.23-1.jpeg\" \/>\n\t<meta property=\"og:image:width\" content=\"1024\" \/>\n\t<meta property=\"og:image:height\" content=\"768\" \/>\n\t<meta property=\"og:image:type\" content=\"image\/jpeg\" \/>\n<meta name=\"author\" content=\"admin\" \/>\n<meta name=\"twitter:card\" content=\"summary_large_image\" \/>\n<meta name=\"twitter:label1\" content=\"Escrito por\" \/>\n\t<meta name=\"twitter:data1\" content=\"admin\" \/>\n\t<meta name=\"twitter:label2\" content=\"Est. tempo de leitura\" \/>\n\t<meta name=\"twitter:data2\" content=\"2 minutos\" \/>\n<script type=\"application\/ld+json\" class=\"yoast-schema-graph\">{\"@context\":\"https:\\\/\\\/schema.org\",\"@graph\":[{\"@type\":\"Article\",\"@id\":\"https:\\\/\\\/iberbrasil.org.br\\\/blog\\\/2023\\\/11\\\/16\\\/iber-assina-termo-de-compromisso-com-santa-catarina-e-recebe-reconhecimento\\\/#article\",\"isPartOf\":{\"@id\":\"https:\\\/\\\/iberbrasil.org.br\\\/blog\\\/2023\\\/11\\\/16\\\/iber-assina-termo-de-compromisso-com-santa-catarina-e-recebe-reconhecimento\\\/\"},\"author\":{\"name\":\"admin\",\"@id\":\"\\\/#\\\/schema\\\/person\\\/a2f7e3afbce17246c983c91f86f4d7b8\"},\"headline\":\"IBER assina Termo de Compromisso com Santa Catarina e recebe reconhecimento\",\"datePublished\":\"2023-11-16T13:20:27+00:00\",\"dateModified\":\"2023-11-16T14:13:26+00:00\",\"mainEntityOfPage\":{\"@id\":\"https:\\\/\\\/iberbrasil.org.br\\\/blog\\\/2023\\\/11\\\/16\\\/iber-assina-termo-de-compromisso-com-santa-catarina-e-recebe-reconhecimento\\\/\"},\"wordCount\":229,\"commentCount\":0,\"publisher\":{\"@id\":\"\\\/#organization\"},\"image\":{\"@id\":\"https:\\\/\\\/iberbrasil.org.br\\\/blog\\\/2023\\\/11\\\/16\\\/iber-assina-termo-de-compromisso-com-santa-catarina-e-recebe-reconhecimento\\\/#primaryimage\"},\"thumbnailUrl\":\"https:\\\/\\\/iberbrasil.org.br\\\/blog\\\/wp-content\\\/uploads\\\/2023\\\/11\\\/WhatsApp-Image-2023-11-16-at-09.56.23-1.jpeg\",\"articleSection\":[\"Eventos\",\"Log\u00edstica Reversa\"],\"inLanguage\":\"pt-BR\",\"potentialAction\":[{\"@type\":\"CommentAction\",\"name\":\"Comment\",\"target\":[\"https:\\\/\\\/iberbrasil.org.br\\\/blog\\\/2023\\\/11\\\/16\\\/iber-assina-termo-de-compromisso-com-santa-catarina-e-recebe-reconhecimento\\\/#respond\"]}]},{\"@type\":\"WebPage\",\"@id\":\"https:\\\/\\\/iberbrasil.org.br\\\/blog\\\/2023\\\/11\\\/16\\\/iber-assina-termo-de-compromisso-com-santa-catarina-e-recebe-reconhecimento\\\/\",\"url\":\"https:\\\/\\\/iberbrasil.org.br\\\/blog\\\/2023\\\/11\\\/16\\\/iber-assina-termo-de-compromisso-com-santa-catarina-e-recebe-reconhecimento\\\/\",\"name\":\"IBER assina Termo de Compromisso com Santa Catarina e recebe reconhecimento &#8226; IBER\",\"isPartOf\":{\"@id\":\"\\\/#website\"},\"primaryImageOfPage\":{\"@id\":\"https:\\\/\\\/iberbrasil.org.br\\\/blog\\\/2023\\\/11\\\/16\\\/iber-assina-termo-de-compromisso-com-santa-catarina-e-recebe-reconhecimento\\\/#primaryimage\"},\"image\":{\"@id\":\"https:\\\/\\\/iberbrasil.org.br\\\/blog\\\/2023\\\/11\\\/16\\\/iber-assina-termo-de-compromisso-com-santa-catarina-e-recebe-reconhecimento\\\/#primaryimage\"},\"thumbnailUrl\":\"https:\\\/\\\/iberbrasil.org.br\\\/blog\\\/wp-content\\\/uploads\\\/2023\\\/11\\\/WhatsApp-Image-2023-11-16-at-09.56.23-1.jpeg\",\"datePublished\":\"2023-11-16T13:20:27+00:00\",\"dateModified\":\"2023-11-16T14:13:26+00:00\",\"description\":\"Foi assinado o Termo de Compromisso para implementa\u00e7\u00e3o da log\u00edstica reversa de baterias chumbo \u00e1cido com o Estado de Santa Catarina, o novo TC traz metas de recolhimento e metas geogr\u00e1ficas alinhadas com as propostas do Plano de log\u00edstica reversa.\",\"breadcrumb\":{\"@id\":\"https:\\\/\\\/iberbrasil.org.br\\\/blog\\\/2023\\\/11\\\/16\\\/iber-assina-termo-de-compromisso-com-santa-catarina-e-recebe-reconhecimento\\\/#breadcrumb\"},\"inLanguage\":\"pt-BR\",\"potentialAction\":[{\"@type\":\"ReadAction\",\"target\":[\"https:\\\/\\\/iberbrasil.org.br\\\/blog\\\/2023\\\/11\\\/16\\\/iber-assina-termo-de-compromisso-com-santa-catarina-e-recebe-reconhecimento\\\/\"]}]},{\"@type\":\"ImageObject\",\"inLanguage\":\"pt-BR\",\"@id\":\"https:\\\/\\\/iberbrasil.org.br\\\/blog\\\/2023\\\/11\\\/16\\\/iber-assina-termo-de-compromisso-com-santa-catarina-e-recebe-reconhecimento\\\/#primaryimage\",\"url\":\"https:\\\/\\\/iberbrasil.org.br\\\/blog\\\/wp-content\\\/uploads\\\/2023\\\/11\\\/WhatsApp-Image-2023-11-16-at-09.56.23-1.jpeg\",\"contentUrl\":\"https:\\\/\\\/iberbrasil.org.br\\\/blog\\\/wp-content\\\/uploads\\\/2023\\\/11\\\/WhatsApp-Image-2023-11-16-at-09.56.23-1.jpeg\",\"width\":1024,\"height\":768},{\"@type\":\"BreadcrumbList\",\"@id\":\"https:\\\/\\\/iberbrasil.org.br\\\/blog\\\/2023\\\/11\\\/16\\\/iber-assina-termo-de-compromisso-com-santa-catarina-e-recebe-reconhecimento\\\/#breadcrumb\",\"itemListElement\":[{\"@type\":\"ListItem\",\"position\":1,\"name\":\"Home\",\"item\":\"https:\\\/\\\/iberbrasil.org.br\\\/blog\\\/\"},{\"@type\":\"ListItem\",\"position\":2,\"name\":\"IBER assina Termo de Compromisso com Santa Catarina e recebe reconhecimento\"}]},{\"@type\":\"WebSite\",\"@id\":\"\\\/#website\",\"url\":\"\\\/\",\"name\":\"IBER\",\"description\":\"Instituto Brasileiro de Energia Recicl\u00e1vel\",\"publisher\":{\"@id\":\"\\\/#organization\"},\"potentialAction\":[{\"@type\":\"SearchAction\",\"target\":{\"@type\":\"EntryPoint\",\"urlTemplate\":\"\\\/?s={search_term_string}\"},\"query-input\":{\"@type\":\"PropertyValueSpecification\",\"valueRequired\":true,\"valueName\":\"search_term_string\"}}],\"inLanguage\":\"pt-BR\"},{\"@type\":\"Organization\",\"@id\":\"\\\/#organization\",\"name\":\"IBER Brasil\",\"url\":\"\\\/\",\"logo\":{\"@type\":\"ImageObject\",\"inLanguage\":\"pt-BR\",\"@id\":\"\\\/#\\\/schema\\\/logo\\\/image\\\/\",\"url\":\"https:\\\/\\\/iberbrasil.org.br\\\/blog\\\/wp-content\\\/uploads\\\/2021\\\/01\\\/logo-iber-2.png\",\"contentUrl\":\"https:\\\/\\\/iberbrasil.org.br\\\/blog\\\/wp-content\\\/uploads\\\/2021\\\/01\\\/logo-iber-2.png\",\"width\":317,\"height\":86,\"caption\":\"IBER Brasil\"},\"image\":{\"@id\":\"\\\/#\\\/schema\\\/logo\\\/image\\\/\"}},{\"@type\":\"Person\",\"@id\":\"\\\/#\\\/schema\\\/person\\\/a2f7e3afbce17246c983c91f86f4d7b8\",\"name\":\"admin\",\"image\":{\"@type\":\"ImageObject\",\"inLanguage\":\"pt-BR\",\"@id\":\"https:\\\/\\\/secure.gravatar.com\\\/avatar\\\/fa001a3b411f2335327a3fcf246a92536d0ac705fdf27b3e43401b6e4ffe5710?s=96&d=blank&r=g\",\"url\":\"https:\\\/\\\/secure.gravatar.com\\\/avatar\\\/fa001a3b411f2335327a3fcf246a92536d0ac705fdf27b3e43401b6e4ffe5710?s=96&d=blank&r=g\",\"contentUrl\":\"https:\\\/\\\/secure.gravatar.com\\\/avatar\\\/fa001a3b411f2335327a3fcf246a92536d0ac705fdf27b3e43401b6e4ffe5710?s=96&d=blank&r=g\",\"caption\":\"admin\"},\"sameAs\":[\"https:\\\/\\\/iberbrasil.org.br\\\/blog\"],\"url\":\"https:\\\/\\\/iberbrasil.org.br\\\/blog\\\/author\\\/admin\\\/\"}]}<\/script>\n<!-- \/ Yoast SEO plugin. -->","yoast_head_json":{"title":"IBER assina Termo de Compromisso com Santa Catarina e recebe reconhecimento &#8226; IBER","description":"Foi assinado o Termo de Compromisso para implementa\u00e7\u00e3o da log\u00edstica reversa de baterias chumbo \u00e1cido com o Estado de Santa Catarina, o novo TC traz metas de recolhimento e metas geogr\u00e1ficas alinhadas com as propostas do Plano de log\u00edstica reversa.","robots":{"index":"index","follow":"follow","max-snippet":"max-snippet:-1","max-image-preview":"max-image-preview:large","max-video-preview":"max-video-preview:-1"},"canonical":"https:\/\/iberbrasil.org.br\/blog\/2023\/11\/16\/iber-assina-termo-de-compromisso-com-santa-catarina-e-recebe-reconhecimento\/","og_locale":"pt_BR","og_type":"article","og_title":"IBER assina Termo de Compromisso com Santa Catarina e recebe reconhecimento &#8226; IBER","og_description":"Foi assinado o Termo de Compromisso para implementa\u00e7\u00e3o da log\u00edstica reversa de baterias chumbo \u00e1cido com o Estado de Santa Catarina, o novo TC traz metas de recolhimento e metas geogr\u00e1ficas alinhadas com as propostas do Plano de log\u00edstica reversa.","og_url":"https:\/\/iberbrasil.org.br\/blog\/2023\/11\/16\/iber-assina-termo-de-compromisso-com-santa-catarina-e-recebe-reconhecimento\/","og_site_name":"IBER","article_published_time":"2023-11-16T13:20:27+00:00","article_modified_time":"2023-11-16T14:13:26+00:00","og_image":[{"width":1024,"height":768,"url":"https:\/\/iberbrasil.org.br\/blog\/wp-content\/uploads\/2023\/11\/WhatsApp-Image-2023-11-16-at-09.56.23-1.jpeg","type":"image\/jpeg"}],"author":"admin","twitter_card":"summary_large_image","twitter_misc":{"Escrito por":"admin","Est. tempo de leitura":"2 minutos"},"schema":{"@context":"https:\/\/schema.org","@graph":[{"@type":"Article","@id":"https:\/\/iberbrasil.org.br\/blog\/2023\/11\/16\/iber-assina-termo-de-compromisso-com-santa-catarina-e-recebe-reconhecimento\/#article","isPartOf":{"@id":"https:\/\/iberbrasil.org.br\/blog\/2023\/11\/16\/iber-assina-termo-de-compromisso-com-santa-catarina-e-recebe-reconhecimento\/"},"author":{"name":"admin","@id":"\/#\/schema\/person\/a2f7e3afbce17246c983c91f86f4d7b8"},"headline":"IBER assina Termo de Compromisso com Santa Catarina e recebe reconhecimento","datePublished":"2023-11-16T13:20:27+00:00","dateModified":"2023-11-16T14:13:26+00:00","mainEntityOfPage":{"@id":"https:\/\/iberbrasil.org.br\/blog\/2023\/11\/16\/iber-assina-termo-de-compromisso-com-santa-catarina-e-recebe-reconhecimento\/"},"wordCount":229,"commentCount":0,"publisher":{"@id":"\/#organization"},"image":{"@id":"https:\/\/iberbrasil.org.br\/blog\/2023\/11\/16\/iber-assina-termo-de-compromisso-com-santa-catarina-e-recebe-reconhecimento\/#primaryimage"},"thumbnailUrl":"https:\/\/iberbrasil.org.br\/blog\/wp-content\/uploads\/2023\/11\/WhatsApp-Image-2023-11-16-at-09.56.23-1.jpeg","articleSection":["Eventos","Log\u00edstica Reversa"],"inLanguage":"pt-BR","potentialAction":[{"@type":"CommentAction","name":"Comment","target":["https:\/\/iberbrasil.org.br\/blog\/2023\/11\/16\/iber-assina-termo-de-compromisso-com-santa-catarina-e-recebe-reconhecimento\/#respond"]}]},{"@type":"WebPage","@id":"https:\/\/iberbrasil.org.br\/blog\/2023\/11\/16\/iber-assina-termo-de-compromisso-com-santa-catarina-e-recebe-reconhecimento\/","url":"https:\/\/iberbrasil.org.br\/blog\/2023\/11\/16\/iber-assina-termo-de-compromisso-com-santa-catarina-e-recebe-reconhecimento\/","name":"IBER assina Termo de Compromisso com Santa Catarina e recebe reconhecimento &#8226; IBER","isPartOf":{"@id":"\/#website"},"primaryImageOfPage":{"@id":"https:\/\/iberbrasil.org.br\/blog\/2023\/11\/16\/iber-assina-termo-de-compromisso-com-santa-catarina-e-recebe-reconhecimento\/#primaryimage"},"image":{"@id":"https:\/\/iberbrasil.org.br\/blog\/2023\/11\/16\/iber-assina-termo-de-compromisso-com-santa-catarina-e-recebe-reconhecimento\/#primaryimage"},"thumbnailUrl":"https:\/\/iberbrasil.org.br\/blog\/wp-content\/uploads\/2023\/11\/WhatsApp-Image-2023-11-16-at-09.56.23-1.jpeg","datePublished":"2023-11-16T13:20:27+00:00","dateModified":"2023-11-16T14:13:26+00:00","description":"Foi assinado o Termo de Compromisso para implementa\u00e7\u00e3o da log\u00edstica reversa de baterias chumbo \u00e1cido com o Estado de Santa Catarina, o novo TC traz metas de recolhimento e metas geogr\u00e1ficas alinhadas com as propostas do Plano de log\u00edstica reversa.","breadcrumb":{"@id":"https:\/\/iberbrasil.org.br\/blog\/2023\/11\/16\/iber-assina-termo-de-compromisso-com-santa-catarina-e-recebe-reconhecimento\/#breadcrumb"},"inLanguage":"pt-BR","potentialAction":[{"@type":"ReadAction","target":["https:\/\/iberbrasil.org.br\/blog\/2023\/11\/16\/iber-assina-termo-de-compromisso-com-santa-catarina-e-recebe-reconhecimento\/"]}]},{"@type":"ImageObject","inLanguage":"pt-BR","@id":"https:\/\/iberbrasil.org.br\/blog\/2023\/11\/16\/iber-assina-termo-de-compromisso-com-santa-catarina-e-recebe-reconhecimento\/#primaryimage","url":"https:\/\/iberbrasil.org.br\/blog\/wp-content\/uploads\/2023\/11\/WhatsApp-Image-2023-11-16-at-09.56.23-1.jpeg","contentUrl":"https:\/\/iberbrasil.org.br\/blog\/wp-content\/uploads\/2023\/11\/WhatsApp-Image-2023-11-16-at-09.56.23-1.jpeg","width":1024,"height":768},{"@type":"BreadcrumbList","@id":"https:\/\/iberbrasil.org.br\/blog\/2023\/11\/16\/iber-assina-termo-de-compromisso-com-santa-catarina-e-recebe-reconhecimento\/#breadcrumb","itemListElement":[{"@type":"ListItem","position":1,"name":"Home","item":"https:\/\/iberbrasil.org.br\/blog\/"},{"@type":"ListItem","position":2,"name":"IBER assina Termo de Compromisso com Santa Catarina e recebe reconhecimento"}]},{"@type":"WebSite","@id":"\/#website","url":"\/","name":"IBER","description":"Instituto Brasileiro de Energia Recicl\u00e1vel","publisher":{"@id":"\/#organization"},"potentialAction":[{"@type":"SearchAction","target":{"@type":"EntryPoint","urlTemplate":"\/?s={search_term_string}"},"query-input":{"@type":"PropertyValueSpecification","valueRequired":true,"valueName":"search_term_string"}}],"inLanguage":"pt-BR"},{"@type":"Organization","@id":"\/#organization","name":"IBER Brasil","url":"\/","logo":{"@type":"ImageObject","inLanguage":"pt-BR","@id":"\/#\/schema\/logo\/image\/","url":"https:\/\/iberbrasil.org.br\/blog\/wp-content\/uploads\/2021\/01\/logo-iber-2.png","contentUrl":"https:\/\/iberbrasil.org.br\/blog\/wp-content\/uploads\/2021\/01\/logo-iber-2.png","width":317,"height":86,"caption":"IBER Brasil"},"image":{"@id":"\/#\/schema\/logo\/image\/"}},{"@type":"Person","@id":"\/#\/schema\/person\/a2f7e3afbce17246c983c91f86f4d7b8","name":"admin","image":{"@type":"ImageObject","inLanguage":"pt-BR","@id":"https:\/\/secure.gravatar.com\/avatar\/fa001a3b411f2335327a3fcf246a92536d0ac705fdf27b3e43401b6e4ffe5710?s=96&d=blank&r=g","url":"https:\/\/secure.gravatar.com\/avatar\/fa001a3b411f2335327a3fcf246a92536d0ac705fdf27b3e43401b6e4ffe5710?s=96&d=blank&r=g","contentUrl":"https:\/\/secure.gravatar.com\/avatar\/fa001a3b411f2335327a3fcf246a92536d0ac705fdf27b3e43401b6e4ffe5710?s=96&d=blank&r=g","caption":"admin"},"sameAs":["https:\/\/iberbrasil.org.br\/blog"],"url":"https:\/\/iberbrasil.org.br\/blog\/author\/admin\/"}]}},"_links":{"self":[{"href":"https:\/\/iberbrasil.org.br\/blog\/wp-json\/wp\/v2\/posts\/12071","targetHints":{"allow":["GET"]}}],"collection":[{"href":"https:\/\/iberbrasil.org.br\/blog\/wp-json\/wp\/v2\/posts"}],"about":[{"href":"https:\/\/iberbrasil.org.br\/blog\/wp-json\/wp\/v2\/types\/post"}],"author":[{"embeddable":true,"href":"https:\/\/iberbrasil.org.br\/blog\/wp-json\/wp\/v2\/users\/1"}],"replies":[{"embeddable":true,"href":"https:\/\/iberbrasil.org.br\/blog\/wp-json\/wp\/v2\/comments?post=12071"}],"version-history":[{"count":3,"href":"https:\/\/iberbrasil.org.br\/blog\/wp-json\/wp\/v2\/posts\/12071\/revisions"}],"predecessor-version":[{"id":12079,"href":"https:\/\/iberbrasil.org.br\/blog\/wp-json\/wp\/v2\/posts\/12071\/revisions\/12079"}],"wp:featuredmedia":[{"embeddable":true,"href":"https:\/\/iberbrasil.org.br\/blog\/wp-json\/wp\/v2\/media\/12072"}],"wp:attachment":[{"href":"https:\/\/iberbrasil.org.br\/blog\/wp-json\/wp\/v2\/media?parent=12071"}],"wp:term":[{"taxonomy":"category","embeddable":true,"href":"https:\/\/iberbrasil.org.br\/blog\/wp-json\/wp\/v2\/categories?post=12071"},{"taxonomy":"post_tag","embeddable":true,"href":"https:\/\/iberbrasil.org.br\/blog\/wp-json\/wp\/v2\/tags?post=12071"}],"curies":[{"name":"wp","href":"https:\/\/api.w.org\/{rel}","templated":true}]}}