{"id":12031,"date":"2023-08-18T15:35:18","date_gmt":"2023-08-18T18:35:18","guid":{"rendered":"https:\/\/iberbrasil.org.br\/blog\/?p=12031"},"modified":"2023-08-18T15:35:18","modified_gmt":"2023-08-18T18:35:18","slug":"a-importancia-do-descarte-correto-de-residuos-solidos","status":"publish","type":"post","link":"https:\/\/iberbrasil.org.br\/blog\/2023\/08\/18\/a-importancia-do-descarte-correto-de-residuos-solidos\/","title":{"rendered":"A Import\u00e2ncia do descarte correto de res\u00edduos s\u00f3lidos"},"content":{"rendered":"<p><em>Preservar o planeta para as gera\u00e7\u00f5es futuras<\/em><\/p>\n<p>No mundo moderno, a quest\u00e3o da gest\u00e3o de res\u00edduos s\u00f3lidos tornou-se cada vez mais premente. \u00c0 medida que nossa popula\u00e7\u00e3o cresce e os padr\u00f5es de consumo mudam, a quantidade de res\u00edduos que geramos continua a aumentar. <strong>A destina\u00e7\u00e3o adequada dos res\u00edduos s\u00f3lidos n\u00e3o \u00e9 apenas uma quest\u00e3o de conveni\u00eancia; \u00e9 essencial para proteger o meio ambiente<\/strong>, conservar recursos e garantir um futuro sustent\u00e1vel. Neste blogpost exploraremos a import\u00e2ncia do descarte correto de res\u00edduos e o impacto positivo que isso pode ter em nosso planeta e nas gera\u00e7\u00f5es futuras.<\/p>\n<h2><strong>Preserva\u00e7\u00e3o Ambiental<\/strong><\/h2>\n<p>O descarte correto de res\u00edduos s\u00f3lidos desempenha um papel vital na preserva\u00e7\u00e3o do meio ambiente. Q<strong>uando os res\u00edduos s\u00e3o descartados de forma inadequada, eles podem acabar em aterros sanit\u00e1rios ou chegar a corpos d&#8217;\u00e1gua, causando polui\u00e7\u00e3o e representando uma amea\u00e7a \u00e0 vida selvagem e aos ecossistemas.<\/strong> Ao adotar pr\u00e1ticas respons\u00e1veis \u200b\u200bde gerenciamento de res\u00edduos, como reciclagem, compostagem e descarte adequado em instala\u00e7\u00f5es designadas, podemos minimizar a polui\u00e7\u00e3o, reduzir a press\u00e3o sobre os recursos naturais e proteger nossos delicados ecossistemas.<\/p>\n<h2><strong>Conserva\u00e7\u00e3o de recursos<\/strong><\/h2>\n<p>O descarte correto de res\u00edduos nos permite conservar recursos valiosos. Muitos materiais que descartamos como lixo, como papel, pl\u00e1stico, vidro e metais, podem ser reciclados e transformados em novos produtos. <strong>Ao reciclar esses materiais, reduzimos a necessidade de extra\u00e7\u00e3o e processamento de recursos virgens, economizando energia e reduzindo as emiss\u00f5es de gases de efeito estufa.<\/strong> Al\u00e9m disso, o descarte adequado e a reciclagem de res\u00edduo eletr\u00f4nico ajudam a recuperar metais preciosos e evitam que subst\u00e2ncias nocivas se espalhem para o meio ambiente.<\/p>\n<h2><strong>Preven\u00e7\u00e3o de riscos \u00e0 sa\u00fade humana<\/strong><\/h2>\n<p>O descarte inadequado de res\u00edduos s\u00f3lidos pode ter graves implica\u00e7\u00f5es para a sa\u00fade, tanto para os seres humanos quanto para a vida selvagem. O ac\u00famulo de res\u00edduos pode levar \u00e0 prolifera\u00e7\u00e3o de pragas transmissoras de doen\u00e7as, como mosquitos e ratos. Os corpos d&#8217;\u00e1gua contaminados resultantes do descarte de lixo podem oferecer riscos \u00e0 sa\u00fade, contribuindo para a dissemina\u00e7\u00e3o de doen\u00e7as de veicula\u00e7\u00e3o h\u00eddrica. Ao garantir m\u00e9todos corretos de descarte de res\u00edduos, como o uso de aterros sanit\u00e1rios e sistemas de tratamento de \u00e1guas residuais, podemos proteger a sa\u00fade p\u00fablica e manter um ambiente de vida limpo e seguro.<\/p>\n<h2><strong>Futuro sustent\u00e1vel<\/strong><\/h2>\n<p>A ado\u00e7\u00e3o de pr\u00e1ticas corretas de descarte de res\u00edduos \u00e9 essencial para a constru\u00e7\u00e3o de um futuro sustent\u00e1vel. Como reconhecemos a natureza finita dos recursos do nosso planeta, devemos mudar para uma economia circular, onde o desperd\u00edcio \u00e9 minimizado e os materiais s\u00e3o reutilizados, reciclados ou reaproveitados. Ao adotar uma mentalidade de consumo respons\u00e1vel e redu\u00e7\u00e3o de res\u00edduos, podemos diminuir nossa pegada ecol\u00f3gica, conservar recursos e criar um mundo mais sustent\u00e1vel e resiliente para as gera\u00e7\u00f5es futuras.<\/p>\n<h2><strong>Responsabilidade partilhada<\/strong><\/h2>\n<p>O descarte correto de res\u00edduos \u00e9 uma responsabilidade compartilhada que come\u00e7a no n\u00edvel individual e comunit\u00e1rio. <strong>Cada um de n\u00f3s tem um papel ao fazer escolhas conscientes sobre nossos h\u00e1bitos de consumo<\/strong>, segregando o lixo adequadamente e apoiando iniciativas de reciclagem. O envolvimento da comunidade em programas de gerenciamento de res\u00edduos, como a organiza\u00e7\u00e3o de a\u00e7\u00f5es de limpeza e a promo\u00e7\u00e3o de campanhas de conscientiza\u00e7\u00e3o, promove um senso de gest\u00e3o ambiental e a\u00e7\u00e3o coletiva em prol de um ambiente mais limpo e saud\u00e1vel.<\/p>\n<p>\u00c9 importante abra\u00e7ar o poder do descarte correto de res\u00edduos e inspirar mudan\u00e7as positivas em nossas comunidades. Juntos, \u00e9 poss\u00edvel causar um impacto significativo e garantir um planeta mais verde, limpo e vibrante para as pr\u00f3ximas gera\u00e7\u00f5es.<\/p>\n","protected":false},"excerpt":{"rendered":"<p>Preservar o planeta para as gera\u00e7\u00f5es futuras No mundo moderno, a quest\u00e3o da gest\u00e3o de res\u00edduos s\u00f3lidos tornou-se cada vez mais premente. \u00c0 medida que nossa popula\u00e7\u00e3o cresce e os padr\u00f5es de consumo mudam, a quantidade de res\u00edduos que geramos continua a aumentar. A destina\u00e7\u00e3o adequada dos res\u00edduos s\u00f3lidos n\u00e3o \u00e9 apenas uma quest\u00e3o de [&hellip;]<\/p>\n","protected":false},"author":1,"featured_media":12032,"comment_status":"open","ping_status":"open","sticky":false,"template":"","format":"standard","meta":{"footnotes":""},"categories":[1],"tags":[],"class_list":["post-12031","post","type-post","status-publish","format-standard","has-post-thumbnail","hentry","category-sem-categoria"],"yoast_head":"<!-- This site is optimized with the Yoast SEO plugin v27.3 - https:\/\/yoast.com\/product\/yoast-seo-wordpress\/ -->\n<title>A Import\u00e2ncia do descarte correto de res\u00edduos s\u00f3lidos &#8226; IBER<\/title>\n<meta name=\"robots\" content=\"index, follow, max-snippet:-1, max-image-preview:large, max-video-preview:-1\" \/>\n<link rel=\"canonical\" href=\"https:\/\/iberbrasil.org.br\/blog\/2023\/08\/18\/a-importancia-do-descarte-correto-de-residuos-solidos\/\" \/>\n<meta property=\"og:locale\" content=\"pt_BR\" \/>\n<meta property=\"og:type\" content=\"article\" \/>\n<meta property=\"og:title\" content=\"A Import\u00e2ncia do descarte correto de res\u00edduos s\u00f3lidos &#8226; IBER\" \/>\n<meta property=\"og:description\" content=\"Preservar o planeta para as gera\u00e7\u00f5es futuras No mundo moderno, a quest\u00e3o da gest\u00e3o de res\u00edduos s\u00f3lidos tornou-se cada vez mais premente. \u00c0 medida que nossa popula\u00e7\u00e3o cresce e os padr\u00f5es de consumo mudam, a quantidade de res\u00edduos que geramos continua a aumentar. A destina\u00e7\u00e3o adequada dos res\u00edduos s\u00f3lidos n\u00e3o \u00e9 apenas uma quest\u00e3o de [&hellip;]\" \/>\n<meta property=\"og:url\" content=\"https:\/\/iberbrasil.org.br\/blog\/2023\/08\/18\/a-importancia-do-descarte-correto-de-residuos-solidos\/\" \/>\n<meta property=\"og:site_name\" content=\"IBER\" \/>\n<meta property=\"article:published_time\" content=\"2023-08-18T18:35:18+00:00\" \/>\n<meta property=\"og:image\" content=\"https:\/\/iberbrasil.org.br\/blog\/wp-content\/uploads\/2023\/08\/A-Importancia-do-descarte-correto-de-residuos-solidos.jpg\" \/>\n\t<meta property=\"og:image:width\" content=\"1299\" \/>\n\t<meta property=\"og:image:height\" content=\"731\" \/>\n\t<meta property=\"og:image:type\" content=\"image\/jpeg\" \/>\n<meta name=\"author\" content=\"admin\" \/>\n<meta name=\"twitter:card\" content=\"summary_large_image\" \/>\n<meta name=\"twitter:label1\" content=\"Escrito por\" \/>\n\t<meta name=\"twitter:data1\" content=\"admin\" \/>\n\t<meta name=\"twitter:label2\" content=\"Est. tempo de leitura\" \/>\n\t<meta name=\"twitter:data2\" content=\"4 minutos\" \/>\n<script type=\"application\/ld+json\" class=\"yoast-schema-graph\">{\"@context\":\"https:\\\/\\\/schema.org\",\"@graph\":[{\"@type\":\"Article\",\"@id\":\"https:\\\/\\\/iberbrasil.org.br\\\/blog\\\/2023\\\/08\\\/18\\\/a-importancia-do-descarte-correto-de-residuos-solidos\\\/#article\",\"isPartOf\":{\"@id\":\"https:\\\/\\\/iberbrasil.org.br\\\/blog\\\/2023\\\/08\\\/18\\\/a-importancia-do-descarte-correto-de-residuos-solidos\\\/\"},\"author\":{\"name\":\"admin\",\"@id\":\"\\\/#\\\/schema\\\/person\\\/a2f7e3afbce17246c983c91f86f4d7b8\"},\"headline\":\"A Import\u00e2ncia do descarte correto de res\u00edduos s\u00f3lidos\",\"datePublished\":\"2023-08-18T18:35:18+00:00\",\"mainEntityOfPage\":{\"@id\":\"https:\\\/\\\/iberbrasil.org.br\\\/blog\\\/2023\\\/08\\\/18\\\/a-importancia-do-descarte-correto-de-residuos-solidos\\\/\"},\"wordCount\":663,\"commentCount\":0,\"publisher\":{\"@id\":\"\\\/#organization\"},\"image\":{\"@id\":\"https:\\\/\\\/iberbrasil.org.br\\\/blog\\\/2023\\\/08\\\/18\\\/a-importancia-do-descarte-correto-de-residuos-solidos\\\/#primaryimage\"},\"thumbnailUrl\":\"https:\\\/\\\/iberbrasil.org.br\\\/blog\\\/wp-content\\\/uploads\\\/2023\\\/08\\\/A-Importancia-do-descarte-correto-de-residuos-solidos.jpg\",\"inLanguage\":\"pt-BR\",\"potentialAction\":[{\"@type\":\"CommentAction\",\"name\":\"Comment\",\"target\":[\"https:\\\/\\\/iberbrasil.org.br\\\/blog\\\/2023\\\/08\\\/18\\\/a-importancia-do-descarte-correto-de-residuos-solidos\\\/#respond\"]}]},{\"@type\":\"WebPage\",\"@id\":\"https:\\\/\\\/iberbrasil.org.br\\\/blog\\\/2023\\\/08\\\/18\\\/a-importancia-do-descarte-correto-de-residuos-solidos\\\/\",\"url\":\"https:\\\/\\\/iberbrasil.org.br\\\/blog\\\/2023\\\/08\\\/18\\\/a-importancia-do-descarte-correto-de-residuos-solidos\\\/\",\"name\":\"A Import\u00e2ncia do descarte correto de res\u00edduos s\u00f3lidos &#8226; IBER\",\"isPartOf\":{\"@id\":\"\\\/#website\"},\"primaryImageOfPage\":{\"@id\":\"https:\\\/\\\/iberbrasil.org.br\\\/blog\\\/2023\\\/08\\\/18\\\/a-importancia-do-descarte-correto-de-residuos-solidos\\\/#primaryimage\"},\"image\":{\"@id\":\"https:\\\/\\\/iberbrasil.org.br\\\/blog\\\/2023\\\/08\\\/18\\\/a-importancia-do-descarte-correto-de-residuos-solidos\\\/#primaryimage\"},\"thumbnailUrl\":\"https:\\\/\\\/iberbrasil.org.br\\\/blog\\\/wp-content\\\/uploads\\\/2023\\\/08\\\/A-Importancia-do-descarte-correto-de-residuos-solidos.jpg\",\"datePublished\":\"2023-08-18T18:35:18+00:00\",\"breadcrumb\":{\"@id\":\"https:\\\/\\\/iberbrasil.org.br\\\/blog\\\/2023\\\/08\\\/18\\\/a-importancia-do-descarte-correto-de-residuos-solidos\\\/#breadcrumb\"},\"inLanguage\":\"pt-BR\",\"potentialAction\":[{\"@type\":\"ReadAction\",\"target\":[\"https:\\\/\\\/iberbrasil.org.br\\\/blog\\\/2023\\\/08\\\/18\\\/a-importancia-do-descarte-correto-de-residuos-solidos\\\/\"]}]},{\"@type\":\"ImageObject\",\"inLanguage\":\"pt-BR\",\"@id\":\"https:\\\/\\\/iberbrasil.org.br\\\/blog\\\/2023\\\/08\\\/18\\\/a-importancia-do-descarte-correto-de-residuos-solidos\\\/#primaryimage\",\"url\":\"https:\\\/\\\/iberbrasil.org.br\\\/blog\\\/wp-content\\\/uploads\\\/2023\\\/08\\\/A-Importancia-do-descarte-correto-de-residuos-solidos.jpg\",\"contentUrl\":\"https:\\\/\\\/iberbrasil.org.br\\\/blog\\\/wp-content\\\/uploads\\\/2023\\\/08\\\/A-Importancia-do-descarte-correto-de-residuos-solidos.jpg\",\"width\":1299,\"height\":731},{\"@type\":\"BreadcrumbList\",\"@id\":\"https:\\\/\\\/iberbrasil.org.br\\\/blog\\\/2023\\\/08\\\/18\\\/a-importancia-do-descarte-correto-de-residuos-solidos\\\/#breadcrumb\",\"itemListElement\":[{\"@type\":\"ListItem\",\"position\":1,\"name\":\"Home\",\"item\":\"https:\\\/\\\/iberbrasil.org.br\\\/blog\\\/\"},{\"@type\":\"ListItem\",\"position\":2,\"name\":\"A Import\u00e2ncia do descarte correto de res\u00edduos s\u00f3lidos\"}]},{\"@type\":\"WebSite\",\"@id\":\"\\\/#website\",\"url\":\"\\\/\",\"name\":\"IBER\",\"description\":\"Instituto Brasileiro de Energia Recicl\u00e1vel\",\"publisher\":{\"@id\":\"\\\/#organization\"},\"potentialAction\":[{\"@type\":\"SearchAction\",\"target\":{\"@type\":\"EntryPoint\",\"urlTemplate\":\"\\\/?s={search_term_string}\"},\"query-input\":{\"@type\":\"PropertyValueSpecification\",\"valueRequired\":true,\"valueName\":\"search_term_string\"}}],\"inLanguage\":\"pt-BR\"},{\"@type\":\"Organization\",\"@id\":\"\\\/#organization\",\"name\":\"IBER Brasil\",\"url\":\"\\\/\",\"logo\":{\"@type\":\"ImageObject\",\"inLanguage\":\"pt-BR\",\"@id\":\"\\\/#\\\/schema\\\/logo\\\/image\\\/\",\"url\":\"https:\\\/\\\/iberbrasil.org.br\\\/blog\\\/wp-content\\\/uploads\\\/2021\\\/01\\\/logo-iber-2.png\",\"contentUrl\":\"https:\\\/\\\/iberbrasil.org.br\\\/blog\\\/wp-content\\\/uploads\\\/2021\\\/01\\\/logo-iber-2.png\",\"width\":317,\"height\":86,\"caption\":\"IBER Brasil\"},\"image\":{\"@id\":\"\\\/#\\\/schema\\\/logo\\\/image\\\/\"}},{\"@type\":\"Person\",\"@id\":\"\\\/#\\\/schema\\\/person\\\/a2f7e3afbce17246c983c91f86f4d7b8\",\"name\":\"admin\",\"image\":{\"@type\":\"ImageObject\",\"inLanguage\":\"pt-BR\",\"@id\":\"https:\\\/\\\/secure.gravatar.com\\\/avatar\\\/fa001a3b411f2335327a3fcf246a92536d0ac705fdf27b3e43401b6e4ffe5710?s=96&d=blank&r=g\",\"url\":\"https:\\\/\\\/secure.gravatar.com\\\/avatar\\\/fa001a3b411f2335327a3fcf246a92536d0ac705fdf27b3e43401b6e4ffe5710?s=96&d=blank&r=g\",\"contentUrl\":\"https:\\\/\\\/secure.gravatar.com\\\/avatar\\\/fa001a3b411f2335327a3fcf246a92536d0ac705fdf27b3e43401b6e4ffe5710?s=96&d=blank&r=g\",\"caption\":\"admin\"},\"sameAs\":[\"https:\\\/\\\/iberbrasil.org.br\\\/blog\"],\"url\":\"https:\\\/\\\/iberbrasil.org.br\\\/blog\\\/author\\\/admin\\\/\"}]}<\/script>\n<!-- \/ Yoast SEO plugin. -->","yoast_head_json":{"title":"A Import\u00e2ncia do descarte correto de res\u00edduos s\u00f3lidos &#8226; IBER","robots":{"index":"index","follow":"follow","max-snippet":"max-snippet:-1","max-image-preview":"max-image-preview:large","max-video-preview":"max-video-preview:-1"},"canonical":"https:\/\/iberbrasil.org.br\/blog\/2023\/08\/18\/a-importancia-do-descarte-correto-de-residuos-solidos\/","og_locale":"pt_BR","og_type":"article","og_title":"A Import\u00e2ncia do descarte correto de res\u00edduos s\u00f3lidos &#8226; IBER","og_description":"Preservar o planeta para as gera\u00e7\u00f5es futuras No mundo moderno, a quest\u00e3o da gest\u00e3o de res\u00edduos s\u00f3lidos tornou-se cada vez mais premente. \u00c0 medida que nossa popula\u00e7\u00e3o cresce e os padr\u00f5es de consumo mudam, a quantidade de res\u00edduos que geramos continua a aumentar. A destina\u00e7\u00e3o adequada dos res\u00edduos s\u00f3lidos n\u00e3o \u00e9 apenas uma quest\u00e3o de [&hellip;]","og_url":"https:\/\/iberbrasil.org.br\/blog\/2023\/08\/18\/a-importancia-do-descarte-correto-de-residuos-solidos\/","og_site_name":"IBER","article_published_time":"2023-08-18T18:35:18+00:00","og_image":[{"width":1299,"height":731,"url":"https:\/\/iberbrasil.org.br\/blog\/wp-content\/uploads\/2023\/08\/A-Importancia-do-descarte-correto-de-residuos-solidos.jpg","type":"image\/jpeg"}],"author":"admin","twitter_card":"summary_large_image","twitter_misc":{"Escrito por":"admin","Est. tempo de leitura":"4 minutos"},"schema":{"@context":"https:\/\/schema.org","@graph":[{"@type":"Article","@id":"https:\/\/iberbrasil.org.br\/blog\/2023\/08\/18\/a-importancia-do-descarte-correto-de-residuos-solidos\/#article","isPartOf":{"@id":"https:\/\/iberbrasil.org.br\/blog\/2023\/08\/18\/a-importancia-do-descarte-correto-de-residuos-solidos\/"},"author":{"name":"admin","@id":"\/#\/schema\/person\/a2f7e3afbce17246c983c91f86f4d7b8"},"headline":"A Import\u00e2ncia do descarte correto de res\u00edduos s\u00f3lidos","datePublished":"2023-08-18T18:35:18+00:00","mainEntityOfPage":{"@id":"https:\/\/iberbrasil.org.br\/blog\/2023\/08\/18\/a-importancia-do-descarte-correto-de-residuos-solidos\/"},"wordCount":663,"commentCount":0,"publisher":{"@id":"\/#organization"},"image":{"@id":"https:\/\/iberbrasil.org.br\/blog\/2023\/08\/18\/a-importancia-do-descarte-correto-de-residuos-solidos\/#primaryimage"},"thumbnailUrl":"https:\/\/iberbrasil.org.br\/blog\/wp-content\/uploads\/2023\/08\/A-Importancia-do-descarte-correto-de-residuos-solidos.jpg","inLanguage":"pt-BR","potentialAction":[{"@type":"CommentAction","name":"Comment","target":["https:\/\/iberbrasil.org.br\/blog\/2023\/08\/18\/a-importancia-do-descarte-correto-de-residuos-solidos\/#respond"]}]},{"@type":"WebPage","@id":"https:\/\/iberbrasil.org.br\/blog\/2023\/08\/18\/a-importancia-do-descarte-correto-de-residuos-solidos\/","url":"https:\/\/iberbrasil.org.br\/blog\/2023\/08\/18\/a-importancia-do-descarte-correto-de-residuos-solidos\/","name":"A Import\u00e2ncia do descarte correto de res\u00edduos s\u00f3lidos &#8226; IBER","isPartOf":{"@id":"\/#website"},"primaryImageOfPage":{"@id":"https:\/\/iberbrasil.org.br\/blog\/2023\/08\/18\/a-importancia-do-descarte-correto-de-residuos-solidos\/#primaryimage"},"image":{"@id":"https:\/\/iberbrasil.org.br\/blog\/2023\/08\/18\/a-importancia-do-descarte-correto-de-residuos-solidos\/#primaryimage"},"thumbnailUrl":"https:\/\/iberbrasil.org.br\/blog\/wp-content\/uploads\/2023\/08\/A-Importancia-do-descarte-correto-de-residuos-solidos.jpg","datePublished":"2023-08-18T18:35:18+00:00","breadcrumb":{"@id":"https:\/\/iberbrasil.org.br\/blog\/2023\/08\/18\/a-importancia-do-descarte-correto-de-residuos-solidos\/#breadcrumb"},"inLanguage":"pt-BR","potentialAction":[{"@type":"ReadAction","target":["https:\/\/iberbrasil.org.br\/blog\/2023\/08\/18\/a-importancia-do-descarte-correto-de-residuos-solidos\/"]}]},{"@type":"ImageObject","inLanguage":"pt-BR","@id":"https:\/\/iberbrasil.org.br\/blog\/2023\/08\/18\/a-importancia-do-descarte-correto-de-residuos-solidos\/#primaryimage","url":"https:\/\/iberbrasil.org.br\/blog\/wp-content\/uploads\/2023\/08\/A-Importancia-do-descarte-correto-de-residuos-solidos.jpg","contentUrl":"https:\/\/iberbrasil.org.br\/blog\/wp-content\/uploads\/2023\/08\/A-Importancia-do-descarte-correto-de-residuos-solidos.jpg","width":1299,"height":731},{"@type":"BreadcrumbList","@id":"https:\/\/iberbrasil.org.br\/blog\/2023\/08\/18\/a-importancia-do-descarte-correto-de-residuos-solidos\/#breadcrumb","itemListElement":[{"@type":"ListItem","position":1,"name":"Home","item":"https:\/\/iberbrasil.org.br\/blog\/"},{"@type":"ListItem","position":2,"name":"A Import\u00e2ncia do descarte correto de res\u00edduos s\u00f3lidos"}]},{"@type":"WebSite","@id":"\/#website","url":"\/","name":"IBER","description":"Instituto Brasileiro de Energia Recicl\u00e1vel","publisher":{"@id":"\/#organization"},"potentialAction":[{"@type":"SearchAction","target":{"@type":"EntryPoint","urlTemplate":"\/?s={search_term_string}"},"query-input":{"@type":"PropertyValueSpecification","valueRequired":true,"valueName":"search_term_string"}}],"inLanguage":"pt-BR"},{"@type":"Organization","@id":"\/#organization","name":"IBER Brasil","url":"\/","logo":{"@type":"ImageObject","inLanguage":"pt-BR","@id":"\/#\/schema\/logo\/image\/","url":"https:\/\/iberbrasil.org.br\/blog\/wp-content\/uploads\/2021\/01\/logo-iber-2.png","contentUrl":"https:\/\/iberbrasil.org.br\/blog\/wp-content\/uploads\/2021\/01\/logo-iber-2.png","width":317,"height":86,"caption":"IBER Brasil"},"image":{"@id":"\/#\/schema\/logo\/image\/"}},{"@type":"Person","@id":"\/#\/schema\/person\/a2f7e3afbce17246c983c91f86f4d7b8","name":"admin","image":{"@type":"ImageObject","inLanguage":"pt-BR","@id":"https:\/\/secure.gravatar.com\/avatar\/fa001a3b411f2335327a3fcf246a92536d0ac705fdf27b3e43401b6e4ffe5710?s=96&d=blank&r=g","url":"https:\/\/secure.gravatar.com\/avatar\/fa001a3b411f2335327a3fcf246a92536d0ac705fdf27b3e43401b6e4ffe5710?s=96&d=blank&r=g","contentUrl":"https:\/\/secure.gravatar.com\/avatar\/fa001a3b411f2335327a3fcf246a92536d0ac705fdf27b3e43401b6e4ffe5710?s=96&d=blank&r=g","caption":"admin"},"sameAs":["https:\/\/iberbrasil.org.br\/blog"],"url":"https:\/\/iberbrasil.org.br\/blog\/author\/admin\/"}]}},"_links":{"self":[{"href":"https:\/\/iberbrasil.org.br\/blog\/wp-json\/wp\/v2\/posts\/12031","targetHints":{"allow":["GET"]}}],"collection":[{"href":"https:\/\/iberbrasil.org.br\/blog\/wp-json\/wp\/v2\/posts"}],"about":[{"href":"https:\/\/iberbrasil.org.br\/blog\/wp-json\/wp\/v2\/types\/post"}],"author":[{"embeddable":true,"href":"https:\/\/iberbrasil.org.br\/blog\/wp-json\/wp\/v2\/users\/1"}],"replies":[{"embeddable":true,"href":"https:\/\/iberbrasil.org.br\/blog\/wp-json\/wp\/v2\/comments?post=12031"}],"version-history":[{"count":1,"href":"https:\/\/iberbrasil.org.br\/blog\/wp-json\/wp\/v2\/posts\/12031\/revisions"}],"predecessor-version":[{"id":12033,"href":"https:\/\/iberbrasil.org.br\/blog\/wp-json\/wp\/v2\/posts\/12031\/revisions\/12033"}],"wp:featuredmedia":[{"embeddable":true,"href":"https:\/\/iberbrasil.org.br\/blog\/wp-json\/wp\/v2\/media\/12032"}],"wp:attachment":[{"href":"https:\/\/iberbrasil.org.br\/blog\/wp-json\/wp\/v2\/media?parent=12031"}],"wp:term":[{"taxonomy":"category","embeddable":true,"href":"https:\/\/iberbrasil.org.br\/blog\/wp-json\/wp\/v2\/categories?post=12031"},{"taxonomy":"post_tag","embeddable":true,"href":"https:\/\/iberbrasil.org.br\/blog\/wp-json\/wp\/v2\/tags?post=12031"}],"curies":[{"name":"wp","href":"https:\/\/api.w.org\/{rel}","templated":true}]}}