{"id":11755,"date":"2022-11-04T10:53:09","date_gmt":"2022-11-04T13:53:09","guid":{"rendered":"https:\/\/iberbrasil.org.br\/blog\/?p=11755"},"modified":"2022-11-04T10:53:09","modified_gmt":"2022-11-04T13:53:09","slug":"veja-todos-os-cursos-que-sao-oferecidos-pelo-instituto-brasileiro-de-energia-reciclavel","status":"publish","type":"post","link":"https:\/\/iberbrasil.org.br\/blog\/2022\/11\/04\/veja-todos-os-cursos-que-sao-oferecidos-pelo-instituto-brasileiro-de-energia-reciclavel\/","title":{"rendered":"Veja todos os cursos que s\u00e3o oferecidos pelo Instituto Brasileiro de Energia Recicl\u00e1vel"},"content":{"rendered":"<p>O desenvolvimento do conhecimento e treinamento pr\u00e1tico s\u00e3o focos do IBER para os associados e para sua equipe que deve ser especializada para assessorar as empresas da cadeia em seus processos de log\u00edstica reversa.<\/p>\n<p>Em 2022, foram ministrados cursos sobre emiss\u00e3o e uso dos sistemas MTR online dos sistemas estaduais e nacional \u2013 SINIR, capacita\u00e7\u00e3o para orienta\u00e7\u00e3o em rela\u00e7\u00e3o a todas as normas espec\u00edficas publicadas pelos estados, treinamentos envolvendo as obriga\u00e7\u00f5es do setor para atendimento do Acordo setorial de baterias e outras orienta\u00e7\u00f5es aos \u00f3rg\u00e3os ambientais e \u00e0s equipes multidisciplinares dos fabricantes, importadores, montadoras, comerciantes atacadistas, varejistas e empresas consumidoras de baterias em todo o pa\u00eds.<\/p>\n<p>O IBER tamb\u00e9m tem investido na capacita\u00e7\u00e3o da equipe em ferramentas de auditoria, obriga\u00e7\u00f5es e de certifica\u00e7\u00f5es do mercado. Todo esse processo faz parte do planejamento estrat\u00e9gico do IBER para desburocratizar o atendimento \u00e0s exig\u00eancias ambientais para os associados.<\/p>\n<p>Em 2023, ser\u00e3o oferecidos 16 m\u00f3dulos de treinamentos sobre ferramentas IBER, legisla\u00e7\u00e3o e processos para difundir o conhecimento constru\u00eddo nesses 6 anos de atua\u00e7\u00e3o da entidade gestora. Os treinamentos ser\u00e3o opcionais aos associados e recomendados a p\u00fablicos espec\u00edficos de suas respectivas cadeias de log\u00edstica reversa. Em breve divulgaremos as datas previstas para cada tema.<\/p>\n","protected":false},"excerpt":{"rendered":"<p>O desenvolvimento do conhecimento e treinamento pr\u00e1tico s\u00e3o focos do IBER para os associados e para sua equipe que deve ser especializada para assessorar as empresas da cadeia em seus processos de log\u00edstica reversa. Em 2022, foram ministrados cursos sobre emiss\u00e3o e uso dos sistemas MTR online dos sistemas estaduais e nacional \u2013 SINIR, capacita\u00e7\u00e3o [&hellip;]<\/p>\n","protected":false},"author":1,"featured_media":11756,"comment_status":"open","ping_status":"open","sticky":false,"template":"","format":"standard","meta":{"footnotes":""},"categories":[1],"tags":[],"class_list":["post-11755","post","type-post","status-publish","format-standard","has-post-thumbnail","hentry","category-sem-categoria"],"yoast_head":"<!-- This site is optimized with the Yoast SEO plugin v27.3 - https:\/\/yoast.com\/product\/yoast-seo-wordpress\/ -->\n<title>Veja todos os cursos que s\u00e3o oferecidos pelo Instituto Brasileiro de Energia Recicl\u00e1vel &#8226; IBER<\/title>\n<meta name=\"robots\" content=\"index, follow, max-snippet:-1, max-image-preview:large, max-video-preview:-1\" \/>\n<link rel=\"canonical\" href=\"https:\/\/iberbrasil.org.br\/blog\/2022\/11\/04\/veja-todos-os-cursos-que-sao-oferecidos-pelo-instituto-brasileiro-de-energia-reciclavel\/\" \/>\n<meta property=\"og:locale\" content=\"pt_BR\" \/>\n<meta property=\"og:type\" content=\"article\" \/>\n<meta property=\"og:title\" content=\"Veja todos os cursos que s\u00e3o oferecidos pelo Instituto Brasileiro de Energia Recicl\u00e1vel &#8226; IBER\" \/>\n<meta property=\"og:description\" content=\"O desenvolvimento do conhecimento e treinamento pr\u00e1tico s\u00e3o focos do IBER para os associados e para sua equipe que deve ser especializada para assessorar as empresas da cadeia em seus processos de log\u00edstica reversa. Em 2022, foram ministrados cursos sobre emiss\u00e3o e uso dos sistemas MTR online dos sistemas estaduais e nacional \u2013 SINIR, capacita\u00e7\u00e3o [&hellip;]\" \/>\n<meta property=\"og:url\" content=\"https:\/\/iberbrasil.org.br\/blog\/2022\/11\/04\/veja-todos-os-cursos-que-sao-oferecidos-pelo-instituto-brasileiro-de-energia-reciclavel\/\" \/>\n<meta property=\"og:site_name\" content=\"IBER\" \/>\n<meta property=\"article:published_time\" content=\"2022-11-04T13:53:09+00:00\" \/>\n<meta property=\"og:image\" content=\"https:\/\/iberbrasil.org.br\/blog\/wp-content\/uploads\/2022\/11\/Posts-38.png\" \/>\n\t<meta property=\"og:image:width\" content=\"1080\" \/>\n\t<meta property=\"og:image:height\" content=\"1080\" \/>\n\t<meta property=\"og:image:type\" content=\"image\/png\" \/>\n<meta name=\"author\" content=\"admin\" \/>\n<meta name=\"twitter:card\" content=\"summary_large_image\" \/>\n<meta name=\"twitter:label1\" content=\"Escrito por\" \/>\n\t<meta name=\"twitter:data1\" content=\"admin\" \/>\n\t<meta name=\"twitter:label2\" content=\"Est. tempo de leitura\" \/>\n\t<meta name=\"twitter:data2\" content=\"2 minutos\" \/>\n<script type=\"application\/ld+json\" class=\"yoast-schema-graph\">{\"@context\":\"https:\\\/\\\/schema.org\",\"@graph\":[{\"@type\":\"Article\",\"@id\":\"https:\\\/\\\/iberbrasil.org.br\\\/blog\\\/2022\\\/11\\\/04\\\/veja-todos-os-cursos-que-sao-oferecidos-pelo-instituto-brasileiro-de-energia-reciclavel\\\/#article\",\"isPartOf\":{\"@id\":\"https:\\\/\\\/iberbrasil.org.br\\\/blog\\\/2022\\\/11\\\/04\\\/veja-todos-os-cursos-que-sao-oferecidos-pelo-instituto-brasileiro-de-energia-reciclavel\\\/\"},\"author\":{\"name\":\"admin\",\"@id\":\"\\\/#\\\/schema\\\/person\\\/a2f7e3afbce17246c983c91f86f4d7b8\"},\"headline\":\"Veja todos os cursos que s\u00e3o oferecidos pelo Instituto Brasileiro de Energia Recicl\u00e1vel\",\"datePublished\":\"2022-11-04T13:53:09+00:00\",\"mainEntityOfPage\":{\"@id\":\"https:\\\/\\\/iberbrasil.org.br\\\/blog\\\/2022\\\/11\\\/04\\\/veja-todos-os-cursos-que-sao-oferecidos-pelo-instituto-brasileiro-de-energia-reciclavel\\\/\"},\"wordCount\":236,\"commentCount\":0,\"publisher\":{\"@id\":\"\\\/#organization\"},\"image\":{\"@id\":\"https:\\\/\\\/iberbrasil.org.br\\\/blog\\\/2022\\\/11\\\/04\\\/veja-todos-os-cursos-que-sao-oferecidos-pelo-instituto-brasileiro-de-energia-reciclavel\\\/#primaryimage\"},\"thumbnailUrl\":\"https:\\\/\\\/iberbrasil.org.br\\\/blog\\\/wp-content\\\/uploads\\\/2022\\\/11\\\/Posts-38.png\",\"inLanguage\":\"pt-BR\",\"potentialAction\":[{\"@type\":\"CommentAction\",\"name\":\"Comment\",\"target\":[\"https:\\\/\\\/iberbrasil.org.br\\\/blog\\\/2022\\\/11\\\/04\\\/veja-todos-os-cursos-que-sao-oferecidos-pelo-instituto-brasileiro-de-energia-reciclavel\\\/#respond\"]}]},{\"@type\":\"WebPage\",\"@id\":\"https:\\\/\\\/iberbrasil.org.br\\\/blog\\\/2022\\\/11\\\/04\\\/veja-todos-os-cursos-que-sao-oferecidos-pelo-instituto-brasileiro-de-energia-reciclavel\\\/\",\"url\":\"https:\\\/\\\/iberbrasil.org.br\\\/blog\\\/2022\\\/11\\\/04\\\/veja-todos-os-cursos-que-sao-oferecidos-pelo-instituto-brasileiro-de-energia-reciclavel\\\/\",\"name\":\"Veja todos os cursos que s\u00e3o oferecidos pelo Instituto Brasileiro de Energia Recicl\u00e1vel &#8226; IBER\",\"isPartOf\":{\"@id\":\"\\\/#website\"},\"primaryImageOfPage\":{\"@id\":\"https:\\\/\\\/iberbrasil.org.br\\\/blog\\\/2022\\\/11\\\/04\\\/veja-todos-os-cursos-que-sao-oferecidos-pelo-instituto-brasileiro-de-energia-reciclavel\\\/#primaryimage\"},\"image\":{\"@id\":\"https:\\\/\\\/iberbrasil.org.br\\\/blog\\\/2022\\\/11\\\/04\\\/veja-todos-os-cursos-que-sao-oferecidos-pelo-instituto-brasileiro-de-energia-reciclavel\\\/#primaryimage\"},\"thumbnailUrl\":\"https:\\\/\\\/iberbrasil.org.br\\\/blog\\\/wp-content\\\/uploads\\\/2022\\\/11\\\/Posts-38.png\",\"datePublished\":\"2022-11-04T13:53:09+00:00\",\"breadcrumb\":{\"@id\":\"https:\\\/\\\/iberbrasil.org.br\\\/blog\\\/2022\\\/11\\\/04\\\/veja-todos-os-cursos-que-sao-oferecidos-pelo-instituto-brasileiro-de-energia-reciclavel\\\/#breadcrumb\"},\"inLanguage\":\"pt-BR\",\"potentialAction\":[{\"@type\":\"ReadAction\",\"target\":[\"https:\\\/\\\/iberbrasil.org.br\\\/blog\\\/2022\\\/11\\\/04\\\/veja-todos-os-cursos-que-sao-oferecidos-pelo-instituto-brasileiro-de-energia-reciclavel\\\/\"]}]},{\"@type\":\"ImageObject\",\"inLanguage\":\"pt-BR\",\"@id\":\"https:\\\/\\\/iberbrasil.org.br\\\/blog\\\/2022\\\/11\\\/04\\\/veja-todos-os-cursos-que-sao-oferecidos-pelo-instituto-brasileiro-de-energia-reciclavel\\\/#primaryimage\",\"url\":\"https:\\\/\\\/iberbrasil.org.br\\\/blog\\\/wp-content\\\/uploads\\\/2022\\\/11\\\/Posts-38.png\",\"contentUrl\":\"https:\\\/\\\/iberbrasil.org.br\\\/blog\\\/wp-content\\\/uploads\\\/2022\\\/11\\\/Posts-38.png\",\"width\":1080,\"height\":1080},{\"@type\":\"BreadcrumbList\",\"@id\":\"https:\\\/\\\/iberbrasil.org.br\\\/blog\\\/2022\\\/11\\\/04\\\/veja-todos-os-cursos-que-sao-oferecidos-pelo-instituto-brasileiro-de-energia-reciclavel\\\/#breadcrumb\",\"itemListElement\":[{\"@type\":\"ListItem\",\"position\":1,\"name\":\"Home\",\"item\":\"https:\\\/\\\/iberbrasil.org.br\\\/blog\\\/\"},{\"@type\":\"ListItem\",\"position\":2,\"name\":\"Veja todos os cursos que s\u00e3o oferecidos pelo Instituto Brasileiro de Energia Recicl\u00e1vel\"}]},{\"@type\":\"WebSite\",\"@id\":\"\\\/#website\",\"url\":\"\\\/\",\"name\":\"IBER\",\"description\":\"Instituto Brasileiro de Energia Recicl\u00e1vel\",\"publisher\":{\"@id\":\"\\\/#organization\"},\"potentialAction\":[{\"@type\":\"SearchAction\",\"target\":{\"@type\":\"EntryPoint\",\"urlTemplate\":\"\\\/?s={search_term_string}\"},\"query-input\":{\"@type\":\"PropertyValueSpecification\",\"valueRequired\":true,\"valueName\":\"search_term_string\"}}],\"inLanguage\":\"pt-BR\"},{\"@type\":\"Organization\",\"@id\":\"\\\/#organization\",\"name\":\"IBER Brasil\",\"url\":\"\\\/\",\"logo\":{\"@type\":\"ImageObject\",\"inLanguage\":\"pt-BR\",\"@id\":\"\\\/#\\\/schema\\\/logo\\\/image\\\/\",\"url\":\"https:\\\/\\\/iberbrasil.org.br\\\/blog\\\/wp-content\\\/uploads\\\/2021\\\/01\\\/logo-iber-2.png\",\"contentUrl\":\"https:\\\/\\\/iberbrasil.org.br\\\/blog\\\/wp-content\\\/uploads\\\/2021\\\/01\\\/logo-iber-2.png\",\"width\":317,\"height\":86,\"caption\":\"IBER Brasil\"},\"image\":{\"@id\":\"\\\/#\\\/schema\\\/logo\\\/image\\\/\"}},{\"@type\":\"Person\",\"@id\":\"\\\/#\\\/schema\\\/person\\\/a2f7e3afbce17246c983c91f86f4d7b8\",\"name\":\"admin\",\"image\":{\"@type\":\"ImageObject\",\"inLanguage\":\"pt-BR\",\"@id\":\"https:\\\/\\\/secure.gravatar.com\\\/avatar\\\/fa001a3b411f2335327a3fcf246a92536d0ac705fdf27b3e43401b6e4ffe5710?s=96&d=blank&r=g\",\"url\":\"https:\\\/\\\/secure.gravatar.com\\\/avatar\\\/fa001a3b411f2335327a3fcf246a92536d0ac705fdf27b3e43401b6e4ffe5710?s=96&d=blank&r=g\",\"contentUrl\":\"https:\\\/\\\/secure.gravatar.com\\\/avatar\\\/fa001a3b411f2335327a3fcf246a92536d0ac705fdf27b3e43401b6e4ffe5710?s=96&d=blank&r=g\",\"caption\":\"admin\"},\"sameAs\":[\"https:\\\/\\\/iberbrasil.org.br\\\/blog\"],\"url\":\"https:\\\/\\\/iberbrasil.org.br\\\/blog\\\/author\\\/admin\\\/\"}]}<\/script>\n<!-- \/ Yoast SEO plugin. -->","yoast_head_json":{"title":"Veja todos os cursos que s\u00e3o oferecidos pelo Instituto Brasileiro de Energia Recicl\u00e1vel &#8226; IBER","robots":{"index":"index","follow":"follow","max-snippet":"max-snippet:-1","max-image-preview":"max-image-preview:large","max-video-preview":"max-video-preview:-1"},"canonical":"https:\/\/iberbrasil.org.br\/blog\/2022\/11\/04\/veja-todos-os-cursos-que-sao-oferecidos-pelo-instituto-brasileiro-de-energia-reciclavel\/","og_locale":"pt_BR","og_type":"article","og_title":"Veja todos os cursos que s\u00e3o oferecidos pelo Instituto Brasileiro de Energia Recicl\u00e1vel &#8226; IBER","og_description":"O desenvolvimento do conhecimento e treinamento pr\u00e1tico s\u00e3o focos do IBER para os associados e para sua equipe que deve ser especializada para assessorar as empresas da cadeia em seus processos de log\u00edstica reversa. Em 2022, foram ministrados cursos sobre emiss\u00e3o e uso dos sistemas MTR online dos sistemas estaduais e nacional \u2013 SINIR, capacita\u00e7\u00e3o [&hellip;]","og_url":"https:\/\/iberbrasil.org.br\/blog\/2022\/11\/04\/veja-todos-os-cursos-que-sao-oferecidos-pelo-instituto-brasileiro-de-energia-reciclavel\/","og_site_name":"IBER","article_published_time":"2022-11-04T13:53:09+00:00","og_image":[{"width":1080,"height":1080,"url":"https:\/\/iberbrasil.org.br\/blog\/wp-content\/uploads\/2022\/11\/Posts-38.png","type":"image\/png"}],"author":"admin","twitter_card":"summary_large_image","twitter_misc":{"Escrito por":"admin","Est. tempo de leitura":"2 minutos"},"schema":{"@context":"https:\/\/schema.org","@graph":[{"@type":"Article","@id":"https:\/\/iberbrasil.org.br\/blog\/2022\/11\/04\/veja-todos-os-cursos-que-sao-oferecidos-pelo-instituto-brasileiro-de-energia-reciclavel\/#article","isPartOf":{"@id":"https:\/\/iberbrasil.org.br\/blog\/2022\/11\/04\/veja-todos-os-cursos-que-sao-oferecidos-pelo-instituto-brasileiro-de-energia-reciclavel\/"},"author":{"name":"admin","@id":"\/#\/schema\/person\/a2f7e3afbce17246c983c91f86f4d7b8"},"headline":"Veja todos os cursos que s\u00e3o oferecidos pelo Instituto Brasileiro de Energia Recicl\u00e1vel","datePublished":"2022-11-04T13:53:09+00:00","mainEntityOfPage":{"@id":"https:\/\/iberbrasil.org.br\/blog\/2022\/11\/04\/veja-todos-os-cursos-que-sao-oferecidos-pelo-instituto-brasileiro-de-energia-reciclavel\/"},"wordCount":236,"commentCount":0,"publisher":{"@id":"\/#organization"},"image":{"@id":"https:\/\/iberbrasil.org.br\/blog\/2022\/11\/04\/veja-todos-os-cursos-que-sao-oferecidos-pelo-instituto-brasileiro-de-energia-reciclavel\/#primaryimage"},"thumbnailUrl":"https:\/\/iberbrasil.org.br\/blog\/wp-content\/uploads\/2022\/11\/Posts-38.png","inLanguage":"pt-BR","potentialAction":[{"@type":"CommentAction","name":"Comment","target":["https:\/\/iberbrasil.org.br\/blog\/2022\/11\/04\/veja-todos-os-cursos-que-sao-oferecidos-pelo-instituto-brasileiro-de-energia-reciclavel\/#respond"]}]},{"@type":"WebPage","@id":"https:\/\/iberbrasil.org.br\/blog\/2022\/11\/04\/veja-todos-os-cursos-que-sao-oferecidos-pelo-instituto-brasileiro-de-energia-reciclavel\/","url":"https:\/\/iberbrasil.org.br\/blog\/2022\/11\/04\/veja-todos-os-cursos-que-sao-oferecidos-pelo-instituto-brasileiro-de-energia-reciclavel\/","name":"Veja todos os cursos que s\u00e3o oferecidos pelo Instituto Brasileiro de Energia Recicl\u00e1vel &#8226; IBER","isPartOf":{"@id":"\/#website"},"primaryImageOfPage":{"@id":"https:\/\/iberbrasil.org.br\/blog\/2022\/11\/04\/veja-todos-os-cursos-que-sao-oferecidos-pelo-instituto-brasileiro-de-energia-reciclavel\/#primaryimage"},"image":{"@id":"https:\/\/iberbrasil.org.br\/blog\/2022\/11\/04\/veja-todos-os-cursos-que-sao-oferecidos-pelo-instituto-brasileiro-de-energia-reciclavel\/#primaryimage"},"thumbnailUrl":"https:\/\/iberbrasil.org.br\/blog\/wp-content\/uploads\/2022\/11\/Posts-38.png","datePublished":"2022-11-04T13:53:09+00:00","breadcrumb":{"@id":"https:\/\/iberbrasil.org.br\/blog\/2022\/11\/04\/veja-todos-os-cursos-que-sao-oferecidos-pelo-instituto-brasileiro-de-energia-reciclavel\/#breadcrumb"},"inLanguage":"pt-BR","potentialAction":[{"@type":"ReadAction","target":["https:\/\/iberbrasil.org.br\/blog\/2022\/11\/04\/veja-todos-os-cursos-que-sao-oferecidos-pelo-instituto-brasileiro-de-energia-reciclavel\/"]}]},{"@type":"ImageObject","inLanguage":"pt-BR","@id":"https:\/\/iberbrasil.org.br\/blog\/2022\/11\/04\/veja-todos-os-cursos-que-sao-oferecidos-pelo-instituto-brasileiro-de-energia-reciclavel\/#primaryimage","url":"https:\/\/iberbrasil.org.br\/blog\/wp-content\/uploads\/2022\/11\/Posts-38.png","contentUrl":"https:\/\/iberbrasil.org.br\/blog\/wp-content\/uploads\/2022\/11\/Posts-38.png","width":1080,"height":1080},{"@type":"BreadcrumbList","@id":"https:\/\/iberbrasil.org.br\/blog\/2022\/11\/04\/veja-todos-os-cursos-que-sao-oferecidos-pelo-instituto-brasileiro-de-energia-reciclavel\/#breadcrumb","itemListElement":[{"@type":"ListItem","position":1,"name":"Home","item":"https:\/\/iberbrasil.org.br\/blog\/"},{"@type":"ListItem","position":2,"name":"Veja todos os cursos que s\u00e3o oferecidos pelo Instituto Brasileiro de Energia Recicl\u00e1vel"}]},{"@type":"WebSite","@id":"\/#website","url":"\/","name":"IBER","description":"Instituto Brasileiro de Energia Recicl\u00e1vel","publisher":{"@id":"\/#organization"},"potentialAction":[{"@type":"SearchAction","target":{"@type":"EntryPoint","urlTemplate":"\/?s={search_term_string}"},"query-input":{"@type":"PropertyValueSpecification","valueRequired":true,"valueName":"search_term_string"}}],"inLanguage":"pt-BR"},{"@type":"Organization","@id":"\/#organization","name":"IBER Brasil","url":"\/","logo":{"@type":"ImageObject","inLanguage":"pt-BR","@id":"\/#\/schema\/logo\/image\/","url":"https:\/\/iberbrasil.org.br\/blog\/wp-content\/uploads\/2021\/01\/logo-iber-2.png","contentUrl":"https:\/\/iberbrasil.org.br\/blog\/wp-content\/uploads\/2021\/01\/logo-iber-2.png","width":317,"height":86,"caption":"IBER Brasil"},"image":{"@id":"\/#\/schema\/logo\/image\/"}},{"@type":"Person","@id":"\/#\/schema\/person\/a2f7e3afbce17246c983c91f86f4d7b8","name":"admin","image":{"@type":"ImageObject","inLanguage":"pt-BR","@id":"https:\/\/secure.gravatar.com\/avatar\/fa001a3b411f2335327a3fcf246a92536d0ac705fdf27b3e43401b6e4ffe5710?s=96&d=blank&r=g","url":"https:\/\/secure.gravatar.com\/avatar\/fa001a3b411f2335327a3fcf246a92536d0ac705fdf27b3e43401b6e4ffe5710?s=96&d=blank&r=g","contentUrl":"https:\/\/secure.gravatar.com\/avatar\/fa001a3b411f2335327a3fcf246a92536d0ac705fdf27b3e43401b6e4ffe5710?s=96&d=blank&r=g","caption":"admin"},"sameAs":["https:\/\/iberbrasil.org.br\/blog"],"url":"https:\/\/iberbrasil.org.br\/blog\/author\/admin\/"}]}},"_links":{"self":[{"href":"https:\/\/iberbrasil.org.br\/blog\/wp-json\/wp\/v2\/posts\/11755","targetHints":{"allow":["GET"]}}],"collection":[{"href":"https:\/\/iberbrasil.org.br\/blog\/wp-json\/wp\/v2\/posts"}],"about":[{"href":"https:\/\/iberbrasil.org.br\/blog\/wp-json\/wp\/v2\/types\/post"}],"author":[{"embeddable":true,"href":"https:\/\/iberbrasil.org.br\/blog\/wp-json\/wp\/v2\/users\/1"}],"replies":[{"embeddable":true,"href":"https:\/\/iberbrasil.org.br\/blog\/wp-json\/wp\/v2\/comments?post=11755"}],"version-history":[{"count":1,"href":"https:\/\/iberbrasil.org.br\/blog\/wp-json\/wp\/v2\/posts\/11755\/revisions"}],"predecessor-version":[{"id":11757,"href":"https:\/\/iberbrasil.org.br\/blog\/wp-json\/wp\/v2\/posts\/11755\/revisions\/11757"}],"wp:featuredmedia":[{"embeddable":true,"href":"https:\/\/iberbrasil.org.br\/blog\/wp-json\/wp\/v2\/media\/11756"}],"wp:attachment":[{"href":"https:\/\/iberbrasil.org.br\/blog\/wp-json\/wp\/v2\/media?parent=11755"}],"wp:term":[{"taxonomy":"category","embeddable":true,"href":"https:\/\/iberbrasil.org.br\/blog\/wp-json\/wp\/v2\/categories?post=11755"},{"taxonomy":"post_tag","embeddable":true,"href":"https:\/\/iberbrasil.org.br\/blog\/wp-json\/wp\/v2\/tags?post=11755"}],"curies":[{"name":"wp","href":"https:\/\/api.w.org\/{rel}","templated":true}]}}