{"id":11745,"date":"2022-10-14T11:29:45","date_gmt":"2022-10-14T14:29:45","guid":{"rendered":"https:\/\/iberbrasil.org.br\/blog\/?p=11745"},"modified":"2022-10-14T11:35:30","modified_gmt":"2022-10-14T14:35:30","slug":"11745","status":"publish","type":"post","link":"https:\/\/iberbrasil.org.br\/blog\/2022\/10\/14\/11745\/","title":{"rendered":"Iber participa do comit\u00ea de res\u00edduos s\u00f3lidos do Amazonas"},"content":{"rendered":"<p>O IBER participou nessa \u00faltima semana da apresenta\u00e7\u00e3o do instituto ao Comit\u00ea de Res\u00edduos S\u00f3lidos do Amazonas- CERS.<\/p>\n<p>O CERS \u00e9 o grupo t\u00e9cnico que realiza debates e prop\u00f5es revis\u00f5es ao Plano Estadual de Res\u00edduos S\u00f3lidos do estado. Sua composi\u00e7\u00e3o \u00e9 diversa e congrega desde representantes do setor p\u00fablico como da sociedade civil organizada.<\/p>\n<p>Por sua vez, o IBER apresentou o plano de trabalho que j\u00e1 vem acontecendo em diversos estados com objetivo de avan\u00e7ar na regi\u00e3o norte e implementar de maneira integral o processo de log\u00edstica reversa. As tratativas com o estado servem como base para a defini\u00e7\u00e3o do termo de compromisso espec\u00edfico para o setor onde ser\u00e3o definidas metas, prazos e respons\u00e1veis para o setor de log\u00edstica reversa de baterias, ao longo dos pr\u00f3ximos 4 anos.<\/p>\n<p>O Amazonas possui um grande potencial de melhora no desempenho dos indicadores da log\u00edstica reversa. Foram identificadas 673 empresas atuando no estado e grande parte ainda n\u00e3o possui um sistema ambiental validado. O objetivo desse trabalho \u00e9 continuar garantindo os \u00edndices de log\u00edstica reversa nacionais e atender as metas geogr\u00e1ficas de atendimento \u00e0 popula\u00e7\u00e3o e dos munic\u00edpios.<\/p>\n","protected":false},"excerpt":{"rendered":"<p>O IBER participou nessa \u00faltima semana da apresenta\u00e7\u00e3o do instituto ao Comit\u00ea de Res\u00edduos S\u00f3lidos do Amazonas- CERS. O CERS \u00e9 o grupo t\u00e9cnico que realiza debates e prop\u00f5es revis\u00f5es ao Plano Estadual de Res\u00edduos S\u00f3lidos do estado. Sua composi\u00e7\u00e3o \u00e9 diversa e congrega desde representantes do setor p\u00fablico como da sociedade civil organizada. Por [&hellip;]<\/p>\n","protected":false},"author":1,"featured_media":11746,"comment_status":"open","ping_status":"open","sticky":false,"template":"","format":"standard","meta":{"footnotes":""},"categories":[1],"tags":[],"class_list":["post-11745","post","type-post","status-publish","format-standard","has-post-thumbnail","hentry","category-sem-categoria"],"yoast_head":"<!-- This site is optimized with the Yoast SEO plugin v27.3 - https:\/\/yoast.com\/product\/yoast-seo-wordpress\/ -->\n<title>Iber participa do comit\u00ea de res\u00edduos s\u00f3lidos do Amazonas &#8226; IBER<\/title>\n<meta name=\"robots\" content=\"index, follow, max-snippet:-1, max-image-preview:large, max-video-preview:-1\" \/>\n<link rel=\"canonical\" href=\"https:\/\/iberbrasil.org.br\/blog\/2022\/10\/14\/11745\/\" \/>\n<meta property=\"og:locale\" content=\"pt_BR\" \/>\n<meta property=\"og:type\" content=\"article\" \/>\n<meta property=\"og:title\" content=\"Iber participa do comit\u00ea de res\u00edduos s\u00f3lidos do Amazonas &#8226; IBER\" \/>\n<meta property=\"og:description\" content=\"O IBER participou nessa \u00faltima semana da apresenta\u00e7\u00e3o do instituto ao Comit\u00ea de Res\u00edduos S\u00f3lidos do Amazonas- CERS. O CERS \u00e9 o grupo t\u00e9cnico que realiza debates e prop\u00f5es revis\u00f5es ao Plano Estadual de Res\u00edduos S\u00f3lidos do estado. Sua composi\u00e7\u00e3o \u00e9 diversa e congrega desde representantes do setor p\u00fablico como da sociedade civil organizada. Por [&hellip;]\" \/>\n<meta property=\"og:url\" content=\"https:\/\/iberbrasil.org.br\/blog\/2022\/10\/14\/11745\/\" \/>\n<meta property=\"og:site_name\" content=\"IBER\" \/>\n<meta property=\"article:published_time\" content=\"2022-10-14T14:29:45+00:00\" \/>\n<meta property=\"article:modified_time\" content=\"2022-10-14T14:35:30+00:00\" \/>\n<meta property=\"og:image\" content=\"https:\/\/iberbrasil.org.br\/blog\/wp-content\/uploads\/2022\/10\/Posts-31.png\" \/>\n\t<meta property=\"og:image:width\" content=\"1080\" \/>\n\t<meta property=\"og:image:height\" content=\"1080\" \/>\n\t<meta property=\"og:image:type\" content=\"image\/png\" \/>\n<meta name=\"author\" content=\"admin\" \/>\n<meta name=\"twitter:card\" content=\"summary_large_image\" \/>\n<meta name=\"twitter:label1\" content=\"Escrito por\" \/>\n\t<meta name=\"twitter:data1\" content=\"admin\" \/>\n\t<meta name=\"twitter:label2\" content=\"Est. tempo de leitura\" \/>\n\t<meta name=\"twitter:data2\" content=\"2 minutos\" \/>\n<script type=\"application\/ld+json\" class=\"yoast-schema-graph\">{\"@context\":\"https:\\\/\\\/schema.org\",\"@graph\":[{\"@type\":\"Article\",\"@id\":\"https:\\\/\\\/iberbrasil.org.br\\\/blog\\\/2022\\\/10\\\/14\\\/11745\\\/#article\",\"isPartOf\":{\"@id\":\"https:\\\/\\\/iberbrasil.org.br\\\/blog\\\/2022\\\/10\\\/14\\\/11745\\\/\"},\"author\":{\"name\":\"admin\",\"@id\":\"\\\/#\\\/schema\\\/person\\\/a2f7e3afbce17246c983c91f86f4d7b8\"},\"headline\":\"Iber participa do comit\u00ea de res\u00edduos s\u00f3lidos do Amazonas\",\"datePublished\":\"2022-10-14T14:29:45+00:00\",\"dateModified\":\"2022-10-14T14:35:30+00:00\",\"mainEntityOfPage\":{\"@id\":\"https:\\\/\\\/iberbrasil.org.br\\\/blog\\\/2022\\\/10\\\/14\\\/11745\\\/\"},\"wordCount\":215,\"commentCount\":0,\"publisher\":{\"@id\":\"\\\/#organization\"},\"image\":{\"@id\":\"https:\\\/\\\/iberbrasil.org.br\\\/blog\\\/2022\\\/10\\\/14\\\/11745\\\/#primaryimage\"},\"thumbnailUrl\":\"https:\\\/\\\/iberbrasil.org.br\\\/blog\\\/wp-content\\\/uploads\\\/2022\\\/10\\\/Posts-31.png\",\"inLanguage\":\"pt-BR\",\"potentialAction\":[{\"@type\":\"CommentAction\",\"name\":\"Comment\",\"target\":[\"https:\\\/\\\/iberbrasil.org.br\\\/blog\\\/2022\\\/10\\\/14\\\/11745\\\/#respond\"]}]},{\"@type\":\"WebPage\",\"@id\":\"https:\\\/\\\/iberbrasil.org.br\\\/blog\\\/2022\\\/10\\\/14\\\/11745\\\/\",\"url\":\"https:\\\/\\\/iberbrasil.org.br\\\/blog\\\/2022\\\/10\\\/14\\\/11745\\\/\",\"name\":\"Iber participa do comit\u00ea de res\u00edduos s\u00f3lidos do Amazonas &#8226; IBER\",\"isPartOf\":{\"@id\":\"\\\/#website\"},\"primaryImageOfPage\":{\"@id\":\"https:\\\/\\\/iberbrasil.org.br\\\/blog\\\/2022\\\/10\\\/14\\\/11745\\\/#primaryimage\"},\"image\":{\"@id\":\"https:\\\/\\\/iberbrasil.org.br\\\/blog\\\/2022\\\/10\\\/14\\\/11745\\\/#primaryimage\"},\"thumbnailUrl\":\"https:\\\/\\\/iberbrasil.org.br\\\/blog\\\/wp-content\\\/uploads\\\/2022\\\/10\\\/Posts-31.png\",\"datePublished\":\"2022-10-14T14:29:45+00:00\",\"dateModified\":\"2022-10-14T14:35:30+00:00\",\"breadcrumb\":{\"@id\":\"https:\\\/\\\/iberbrasil.org.br\\\/blog\\\/2022\\\/10\\\/14\\\/11745\\\/#breadcrumb\"},\"inLanguage\":\"pt-BR\",\"potentialAction\":[{\"@type\":\"ReadAction\",\"target\":[\"https:\\\/\\\/iberbrasil.org.br\\\/blog\\\/2022\\\/10\\\/14\\\/11745\\\/\"]}]},{\"@type\":\"ImageObject\",\"inLanguage\":\"pt-BR\",\"@id\":\"https:\\\/\\\/iberbrasil.org.br\\\/blog\\\/2022\\\/10\\\/14\\\/11745\\\/#primaryimage\",\"url\":\"https:\\\/\\\/iberbrasil.org.br\\\/blog\\\/wp-content\\\/uploads\\\/2022\\\/10\\\/Posts-31.png\",\"contentUrl\":\"https:\\\/\\\/iberbrasil.org.br\\\/blog\\\/wp-content\\\/uploads\\\/2022\\\/10\\\/Posts-31.png\",\"width\":1080,\"height\":1080},{\"@type\":\"BreadcrumbList\",\"@id\":\"https:\\\/\\\/iberbrasil.org.br\\\/blog\\\/2022\\\/10\\\/14\\\/11745\\\/#breadcrumb\",\"itemListElement\":[{\"@type\":\"ListItem\",\"position\":1,\"name\":\"Home\",\"item\":\"https:\\\/\\\/iberbrasil.org.br\\\/blog\\\/\"},{\"@type\":\"ListItem\",\"position\":2,\"name\":\"Iber participa do comit\u00ea de res\u00edduos s\u00f3lidos do Amazonas\"}]},{\"@type\":\"WebSite\",\"@id\":\"\\\/#website\",\"url\":\"\\\/\",\"name\":\"IBER\",\"description\":\"Instituto Brasileiro de Energia Recicl\u00e1vel\",\"publisher\":{\"@id\":\"\\\/#organization\"},\"potentialAction\":[{\"@type\":\"SearchAction\",\"target\":{\"@type\":\"EntryPoint\",\"urlTemplate\":\"\\\/?s={search_term_string}\"},\"query-input\":{\"@type\":\"PropertyValueSpecification\",\"valueRequired\":true,\"valueName\":\"search_term_string\"}}],\"inLanguage\":\"pt-BR\"},{\"@type\":\"Organization\",\"@id\":\"\\\/#organization\",\"name\":\"IBER Brasil\",\"url\":\"\\\/\",\"logo\":{\"@type\":\"ImageObject\",\"inLanguage\":\"pt-BR\",\"@id\":\"\\\/#\\\/schema\\\/logo\\\/image\\\/\",\"url\":\"https:\\\/\\\/iberbrasil.org.br\\\/blog\\\/wp-content\\\/uploads\\\/2021\\\/01\\\/logo-iber-2.png\",\"contentUrl\":\"https:\\\/\\\/iberbrasil.org.br\\\/blog\\\/wp-content\\\/uploads\\\/2021\\\/01\\\/logo-iber-2.png\",\"width\":317,\"height\":86,\"caption\":\"IBER Brasil\"},\"image\":{\"@id\":\"\\\/#\\\/schema\\\/logo\\\/image\\\/\"}},{\"@type\":\"Person\",\"@id\":\"\\\/#\\\/schema\\\/person\\\/a2f7e3afbce17246c983c91f86f4d7b8\",\"name\":\"admin\",\"image\":{\"@type\":\"ImageObject\",\"inLanguage\":\"pt-BR\",\"@id\":\"https:\\\/\\\/secure.gravatar.com\\\/avatar\\\/fa001a3b411f2335327a3fcf246a92536d0ac705fdf27b3e43401b6e4ffe5710?s=96&d=blank&r=g\",\"url\":\"https:\\\/\\\/secure.gravatar.com\\\/avatar\\\/fa001a3b411f2335327a3fcf246a92536d0ac705fdf27b3e43401b6e4ffe5710?s=96&d=blank&r=g\",\"contentUrl\":\"https:\\\/\\\/secure.gravatar.com\\\/avatar\\\/fa001a3b411f2335327a3fcf246a92536d0ac705fdf27b3e43401b6e4ffe5710?s=96&d=blank&r=g\",\"caption\":\"admin\"},\"sameAs\":[\"https:\\\/\\\/iberbrasil.org.br\\\/blog\"],\"url\":\"https:\\\/\\\/iberbrasil.org.br\\\/blog\\\/author\\\/admin\\\/\"}]}<\/script>\n<!-- \/ Yoast SEO plugin. -->","yoast_head_json":{"title":"Iber participa do comit\u00ea de res\u00edduos s\u00f3lidos do Amazonas &#8226; IBER","robots":{"index":"index","follow":"follow","max-snippet":"max-snippet:-1","max-image-preview":"max-image-preview:large","max-video-preview":"max-video-preview:-1"},"canonical":"https:\/\/iberbrasil.org.br\/blog\/2022\/10\/14\/11745\/","og_locale":"pt_BR","og_type":"article","og_title":"Iber participa do comit\u00ea de res\u00edduos s\u00f3lidos do Amazonas &#8226; IBER","og_description":"O IBER participou nessa \u00faltima semana da apresenta\u00e7\u00e3o do instituto ao Comit\u00ea de Res\u00edduos S\u00f3lidos do Amazonas- CERS. O CERS \u00e9 o grupo t\u00e9cnico que realiza debates e prop\u00f5es revis\u00f5es ao Plano Estadual de Res\u00edduos S\u00f3lidos do estado. Sua composi\u00e7\u00e3o \u00e9 diversa e congrega desde representantes do setor p\u00fablico como da sociedade civil organizada. Por [&hellip;]","og_url":"https:\/\/iberbrasil.org.br\/blog\/2022\/10\/14\/11745\/","og_site_name":"IBER","article_published_time":"2022-10-14T14:29:45+00:00","article_modified_time":"2022-10-14T14:35:30+00:00","og_image":[{"width":1080,"height":1080,"url":"https:\/\/iberbrasil.org.br\/blog\/wp-content\/uploads\/2022\/10\/Posts-31.png","type":"image\/png"}],"author":"admin","twitter_card":"summary_large_image","twitter_misc":{"Escrito por":"admin","Est. tempo de leitura":"2 minutos"},"schema":{"@context":"https:\/\/schema.org","@graph":[{"@type":"Article","@id":"https:\/\/iberbrasil.org.br\/blog\/2022\/10\/14\/11745\/#article","isPartOf":{"@id":"https:\/\/iberbrasil.org.br\/blog\/2022\/10\/14\/11745\/"},"author":{"name":"admin","@id":"\/#\/schema\/person\/a2f7e3afbce17246c983c91f86f4d7b8"},"headline":"Iber participa do comit\u00ea de res\u00edduos s\u00f3lidos do Amazonas","datePublished":"2022-10-14T14:29:45+00:00","dateModified":"2022-10-14T14:35:30+00:00","mainEntityOfPage":{"@id":"https:\/\/iberbrasil.org.br\/blog\/2022\/10\/14\/11745\/"},"wordCount":215,"commentCount":0,"publisher":{"@id":"\/#organization"},"image":{"@id":"https:\/\/iberbrasil.org.br\/blog\/2022\/10\/14\/11745\/#primaryimage"},"thumbnailUrl":"https:\/\/iberbrasil.org.br\/blog\/wp-content\/uploads\/2022\/10\/Posts-31.png","inLanguage":"pt-BR","potentialAction":[{"@type":"CommentAction","name":"Comment","target":["https:\/\/iberbrasil.org.br\/blog\/2022\/10\/14\/11745\/#respond"]}]},{"@type":"WebPage","@id":"https:\/\/iberbrasil.org.br\/blog\/2022\/10\/14\/11745\/","url":"https:\/\/iberbrasil.org.br\/blog\/2022\/10\/14\/11745\/","name":"Iber participa do comit\u00ea de res\u00edduos s\u00f3lidos do Amazonas &#8226; IBER","isPartOf":{"@id":"\/#website"},"primaryImageOfPage":{"@id":"https:\/\/iberbrasil.org.br\/blog\/2022\/10\/14\/11745\/#primaryimage"},"image":{"@id":"https:\/\/iberbrasil.org.br\/blog\/2022\/10\/14\/11745\/#primaryimage"},"thumbnailUrl":"https:\/\/iberbrasil.org.br\/blog\/wp-content\/uploads\/2022\/10\/Posts-31.png","datePublished":"2022-10-14T14:29:45+00:00","dateModified":"2022-10-14T14:35:30+00:00","breadcrumb":{"@id":"https:\/\/iberbrasil.org.br\/blog\/2022\/10\/14\/11745\/#breadcrumb"},"inLanguage":"pt-BR","potentialAction":[{"@type":"ReadAction","target":["https:\/\/iberbrasil.org.br\/blog\/2022\/10\/14\/11745\/"]}]},{"@type":"ImageObject","inLanguage":"pt-BR","@id":"https:\/\/iberbrasil.org.br\/blog\/2022\/10\/14\/11745\/#primaryimage","url":"https:\/\/iberbrasil.org.br\/blog\/wp-content\/uploads\/2022\/10\/Posts-31.png","contentUrl":"https:\/\/iberbrasil.org.br\/blog\/wp-content\/uploads\/2022\/10\/Posts-31.png","width":1080,"height":1080},{"@type":"BreadcrumbList","@id":"https:\/\/iberbrasil.org.br\/blog\/2022\/10\/14\/11745\/#breadcrumb","itemListElement":[{"@type":"ListItem","position":1,"name":"Home","item":"https:\/\/iberbrasil.org.br\/blog\/"},{"@type":"ListItem","position":2,"name":"Iber participa do comit\u00ea de res\u00edduos s\u00f3lidos do Amazonas"}]},{"@type":"WebSite","@id":"\/#website","url":"\/","name":"IBER","description":"Instituto Brasileiro de Energia Recicl\u00e1vel","publisher":{"@id":"\/#organization"},"potentialAction":[{"@type":"SearchAction","target":{"@type":"EntryPoint","urlTemplate":"\/?s={search_term_string}"},"query-input":{"@type":"PropertyValueSpecification","valueRequired":true,"valueName":"search_term_string"}}],"inLanguage":"pt-BR"},{"@type":"Organization","@id":"\/#organization","name":"IBER Brasil","url":"\/","logo":{"@type":"ImageObject","inLanguage":"pt-BR","@id":"\/#\/schema\/logo\/image\/","url":"https:\/\/iberbrasil.org.br\/blog\/wp-content\/uploads\/2021\/01\/logo-iber-2.png","contentUrl":"https:\/\/iberbrasil.org.br\/blog\/wp-content\/uploads\/2021\/01\/logo-iber-2.png","width":317,"height":86,"caption":"IBER Brasil"},"image":{"@id":"\/#\/schema\/logo\/image\/"}},{"@type":"Person","@id":"\/#\/schema\/person\/a2f7e3afbce17246c983c91f86f4d7b8","name":"admin","image":{"@type":"ImageObject","inLanguage":"pt-BR","@id":"https:\/\/secure.gravatar.com\/avatar\/fa001a3b411f2335327a3fcf246a92536d0ac705fdf27b3e43401b6e4ffe5710?s=96&d=blank&r=g","url":"https:\/\/secure.gravatar.com\/avatar\/fa001a3b411f2335327a3fcf246a92536d0ac705fdf27b3e43401b6e4ffe5710?s=96&d=blank&r=g","contentUrl":"https:\/\/secure.gravatar.com\/avatar\/fa001a3b411f2335327a3fcf246a92536d0ac705fdf27b3e43401b6e4ffe5710?s=96&d=blank&r=g","caption":"admin"},"sameAs":["https:\/\/iberbrasil.org.br\/blog"],"url":"https:\/\/iberbrasil.org.br\/blog\/author\/admin\/"}]}},"_links":{"self":[{"href":"https:\/\/iberbrasil.org.br\/blog\/wp-json\/wp\/v2\/posts\/11745","targetHints":{"allow":["GET"]}}],"collection":[{"href":"https:\/\/iberbrasil.org.br\/blog\/wp-json\/wp\/v2\/posts"}],"about":[{"href":"https:\/\/iberbrasil.org.br\/blog\/wp-json\/wp\/v2\/types\/post"}],"author":[{"embeddable":true,"href":"https:\/\/iberbrasil.org.br\/blog\/wp-json\/wp\/v2\/users\/1"}],"replies":[{"embeddable":true,"href":"https:\/\/iberbrasil.org.br\/blog\/wp-json\/wp\/v2\/comments?post=11745"}],"version-history":[{"count":2,"href":"https:\/\/iberbrasil.org.br\/blog\/wp-json\/wp\/v2\/posts\/11745\/revisions"}],"predecessor-version":[{"id":11748,"href":"https:\/\/iberbrasil.org.br\/blog\/wp-json\/wp\/v2\/posts\/11745\/revisions\/11748"}],"wp:featuredmedia":[{"embeddable":true,"href":"https:\/\/iberbrasil.org.br\/blog\/wp-json\/wp\/v2\/media\/11746"}],"wp:attachment":[{"href":"https:\/\/iberbrasil.org.br\/blog\/wp-json\/wp\/v2\/media?parent=11745"}],"wp:term":[{"taxonomy":"category","embeddable":true,"href":"https:\/\/iberbrasil.org.br\/blog\/wp-json\/wp\/v2\/categories?post=11745"},{"taxonomy":"post_tag","embeddable":true,"href":"https:\/\/iberbrasil.org.br\/blog\/wp-json\/wp\/v2\/tags?post=11745"}],"curies":[{"name":"wp","href":"https:\/\/api.w.org\/{rel}","templated":true}]}}