{"id":11741,"date":"2022-10-10T12:42:37","date_gmt":"2022-10-10T15:42:37","guid":{"rendered":"https:\/\/iberbrasil.org.br\/blog\/?p=11741"},"modified":"2022-10-10T12:42:37","modified_gmt":"2022-10-10T15:42:37","slug":"iber-realiza-reuniao-com-o-ministerio-publico-do-rio-grande-do-sul","status":"publish","type":"post","link":"https:\/\/iberbrasil.org.br\/blog\/2022\/10\/10\/iber-realiza-reuniao-com-o-ministerio-publico-do-rio-grande-do-sul\/","title":{"rendered":"IBER realiza reuni\u00e3o com o Minist\u00e9rio P\u00fablico do Rio Grande do Sul"},"content":{"rendered":"<p>No dia 26 de setembro foi realizado uma videoconfer\u00eancia com o promotor de justi\u00e7a do Minist\u00e9rio P\u00fablico do estado de Rio Grande do Sul, onde a Diretora Executiva Amanda Schneider e a Analista Ambiental do IBER Mariana Azevedo apresentaram a entidade gestora e o trabalho que vem sendo realizado no estado.<\/p>\n<p>O Rio Grande do Sul est\u00e1 em 10\u00aa posi\u00e7\u00e3o no \u00edndice de log\u00edstica reversa em rela\u00e7\u00e3o aos demais estados brasileiros, tendo coletado cerca de 23.278 toneladas no ano de 2021. O trabalho junto ao estado vem se intensificando junto ao Consema e ao MPRS, al\u00e9m dos \u00f3rg\u00e3os ambientais.<\/p>\n<p>Em 2021, os associados IBER coletaram 9% acima do volume de baterias colocadas no mercado. No entanto, um significativo percentual de res\u00edduos ainda se encontra sem comprova\u00e7\u00e3o no sistema de Log\u00edstica Reversa v\u00e1lido e aprovado nacionalmente.<\/p>\n<p>O desafio \u00e9 \u00a0atuar em conjunto com os \u00f3rg\u00e3os de cada esfera e empresas, para que o atendimento \u00e0 Log\u00edstica Reversa seja assertivo no cumprimento da legisla\u00e7\u00e3o ambiental.<\/p>\n","protected":false},"excerpt":{"rendered":"<p>No dia 26 de setembro foi realizado uma videoconfer\u00eancia com o promotor de justi\u00e7a do Minist\u00e9rio P\u00fablico do estado de Rio Grande do Sul, onde a Diretora Executiva Amanda Schneider e a Analista Ambiental do IBER Mariana Azevedo apresentaram a entidade gestora e o trabalho que vem sendo realizado no estado. O Rio Grande do [&hellip;]<\/p>\n","protected":false},"author":1,"featured_media":11742,"comment_status":"open","ping_status":"open","sticky":false,"template":"","format":"standard","meta":{"footnotes":""},"categories":[1],"tags":[],"class_list":["post-11741","post","type-post","status-publish","format-standard","has-post-thumbnail","hentry","category-sem-categoria"],"yoast_head":"<!-- This site is optimized with the Yoast SEO plugin v27.3 - https:\/\/yoast.com\/product\/yoast-seo-wordpress\/ -->\n<title>IBER realiza reuni\u00e3o com o Minist\u00e9rio P\u00fablico do Rio Grande do Sul &#8226; IBER<\/title>\n<meta name=\"robots\" content=\"index, follow, max-snippet:-1, max-image-preview:large, max-video-preview:-1\" \/>\n<link rel=\"canonical\" href=\"https:\/\/iberbrasil.org.br\/blog\/2022\/10\/10\/iber-realiza-reuniao-com-o-ministerio-publico-do-rio-grande-do-sul\/\" \/>\n<meta property=\"og:locale\" content=\"pt_BR\" \/>\n<meta property=\"og:type\" content=\"article\" \/>\n<meta property=\"og:title\" content=\"IBER realiza reuni\u00e3o com o Minist\u00e9rio P\u00fablico do Rio Grande do Sul &#8226; IBER\" \/>\n<meta property=\"og:description\" content=\"No dia 26 de setembro foi realizado uma videoconfer\u00eancia com o promotor de justi\u00e7a do Minist\u00e9rio P\u00fablico do estado de Rio Grande do Sul, onde a Diretora Executiva Amanda Schneider e a Analista Ambiental do IBER Mariana Azevedo apresentaram a entidade gestora e o trabalho que vem sendo realizado no estado. O Rio Grande do [&hellip;]\" \/>\n<meta property=\"og:url\" content=\"https:\/\/iberbrasil.org.br\/blog\/2022\/10\/10\/iber-realiza-reuniao-com-o-ministerio-publico-do-rio-grande-do-sul\/\" \/>\n<meta property=\"og:site_name\" content=\"IBER\" \/>\n<meta property=\"article:published_time\" content=\"2022-10-10T15:42:37+00:00\" \/>\n<meta property=\"og:image\" content=\"https:\/\/iberbrasil.org.br\/blog\/wp-content\/uploads\/2022\/10\/Posts-29.png\" \/>\n\t<meta property=\"og:image:width\" content=\"1080\" \/>\n\t<meta property=\"og:image:height\" content=\"1080\" \/>\n\t<meta property=\"og:image:type\" content=\"image\/png\" \/>\n<meta name=\"author\" content=\"admin\" \/>\n<meta name=\"twitter:card\" content=\"summary_large_image\" \/>\n<meta name=\"twitter:label1\" content=\"Escrito por\" \/>\n\t<meta name=\"twitter:data1\" content=\"admin\" \/>\n\t<meta name=\"twitter:label2\" content=\"Est. tempo de leitura\" \/>\n\t<meta name=\"twitter:data2\" content=\"1 minuto\" \/>\n<script type=\"application\/ld+json\" class=\"yoast-schema-graph\">{\"@context\":\"https:\\\/\\\/schema.org\",\"@graph\":[{\"@type\":\"Article\",\"@id\":\"https:\\\/\\\/iberbrasil.org.br\\\/blog\\\/2022\\\/10\\\/10\\\/iber-realiza-reuniao-com-o-ministerio-publico-do-rio-grande-do-sul\\\/#article\",\"isPartOf\":{\"@id\":\"https:\\\/\\\/iberbrasil.org.br\\\/blog\\\/2022\\\/10\\\/10\\\/iber-realiza-reuniao-com-o-ministerio-publico-do-rio-grande-do-sul\\\/\"},\"author\":{\"name\":\"admin\",\"@id\":\"\\\/#\\\/schema\\\/person\\\/a2f7e3afbce17246c983c91f86f4d7b8\"},\"headline\":\"IBER realiza reuni\u00e3o com o Minist\u00e9rio P\u00fablico do Rio Grande do Sul\",\"datePublished\":\"2022-10-10T15:42:37+00:00\",\"mainEntityOfPage\":{\"@id\":\"https:\\\/\\\/iberbrasil.org.br\\\/blog\\\/2022\\\/10\\\/10\\\/iber-realiza-reuniao-com-o-ministerio-publico-do-rio-grande-do-sul\\\/\"},\"wordCount\":186,\"commentCount\":0,\"publisher\":{\"@id\":\"\\\/#organization\"},\"image\":{\"@id\":\"https:\\\/\\\/iberbrasil.org.br\\\/blog\\\/2022\\\/10\\\/10\\\/iber-realiza-reuniao-com-o-ministerio-publico-do-rio-grande-do-sul\\\/#primaryimage\"},\"thumbnailUrl\":\"https:\\\/\\\/iberbrasil.org.br\\\/blog\\\/wp-content\\\/uploads\\\/2022\\\/10\\\/Posts-29.png\",\"inLanguage\":\"pt-BR\",\"potentialAction\":[{\"@type\":\"CommentAction\",\"name\":\"Comment\",\"target\":[\"https:\\\/\\\/iberbrasil.org.br\\\/blog\\\/2022\\\/10\\\/10\\\/iber-realiza-reuniao-com-o-ministerio-publico-do-rio-grande-do-sul\\\/#respond\"]}]},{\"@type\":\"WebPage\",\"@id\":\"https:\\\/\\\/iberbrasil.org.br\\\/blog\\\/2022\\\/10\\\/10\\\/iber-realiza-reuniao-com-o-ministerio-publico-do-rio-grande-do-sul\\\/\",\"url\":\"https:\\\/\\\/iberbrasil.org.br\\\/blog\\\/2022\\\/10\\\/10\\\/iber-realiza-reuniao-com-o-ministerio-publico-do-rio-grande-do-sul\\\/\",\"name\":\"IBER realiza reuni\u00e3o com o Minist\u00e9rio P\u00fablico do Rio Grande do Sul &#8226; IBER\",\"isPartOf\":{\"@id\":\"\\\/#website\"},\"primaryImageOfPage\":{\"@id\":\"https:\\\/\\\/iberbrasil.org.br\\\/blog\\\/2022\\\/10\\\/10\\\/iber-realiza-reuniao-com-o-ministerio-publico-do-rio-grande-do-sul\\\/#primaryimage\"},\"image\":{\"@id\":\"https:\\\/\\\/iberbrasil.org.br\\\/blog\\\/2022\\\/10\\\/10\\\/iber-realiza-reuniao-com-o-ministerio-publico-do-rio-grande-do-sul\\\/#primaryimage\"},\"thumbnailUrl\":\"https:\\\/\\\/iberbrasil.org.br\\\/blog\\\/wp-content\\\/uploads\\\/2022\\\/10\\\/Posts-29.png\",\"datePublished\":\"2022-10-10T15:42:37+00:00\",\"breadcrumb\":{\"@id\":\"https:\\\/\\\/iberbrasil.org.br\\\/blog\\\/2022\\\/10\\\/10\\\/iber-realiza-reuniao-com-o-ministerio-publico-do-rio-grande-do-sul\\\/#breadcrumb\"},\"inLanguage\":\"pt-BR\",\"potentialAction\":[{\"@type\":\"ReadAction\",\"target\":[\"https:\\\/\\\/iberbrasil.org.br\\\/blog\\\/2022\\\/10\\\/10\\\/iber-realiza-reuniao-com-o-ministerio-publico-do-rio-grande-do-sul\\\/\"]}]},{\"@type\":\"ImageObject\",\"inLanguage\":\"pt-BR\",\"@id\":\"https:\\\/\\\/iberbrasil.org.br\\\/blog\\\/2022\\\/10\\\/10\\\/iber-realiza-reuniao-com-o-ministerio-publico-do-rio-grande-do-sul\\\/#primaryimage\",\"url\":\"https:\\\/\\\/iberbrasil.org.br\\\/blog\\\/wp-content\\\/uploads\\\/2022\\\/10\\\/Posts-29.png\",\"contentUrl\":\"https:\\\/\\\/iberbrasil.org.br\\\/blog\\\/wp-content\\\/uploads\\\/2022\\\/10\\\/Posts-29.png\",\"width\":1080,\"height\":1080},{\"@type\":\"BreadcrumbList\",\"@id\":\"https:\\\/\\\/iberbrasil.org.br\\\/blog\\\/2022\\\/10\\\/10\\\/iber-realiza-reuniao-com-o-ministerio-publico-do-rio-grande-do-sul\\\/#breadcrumb\",\"itemListElement\":[{\"@type\":\"ListItem\",\"position\":1,\"name\":\"Home\",\"item\":\"https:\\\/\\\/iberbrasil.org.br\\\/blog\\\/\"},{\"@type\":\"ListItem\",\"position\":2,\"name\":\"IBER realiza reuni\u00e3o com o Minist\u00e9rio P\u00fablico do Rio Grande do Sul\"}]},{\"@type\":\"WebSite\",\"@id\":\"\\\/#website\",\"url\":\"\\\/\",\"name\":\"IBER\",\"description\":\"Instituto Brasileiro de Energia Recicl\u00e1vel\",\"publisher\":{\"@id\":\"\\\/#organization\"},\"potentialAction\":[{\"@type\":\"SearchAction\",\"target\":{\"@type\":\"EntryPoint\",\"urlTemplate\":\"\\\/?s={search_term_string}\"},\"query-input\":{\"@type\":\"PropertyValueSpecification\",\"valueRequired\":true,\"valueName\":\"search_term_string\"}}],\"inLanguage\":\"pt-BR\"},{\"@type\":\"Organization\",\"@id\":\"\\\/#organization\",\"name\":\"IBER Brasil\",\"url\":\"\\\/\",\"logo\":{\"@type\":\"ImageObject\",\"inLanguage\":\"pt-BR\",\"@id\":\"\\\/#\\\/schema\\\/logo\\\/image\\\/\",\"url\":\"https:\\\/\\\/iberbrasil.org.br\\\/blog\\\/wp-content\\\/uploads\\\/2021\\\/01\\\/logo-iber-2.png\",\"contentUrl\":\"https:\\\/\\\/iberbrasil.org.br\\\/blog\\\/wp-content\\\/uploads\\\/2021\\\/01\\\/logo-iber-2.png\",\"width\":317,\"height\":86,\"caption\":\"IBER Brasil\"},\"image\":{\"@id\":\"\\\/#\\\/schema\\\/logo\\\/image\\\/\"}},{\"@type\":\"Person\",\"@id\":\"\\\/#\\\/schema\\\/person\\\/a2f7e3afbce17246c983c91f86f4d7b8\",\"name\":\"admin\",\"image\":{\"@type\":\"ImageObject\",\"inLanguage\":\"pt-BR\",\"@id\":\"https:\\\/\\\/secure.gravatar.com\\\/avatar\\\/fa001a3b411f2335327a3fcf246a92536d0ac705fdf27b3e43401b6e4ffe5710?s=96&d=blank&r=g\",\"url\":\"https:\\\/\\\/secure.gravatar.com\\\/avatar\\\/fa001a3b411f2335327a3fcf246a92536d0ac705fdf27b3e43401b6e4ffe5710?s=96&d=blank&r=g\",\"contentUrl\":\"https:\\\/\\\/secure.gravatar.com\\\/avatar\\\/fa001a3b411f2335327a3fcf246a92536d0ac705fdf27b3e43401b6e4ffe5710?s=96&d=blank&r=g\",\"caption\":\"admin\"},\"sameAs\":[\"https:\\\/\\\/iberbrasil.org.br\\\/blog\"],\"url\":\"https:\\\/\\\/iberbrasil.org.br\\\/blog\\\/author\\\/admin\\\/\"}]}<\/script>\n<!-- \/ Yoast SEO plugin. -->","yoast_head_json":{"title":"IBER realiza reuni\u00e3o com o Minist\u00e9rio P\u00fablico do Rio Grande do Sul &#8226; IBER","robots":{"index":"index","follow":"follow","max-snippet":"max-snippet:-1","max-image-preview":"max-image-preview:large","max-video-preview":"max-video-preview:-1"},"canonical":"https:\/\/iberbrasil.org.br\/blog\/2022\/10\/10\/iber-realiza-reuniao-com-o-ministerio-publico-do-rio-grande-do-sul\/","og_locale":"pt_BR","og_type":"article","og_title":"IBER realiza reuni\u00e3o com o Minist\u00e9rio P\u00fablico do Rio Grande do Sul &#8226; IBER","og_description":"No dia 26 de setembro foi realizado uma videoconfer\u00eancia com o promotor de justi\u00e7a do Minist\u00e9rio P\u00fablico do estado de Rio Grande do Sul, onde a Diretora Executiva Amanda Schneider e a Analista Ambiental do IBER Mariana Azevedo apresentaram a entidade gestora e o trabalho que vem sendo realizado no estado. O Rio Grande do [&hellip;]","og_url":"https:\/\/iberbrasil.org.br\/blog\/2022\/10\/10\/iber-realiza-reuniao-com-o-ministerio-publico-do-rio-grande-do-sul\/","og_site_name":"IBER","article_published_time":"2022-10-10T15:42:37+00:00","og_image":[{"width":1080,"height":1080,"url":"https:\/\/iberbrasil.org.br\/blog\/wp-content\/uploads\/2022\/10\/Posts-29.png","type":"image\/png"}],"author":"admin","twitter_card":"summary_large_image","twitter_misc":{"Escrito por":"admin","Est. tempo de leitura":"1 minuto"},"schema":{"@context":"https:\/\/schema.org","@graph":[{"@type":"Article","@id":"https:\/\/iberbrasil.org.br\/blog\/2022\/10\/10\/iber-realiza-reuniao-com-o-ministerio-publico-do-rio-grande-do-sul\/#article","isPartOf":{"@id":"https:\/\/iberbrasil.org.br\/blog\/2022\/10\/10\/iber-realiza-reuniao-com-o-ministerio-publico-do-rio-grande-do-sul\/"},"author":{"name":"admin","@id":"\/#\/schema\/person\/a2f7e3afbce17246c983c91f86f4d7b8"},"headline":"IBER realiza reuni\u00e3o com o Minist\u00e9rio P\u00fablico do Rio Grande do Sul","datePublished":"2022-10-10T15:42:37+00:00","mainEntityOfPage":{"@id":"https:\/\/iberbrasil.org.br\/blog\/2022\/10\/10\/iber-realiza-reuniao-com-o-ministerio-publico-do-rio-grande-do-sul\/"},"wordCount":186,"commentCount":0,"publisher":{"@id":"\/#organization"},"image":{"@id":"https:\/\/iberbrasil.org.br\/blog\/2022\/10\/10\/iber-realiza-reuniao-com-o-ministerio-publico-do-rio-grande-do-sul\/#primaryimage"},"thumbnailUrl":"https:\/\/iberbrasil.org.br\/blog\/wp-content\/uploads\/2022\/10\/Posts-29.png","inLanguage":"pt-BR","potentialAction":[{"@type":"CommentAction","name":"Comment","target":["https:\/\/iberbrasil.org.br\/blog\/2022\/10\/10\/iber-realiza-reuniao-com-o-ministerio-publico-do-rio-grande-do-sul\/#respond"]}]},{"@type":"WebPage","@id":"https:\/\/iberbrasil.org.br\/blog\/2022\/10\/10\/iber-realiza-reuniao-com-o-ministerio-publico-do-rio-grande-do-sul\/","url":"https:\/\/iberbrasil.org.br\/blog\/2022\/10\/10\/iber-realiza-reuniao-com-o-ministerio-publico-do-rio-grande-do-sul\/","name":"IBER realiza reuni\u00e3o com o Minist\u00e9rio P\u00fablico do Rio Grande do Sul &#8226; IBER","isPartOf":{"@id":"\/#website"},"primaryImageOfPage":{"@id":"https:\/\/iberbrasil.org.br\/blog\/2022\/10\/10\/iber-realiza-reuniao-com-o-ministerio-publico-do-rio-grande-do-sul\/#primaryimage"},"image":{"@id":"https:\/\/iberbrasil.org.br\/blog\/2022\/10\/10\/iber-realiza-reuniao-com-o-ministerio-publico-do-rio-grande-do-sul\/#primaryimage"},"thumbnailUrl":"https:\/\/iberbrasil.org.br\/blog\/wp-content\/uploads\/2022\/10\/Posts-29.png","datePublished":"2022-10-10T15:42:37+00:00","breadcrumb":{"@id":"https:\/\/iberbrasil.org.br\/blog\/2022\/10\/10\/iber-realiza-reuniao-com-o-ministerio-publico-do-rio-grande-do-sul\/#breadcrumb"},"inLanguage":"pt-BR","potentialAction":[{"@type":"ReadAction","target":["https:\/\/iberbrasil.org.br\/blog\/2022\/10\/10\/iber-realiza-reuniao-com-o-ministerio-publico-do-rio-grande-do-sul\/"]}]},{"@type":"ImageObject","inLanguage":"pt-BR","@id":"https:\/\/iberbrasil.org.br\/blog\/2022\/10\/10\/iber-realiza-reuniao-com-o-ministerio-publico-do-rio-grande-do-sul\/#primaryimage","url":"https:\/\/iberbrasil.org.br\/blog\/wp-content\/uploads\/2022\/10\/Posts-29.png","contentUrl":"https:\/\/iberbrasil.org.br\/blog\/wp-content\/uploads\/2022\/10\/Posts-29.png","width":1080,"height":1080},{"@type":"BreadcrumbList","@id":"https:\/\/iberbrasil.org.br\/blog\/2022\/10\/10\/iber-realiza-reuniao-com-o-ministerio-publico-do-rio-grande-do-sul\/#breadcrumb","itemListElement":[{"@type":"ListItem","position":1,"name":"Home","item":"https:\/\/iberbrasil.org.br\/blog\/"},{"@type":"ListItem","position":2,"name":"IBER realiza reuni\u00e3o com o Minist\u00e9rio P\u00fablico do Rio Grande do Sul"}]},{"@type":"WebSite","@id":"\/#website","url":"\/","name":"IBER","description":"Instituto Brasileiro de Energia Recicl\u00e1vel","publisher":{"@id":"\/#organization"},"potentialAction":[{"@type":"SearchAction","target":{"@type":"EntryPoint","urlTemplate":"\/?s={search_term_string}"},"query-input":{"@type":"PropertyValueSpecification","valueRequired":true,"valueName":"search_term_string"}}],"inLanguage":"pt-BR"},{"@type":"Organization","@id":"\/#organization","name":"IBER Brasil","url":"\/","logo":{"@type":"ImageObject","inLanguage":"pt-BR","@id":"\/#\/schema\/logo\/image\/","url":"https:\/\/iberbrasil.org.br\/blog\/wp-content\/uploads\/2021\/01\/logo-iber-2.png","contentUrl":"https:\/\/iberbrasil.org.br\/blog\/wp-content\/uploads\/2021\/01\/logo-iber-2.png","width":317,"height":86,"caption":"IBER Brasil"},"image":{"@id":"\/#\/schema\/logo\/image\/"}},{"@type":"Person","@id":"\/#\/schema\/person\/a2f7e3afbce17246c983c91f86f4d7b8","name":"admin","image":{"@type":"ImageObject","inLanguage":"pt-BR","@id":"https:\/\/secure.gravatar.com\/avatar\/fa001a3b411f2335327a3fcf246a92536d0ac705fdf27b3e43401b6e4ffe5710?s=96&d=blank&r=g","url":"https:\/\/secure.gravatar.com\/avatar\/fa001a3b411f2335327a3fcf246a92536d0ac705fdf27b3e43401b6e4ffe5710?s=96&d=blank&r=g","contentUrl":"https:\/\/secure.gravatar.com\/avatar\/fa001a3b411f2335327a3fcf246a92536d0ac705fdf27b3e43401b6e4ffe5710?s=96&d=blank&r=g","caption":"admin"},"sameAs":["https:\/\/iberbrasil.org.br\/blog"],"url":"https:\/\/iberbrasil.org.br\/blog\/author\/admin\/"}]}},"_links":{"self":[{"href":"https:\/\/iberbrasil.org.br\/blog\/wp-json\/wp\/v2\/posts\/11741","targetHints":{"allow":["GET"]}}],"collection":[{"href":"https:\/\/iberbrasil.org.br\/blog\/wp-json\/wp\/v2\/posts"}],"about":[{"href":"https:\/\/iberbrasil.org.br\/blog\/wp-json\/wp\/v2\/types\/post"}],"author":[{"embeddable":true,"href":"https:\/\/iberbrasil.org.br\/blog\/wp-json\/wp\/v2\/users\/1"}],"replies":[{"embeddable":true,"href":"https:\/\/iberbrasil.org.br\/blog\/wp-json\/wp\/v2\/comments?post=11741"}],"version-history":[{"count":2,"href":"https:\/\/iberbrasil.org.br\/blog\/wp-json\/wp\/v2\/posts\/11741\/revisions"}],"predecessor-version":[{"id":11744,"href":"https:\/\/iberbrasil.org.br\/blog\/wp-json\/wp\/v2\/posts\/11741\/revisions\/11744"}],"wp:featuredmedia":[{"embeddable":true,"href":"https:\/\/iberbrasil.org.br\/blog\/wp-json\/wp\/v2\/media\/11742"}],"wp:attachment":[{"href":"https:\/\/iberbrasil.org.br\/blog\/wp-json\/wp\/v2\/media?parent=11741"}],"wp:term":[{"taxonomy":"category","embeddable":true,"href":"https:\/\/iberbrasil.org.br\/blog\/wp-json\/wp\/v2\/categories?post=11741"},{"taxonomy":"post_tag","embeddable":true,"href":"https:\/\/iberbrasil.org.br\/blog\/wp-json\/wp\/v2\/tags?post=11741"}],"curies":[{"name":"wp","href":"https:\/\/api.w.org\/{rel}","templated":true}]}}