{"id":11675,"date":"2022-07-20T11:43:20","date_gmt":"2022-07-20T14:43:20","guid":{"rendered":"https:\/\/iberbrasil.org.br\/blog\/?p=11675"},"modified":"2022-07-20T11:43:20","modified_gmt":"2022-07-20T14:43:20","slug":"palestra-iber-fenibat-2022","status":"publish","type":"post","link":"https:\/\/iberbrasil.org.br\/blog\/2022\/07\/20\/palestra-iber-fenibat-2022\/","title":{"rendered":"Palestra IBER \u2013 Fenibat 2022"},"content":{"rendered":"<p>Entre os dias 22 e 24\/05 o IBER esteve presente na 5\u00aa FENIBAT realizada em Londrina, Paran\u00e1. O evento reuniu a ind\u00fastria brasileira e latino-americana de baterias de chumbo e de l\u00edtio e seus fornecedores.<\/p>\n<p>Amanda Schneider, diretora executiva do IBER, foi palestrante durante o evento e apresentou informa\u00e7\u00f5es importantes sobre a evolu\u00e7\u00e3o do sistema de baterias e as tend\u00eancias do mercado mundial. Veja na \u00edntegra a palestra realizada pelo IBER no evento pelo nosso canal do Youtube:<\/p>\n<p><a href=\"https:\/\/youtu.be\/kbnSjTinAwI\">https:\/\/youtu.be\/kbnSjTinAwI<\/a><\/p>\n<p>Para saber mais sobre a atua\u00e7\u00e3o da entidade no setor de baterias chumbo \u00e1cido, entre em contato conosco e acesse nosso site:<\/p>\n<p>Link whatsapp<\/p>\n<p><a href=\"https:\/\/iberbrasil.org.br\/\">IBER \u2022 Instituto Brasileiro de Energia Recic\u00e1vel (iberbrasil.org.br)<\/a><\/p>\n","protected":false},"excerpt":{"rendered":"<p>Entre os dias 22 e 24\/05 o IBER esteve presente na 5\u00aa FENIBAT realizada em Londrina, Paran\u00e1. O evento reuniu a ind\u00fastria brasileira e latino-americana de baterias de chumbo e de l\u00edtio e seus fornecedores. Amanda Schneider, diretora executiva do IBER, foi palestrante durante o evento e apresentou informa\u00e7\u00f5es importantes sobre a evolu\u00e7\u00e3o do sistema [&hellip;]<\/p>\n","protected":false},"author":1,"featured_media":11676,"comment_status":"open","ping_status":"open","sticky":false,"template":"","format":"standard","meta":{"footnotes":""},"categories":[30,55,81,63],"tags":[],"class_list":["post-11675","post","type-post","status-publish","format-standard","has-post-thumbnail","hentry","category-ambiental","category-eventos","category-gestao","category-midias"],"yoast_head":"<!-- This site is optimized with the Yoast SEO plugin v27.3 - https:\/\/yoast.com\/product\/yoast-seo-wordpress\/ -->\n<title>Palestra IBER \u2013 Fenibat 2022 &#8226; IBER<\/title>\n<meta name=\"robots\" content=\"index, follow, max-snippet:-1, max-image-preview:large, max-video-preview:-1\" \/>\n<link rel=\"canonical\" href=\"https:\/\/iberbrasil.org.br\/blog\/2022\/07\/20\/palestra-iber-fenibat-2022\/\" \/>\n<meta property=\"og:locale\" content=\"pt_BR\" \/>\n<meta property=\"og:type\" content=\"article\" \/>\n<meta property=\"og:title\" content=\"Palestra IBER \u2013 Fenibat 2022 &#8226; IBER\" \/>\n<meta property=\"og:description\" content=\"Entre os dias 22 e 24\/05 o IBER esteve presente na 5\u00aa FENIBAT realizada em Londrina, Paran\u00e1. O evento reuniu a ind\u00fastria brasileira e latino-americana de baterias de chumbo e de l\u00edtio e seus fornecedores. Amanda Schneider, diretora executiva do IBER, foi palestrante durante o evento e apresentou informa\u00e7\u00f5es importantes sobre a evolu\u00e7\u00e3o do sistema [&hellip;]\" \/>\n<meta property=\"og:url\" content=\"https:\/\/iberbrasil.org.br\/blog\/2022\/07\/20\/palestra-iber-fenibat-2022\/\" \/>\n<meta property=\"og:site_name\" content=\"IBER\" \/>\n<meta property=\"article:published_time\" content=\"2022-07-20T14:43:20+00:00\" \/>\n<meta property=\"og:image\" content=\"https:\/\/iberbrasil.org.br\/blog\/wp-content\/uploads\/2022\/07\/Post-Iber-Feed-73.png\" \/>\n\t<meta property=\"og:image:width\" content=\"1080\" \/>\n\t<meta property=\"og:image:height\" content=\"1080\" \/>\n\t<meta property=\"og:image:type\" content=\"image\/png\" \/>\n<meta name=\"author\" content=\"admin\" \/>\n<meta name=\"twitter:card\" content=\"summary_large_image\" \/>\n<meta name=\"twitter:label1\" content=\"Escrito por\" \/>\n\t<meta name=\"twitter:data1\" content=\"admin\" \/>\n\t<meta name=\"twitter:label2\" content=\"Est. tempo de leitura\" \/>\n\t<meta name=\"twitter:data2\" content=\"1 minuto\" \/>\n<script type=\"application\/ld+json\" class=\"yoast-schema-graph\">{\"@context\":\"https:\\\/\\\/schema.org\",\"@graph\":[{\"@type\":\"Article\",\"@id\":\"https:\\\/\\\/iberbrasil.org.br\\\/blog\\\/2022\\\/07\\\/20\\\/palestra-iber-fenibat-2022\\\/#article\",\"isPartOf\":{\"@id\":\"https:\\\/\\\/iberbrasil.org.br\\\/blog\\\/2022\\\/07\\\/20\\\/palestra-iber-fenibat-2022\\\/\"},\"author\":{\"name\":\"admin\",\"@id\":\"\\\/#\\\/schema\\\/person\\\/a2f7e3afbce17246c983c91f86f4d7b8\"},\"headline\":\"Palestra IBER \u2013 Fenibat 2022\",\"datePublished\":\"2022-07-20T14:43:20+00:00\",\"mainEntityOfPage\":{\"@id\":\"https:\\\/\\\/iberbrasil.org.br\\\/blog\\\/2022\\\/07\\\/20\\\/palestra-iber-fenibat-2022\\\/\"},\"wordCount\":122,\"commentCount\":0,\"publisher\":{\"@id\":\"\\\/#organization\"},\"image\":{\"@id\":\"https:\\\/\\\/iberbrasil.org.br\\\/blog\\\/2022\\\/07\\\/20\\\/palestra-iber-fenibat-2022\\\/#primaryimage\"},\"thumbnailUrl\":\"https:\\\/\\\/iberbrasil.org.br\\\/blog\\\/wp-content\\\/uploads\\\/2022\\\/07\\\/Post-Iber-Feed-73.png\",\"articleSection\":[\"Ambiental\",\"Eventos\",\"gest\u00e3o\",\"M\u00eddias\"],\"inLanguage\":\"pt-BR\",\"potentialAction\":[{\"@type\":\"CommentAction\",\"name\":\"Comment\",\"target\":[\"https:\\\/\\\/iberbrasil.org.br\\\/blog\\\/2022\\\/07\\\/20\\\/palestra-iber-fenibat-2022\\\/#respond\"]}]},{\"@type\":\"WebPage\",\"@id\":\"https:\\\/\\\/iberbrasil.org.br\\\/blog\\\/2022\\\/07\\\/20\\\/palestra-iber-fenibat-2022\\\/\",\"url\":\"https:\\\/\\\/iberbrasil.org.br\\\/blog\\\/2022\\\/07\\\/20\\\/palestra-iber-fenibat-2022\\\/\",\"name\":\"Palestra IBER \u2013 Fenibat 2022 &#8226; IBER\",\"isPartOf\":{\"@id\":\"\\\/#website\"},\"primaryImageOfPage\":{\"@id\":\"https:\\\/\\\/iberbrasil.org.br\\\/blog\\\/2022\\\/07\\\/20\\\/palestra-iber-fenibat-2022\\\/#primaryimage\"},\"image\":{\"@id\":\"https:\\\/\\\/iberbrasil.org.br\\\/blog\\\/2022\\\/07\\\/20\\\/palestra-iber-fenibat-2022\\\/#primaryimage\"},\"thumbnailUrl\":\"https:\\\/\\\/iberbrasil.org.br\\\/blog\\\/wp-content\\\/uploads\\\/2022\\\/07\\\/Post-Iber-Feed-73.png\",\"datePublished\":\"2022-07-20T14:43:20+00:00\",\"breadcrumb\":{\"@id\":\"https:\\\/\\\/iberbrasil.org.br\\\/blog\\\/2022\\\/07\\\/20\\\/palestra-iber-fenibat-2022\\\/#breadcrumb\"},\"inLanguage\":\"pt-BR\",\"potentialAction\":[{\"@type\":\"ReadAction\",\"target\":[\"https:\\\/\\\/iberbrasil.org.br\\\/blog\\\/2022\\\/07\\\/20\\\/palestra-iber-fenibat-2022\\\/\"]}]},{\"@type\":\"ImageObject\",\"inLanguage\":\"pt-BR\",\"@id\":\"https:\\\/\\\/iberbrasil.org.br\\\/blog\\\/2022\\\/07\\\/20\\\/palestra-iber-fenibat-2022\\\/#primaryimage\",\"url\":\"https:\\\/\\\/iberbrasil.org.br\\\/blog\\\/wp-content\\\/uploads\\\/2022\\\/07\\\/Post-Iber-Feed-73.png\",\"contentUrl\":\"https:\\\/\\\/iberbrasil.org.br\\\/blog\\\/wp-content\\\/uploads\\\/2022\\\/07\\\/Post-Iber-Feed-73.png\",\"width\":1080,\"height\":1080},{\"@type\":\"BreadcrumbList\",\"@id\":\"https:\\\/\\\/iberbrasil.org.br\\\/blog\\\/2022\\\/07\\\/20\\\/palestra-iber-fenibat-2022\\\/#breadcrumb\",\"itemListElement\":[{\"@type\":\"ListItem\",\"position\":1,\"name\":\"Home\",\"item\":\"https:\\\/\\\/iberbrasil.org.br\\\/blog\\\/\"},{\"@type\":\"ListItem\",\"position\":2,\"name\":\"Palestra IBER \u2013 Fenibat 2022\"}]},{\"@type\":\"WebSite\",\"@id\":\"\\\/#website\",\"url\":\"\\\/\",\"name\":\"IBER\",\"description\":\"Instituto Brasileiro de Energia Recicl\u00e1vel\",\"publisher\":{\"@id\":\"\\\/#organization\"},\"potentialAction\":[{\"@type\":\"SearchAction\",\"target\":{\"@type\":\"EntryPoint\",\"urlTemplate\":\"\\\/?s={search_term_string}\"},\"query-input\":{\"@type\":\"PropertyValueSpecification\",\"valueRequired\":true,\"valueName\":\"search_term_string\"}}],\"inLanguage\":\"pt-BR\"},{\"@type\":\"Organization\",\"@id\":\"\\\/#organization\",\"name\":\"IBER Brasil\",\"url\":\"\\\/\",\"logo\":{\"@type\":\"ImageObject\",\"inLanguage\":\"pt-BR\",\"@id\":\"\\\/#\\\/schema\\\/logo\\\/image\\\/\",\"url\":\"https:\\\/\\\/iberbrasil.org.br\\\/blog\\\/wp-content\\\/uploads\\\/2021\\\/01\\\/logo-iber-2.png\",\"contentUrl\":\"https:\\\/\\\/iberbrasil.org.br\\\/blog\\\/wp-content\\\/uploads\\\/2021\\\/01\\\/logo-iber-2.png\",\"width\":317,\"height\":86,\"caption\":\"IBER Brasil\"},\"image\":{\"@id\":\"\\\/#\\\/schema\\\/logo\\\/image\\\/\"}},{\"@type\":\"Person\",\"@id\":\"\\\/#\\\/schema\\\/person\\\/a2f7e3afbce17246c983c91f86f4d7b8\",\"name\":\"admin\",\"image\":{\"@type\":\"ImageObject\",\"inLanguage\":\"pt-BR\",\"@id\":\"https:\\\/\\\/secure.gravatar.com\\\/avatar\\\/fa001a3b411f2335327a3fcf246a92536d0ac705fdf27b3e43401b6e4ffe5710?s=96&d=blank&r=g\",\"url\":\"https:\\\/\\\/secure.gravatar.com\\\/avatar\\\/fa001a3b411f2335327a3fcf246a92536d0ac705fdf27b3e43401b6e4ffe5710?s=96&d=blank&r=g\",\"contentUrl\":\"https:\\\/\\\/secure.gravatar.com\\\/avatar\\\/fa001a3b411f2335327a3fcf246a92536d0ac705fdf27b3e43401b6e4ffe5710?s=96&d=blank&r=g\",\"caption\":\"admin\"},\"sameAs\":[\"https:\\\/\\\/iberbrasil.org.br\\\/blog\"],\"url\":\"https:\\\/\\\/iberbrasil.org.br\\\/blog\\\/author\\\/admin\\\/\"}]}<\/script>\n<!-- \/ Yoast SEO plugin. -->","yoast_head_json":{"title":"Palestra IBER \u2013 Fenibat 2022 &#8226; IBER","robots":{"index":"index","follow":"follow","max-snippet":"max-snippet:-1","max-image-preview":"max-image-preview:large","max-video-preview":"max-video-preview:-1"},"canonical":"https:\/\/iberbrasil.org.br\/blog\/2022\/07\/20\/palestra-iber-fenibat-2022\/","og_locale":"pt_BR","og_type":"article","og_title":"Palestra IBER \u2013 Fenibat 2022 &#8226; IBER","og_description":"Entre os dias 22 e 24\/05 o IBER esteve presente na 5\u00aa FENIBAT realizada em Londrina, Paran\u00e1. O evento reuniu a ind\u00fastria brasileira e latino-americana de baterias de chumbo e de l\u00edtio e seus fornecedores. Amanda Schneider, diretora executiva do IBER, foi palestrante durante o evento e apresentou informa\u00e7\u00f5es importantes sobre a evolu\u00e7\u00e3o do sistema [&hellip;]","og_url":"https:\/\/iberbrasil.org.br\/blog\/2022\/07\/20\/palestra-iber-fenibat-2022\/","og_site_name":"IBER","article_published_time":"2022-07-20T14:43:20+00:00","og_image":[{"width":1080,"height":1080,"url":"https:\/\/iberbrasil.org.br\/blog\/wp-content\/uploads\/2022\/07\/Post-Iber-Feed-73.png","type":"image\/png"}],"author":"admin","twitter_card":"summary_large_image","twitter_misc":{"Escrito por":"admin","Est. tempo de leitura":"1 minuto"},"schema":{"@context":"https:\/\/schema.org","@graph":[{"@type":"Article","@id":"https:\/\/iberbrasil.org.br\/blog\/2022\/07\/20\/palestra-iber-fenibat-2022\/#article","isPartOf":{"@id":"https:\/\/iberbrasil.org.br\/blog\/2022\/07\/20\/palestra-iber-fenibat-2022\/"},"author":{"name":"admin","@id":"\/#\/schema\/person\/a2f7e3afbce17246c983c91f86f4d7b8"},"headline":"Palestra IBER \u2013 Fenibat 2022","datePublished":"2022-07-20T14:43:20+00:00","mainEntityOfPage":{"@id":"https:\/\/iberbrasil.org.br\/blog\/2022\/07\/20\/palestra-iber-fenibat-2022\/"},"wordCount":122,"commentCount":0,"publisher":{"@id":"\/#organization"},"image":{"@id":"https:\/\/iberbrasil.org.br\/blog\/2022\/07\/20\/palestra-iber-fenibat-2022\/#primaryimage"},"thumbnailUrl":"https:\/\/iberbrasil.org.br\/blog\/wp-content\/uploads\/2022\/07\/Post-Iber-Feed-73.png","articleSection":["Ambiental","Eventos","gest\u00e3o","M\u00eddias"],"inLanguage":"pt-BR","potentialAction":[{"@type":"CommentAction","name":"Comment","target":["https:\/\/iberbrasil.org.br\/blog\/2022\/07\/20\/palestra-iber-fenibat-2022\/#respond"]}]},{"@type":"WebPage","@id":"https:\/\/iberbrasil.org.br\/blog\/2022\/07\/20\/palestra-iber-fenibat-2022\/","url":"https:\/\/iberbrasil.org.br\/blog\/2022\/07\/20\/palestra-iber-fenibat-2022\/","name":"Palestra IBER \u2013 Fenibat 2022 &#8226; IBER","isPartOf":{"@id":"\/#website"},"primaryImageOfPage":{"@id":"https:\/\/iberbrasil.org.br\/blog\/2022\/07\/20\/palestra-iber-fenibat-2022\/#primaryimage"},"image":{"@id":"https:\/\/iberbrasil.org.br\/blog\/2022\/07\/20\/palestra-iber-fenibat-2022\/#primaryimage"},"thumbnailUrl":"https:\/\/iberbrasil.org.br\/blog\/wp-content\/uploads\/2022\/07\/Post-Iber-Feed-73.png","datePublished":"2022-07-20T14:43:20+00:00","breadcrumb":{"@id":"https:\/\/iberbrasil.org.br\/blog\/2022\/07\/20\/palestra-iber-fenibat-2022\/#breadcrumb"},"inLanguage":"pt-BR","potentialAction":[{"@type":"ReadAction","target":["https:\/\/iberbrasil.org.br\/blog\/2022\/07\/20\/palestra-iber-fenibat-2022\/"]}]},{"@type":"ImageObject","inLanguage":"pt-BR","@id":"https:\/\/iberbrasil.org.br\/blog\/2022\/07\/20\/palestra-iber-fenibat-2022\/#primaryimage","url":"https:\/\/iberbrasil.org.br\/blog\/wp-content\/uploads\/2022\/07\/Post-Iber-Feed-73.png","contentUrl":"https:\/\/iberbrasil.org.br\/blog\/wp-content\/uploads\/2022\/07\/Post-Iber-Feed-73.png","width":1080,"height":1080},{"@type":"BreadcrumbList","@id":"https:\/\/iberbrasil.org.br\/blog\/2022\/07\/20\/palestra-iber-fenibat-2022\/#breadcrumb","itemListElement":[{"@type":"ListItem","position":1,"name":"Home","item":"https:\/\/iberbrasil.org.br\/blog\/"},{"@type":"ListItem","position":2,"name":"Palestra IBER \u2013 Fenibat 2022"}]},{"@type":"WebSite","@id":"\/#website","url":"\/","name":"IBER","description":"Instituto Brasileiro de Energia Recicl\u00e1vel","publisher":{"@id":"\/#organization"},"potentialAction":[{"@type":"SearchAction","target":{"@type":"EntryPoint","urlTemplate":"\/?s={search_term_string}"},"query-input":{"@type":"PropertyValueSpecification","valueRequired":true,"valueName":"search_term_string"}}],"inLanguage":"pt-BR"},{"@type":"Organization","@id":"\/#organization","name":"IBER Brasil","url":"\/","logo":{"@type":"ImageObject","inLanguage":"pt-BR","@id":"\/#\/schema\/logo\/image\/","url":"https:\/\/iberbrasil.org.br\/blog\/wp-content\/uploads\/2021\/01\/logo-iber-2.png","contentUrl":"https:\/\/iberbrasil.org.br\/blog\/wp-content\/uploads\/2021\/01\/logo-iber-2.png","width":317,"height":86,"caption":"IBER Brasil"},"image":{"@id":"\/#\/schema\/logo\/image\/"}},{"@type":"Person","@id":"\/#\/schema\/person\/a2f7e3afbce17246c983c91f86f4d7b8","name":"admin","image":{"@type":"ImageObject","inLanguage":"pt-BR","@id":"https:\/\/secure.gravatar.com\/avatar\/fa001a3b411f2335327a3fcf246a92536d0ac705fdf27b3e43401b6e4ffe5710?s=96&d=blank&r=g","url":"https:\/\/secure.gravatar.com\/avatar\/fa001a3b411f2335327a3fcf246a92536d0ac705fdf27b3e43401b6e4ffe5710?s=96&d=blank&r=g","contentUrl":"https:\/\/secure.gravatar.com\/avatar\/fa001a3b411f2335327a3fcf246a92536d0ac705fdf27b3e43401b6e4ffe5710?s=96&d=blank&r=g","caption":"admin"},"sameAs":["https:\/\/iberbrasil.org.br\/blog"],"url":"https:\/\/iberbrasil.org.br\/blog\/author\/admin\/"}]}},"_links":{"self":[{"href":"https:\/\/iberbrasil.org.br\/blog\/wp-json\/wp\/v2\/posts\/11675","targetHints":{"allow":["GET"]}}],"collection":[{"href":"https:\/\/iberbrasil.org.br\/blog\/wp-json\/wp\/v2\/posts"}],"about":[{"href":"https:\/\/iberbrasil.org.br\/blog\/wp-json\/wp\/v2\/types\/post"}],"author":[{"embeddable":true,"href":"https:\/\/iberbrasil.org.br\/blog\/wp-json\/wp\/v2\/users\/1"}],"replies":[{"embeddable":true,"href":"https:\/\/iberbrasil.org.br\/blog\/wp-json\/wp\/v2\/comments?post=11675"}],"version-history":[{"count":1,"href":"https:\/\/iberbrasil.org.br\/blog\/wp-json\/wp\/v2\/posts\/11675\/revisions"}],"predecessor-version":[{"id":11677,"href":"https:\/\/iberbrasil.org.br\/blog\/wp-json\/wp\/v2\/posts\/11675\/revisions\/11677"}],"wp:featuredmedia":[{"embeddable":true,"href":"https:\/\/iberbrasil.org.br\/blog\/wp-json\/wp\/v2\/media\/11676"}],"wp:attachment":[{"href":"https:\/\/iberbrasil.org.br\/blog\/wp-json\/wp\/v2\/media?parent=11675"}],"wp:term":[{"taxonomy":"category","embeddable":true,"href":"https:\/\/iberbrasil.org.br\/blog\/wp-json\/wp\/v2\/categories?post=11675"},{"taxonomy":"post_tag","embeddable":true,"href":"https:\/\/iberbrasil.org.br\/blog\/wp-json\/wp\/v2\/tags?post=11675"}],"curies":[{"name":"wp","href":"https:\/\/api.w.org\/{rel}","templated":true}]}}