{"id":11650,"date":"2022-07-02T13:11:06","date_gmt":"2022-07-02T16:11:06","guid":{"rendered":"https:\/\/iberbrasil.org.br\/blog\/?p=11650"},"modified":"2022-07-02T13:11:06","modified_gmt":"2022-07-02T16:11:06","slug":"iber-inicia-projeto-de-implementacao-da-logistica-reversa-do-setor-conforme-a-pnrs-nos-municipios-do-parana","status":"publish","type":"post","link":"https:\/\/iberbrasil.org.br\/blog\/2022\/07\/02\/iber-inicia-projeto-de-implementacao-da-logistica-reversa-do-setor-conforme-a-pnrs-nos-municipios-do-parana\/","title":{"rendered":"IBER inicia projeto de implementa\u00e7\u00e3o da log\u00edstica reversa do setor conforme a PNRS nos munic\u00edpios do Paran\u00e1"},"content":{"rendered":"<p>Marcos Chaves, secret\u00e1rio executivo do grupo R20, \u00f3rg\u00e3o consultivo formado por representantes dos 399 munic\u00edpios paranaenses para a implementa\u00e7\u00e3o das legisla\u00e7\u00f5es referentes aos res\u00edduos s\u00f3lidos, participa deste projeto fornecendo orienta\u00e7\u00f5es e experi\u00eancia para o alcance dos objetivos. Al\u00e9m disso, coordena um piloto com o munic\u00edpio de Marechal C\u00e2ndido Rondon onde \u00e9 respons\u00e1vel pelo setor de res\u00edduos da cidade.<\/p>\n<p>Uma vez que o piloto seja conclu\u00eddo, os resultados e propostas ser\u00e3o apresentadas a todo o Grupo R20. Com este planejamento, a atua\u00e7\u00e3o do IBER ganhar\u00e1 escala nos munic\u00edpios paranaenses e na evolu\u00e7\u00e3o do processo de atendimento das obriga\u00e7\u00f5es junto ao com\u00e9rcio.<\/p>\n<p>Conforme o termo de compromisso assinado em dezembro de 2021, com\u00e9rcios atacadistas e varejistas t\u00eam a obriga\u00e7\u00e3o de executar suas obriga\u00e7\u00f5es de acordo com os requisitos definidos nos instrumentos legais.<\/p>\n<p>Para auxiliar os munic\u00edpios e empresas sediadas localmente, o IBER fornece um modelo de gest\u00e3o ambiental, que garante a comprova\u00e7\u00e3o da log\u00edstica reversa de maneira integral.<\/p>\n<p>Com poucos cliques, os gestores ambientais poder\u00e3o ter acesso \u00e0s informa\u00e7\u00f5es dos seus munic\u00edpios e com isso poder\u00e3o formular pol\u00edticas p\u00fablicas e procedimentos que colaborem para a preserva\u00e7\u00e3o do meio ambiente e cumprimento da legisla\u00e7\u00e3o.<\/p>\n<p>Para varejistas a associa\u00e7\u00e3o \u00e9 <strong>gratuita<\/strong>. Para distribuidores \u00e9 cobrada uma pequena taxa que inclui diversos servi\u00e7os como a certifica\u00e7\u00e3o para atendimento legal, acesso \u00e0 ferramenta de acompanhamento, treinamentos e assessoria sobre o processo de log\u00edstica reversa.<\/p>\n","protected":false},"excerpt":{"rendered":"<p>Marcos Chaves, secret\u00e1rio executivo do grupo R20, \u00f3rg\u00e3o consultivo formado por representantes dos 399 munic\u00edpios paranaenses para a implementa\u00e7\u00e3o das legisla\u00e7\u00f5es referentes aos res\u00edduos s\u00f3lidos, participa deste projeto fornecendo orienta\u00e7\u00f5es e experi\u00eancia para o alcance dos objetivos. Al\u00e9m disso, coordena um piloto com o munic\u00edpio de Marechal C\u00e2ndido Rondon onde \u00e9 respons\u00e1vel pelo setor de [&hellip;]<\/p>\n","protected":false},"author":1,"featured_media":11651,"comment_status":"open","ping_status":"open","sticky":false,"template":"","format":"standard","meta":{"footnotes":""},"categories":[30,55,81,77],"tags":[],"class_list":["post-11650","post","type-post","status-publish","format-standard","has-post-thumbnail","hentry","category-ambiental","category-eventos","category-gestao","category-logistica-reversa"],"yoast_head":"<!-- This site is optimized with the Yoast SEO plugin v27.3 - https:\/\/yoast.com\/product\/yoast-seo-wordpress\/ -->\n<title>IBER inicia projeto de implementa\u00e7\u00e3o da log\u00edstica reversa do setor conforme a PNRS nos munic\u00edpios do Paran\u00e1 &#8226; IBER<\/title>\n<meta name=\"robots\" content=\"index, follow, max-snippet:-1, max-image-preview:large, max-video-preview:-1\" \/>\n<link rel=\"canonical\" href=\"https:\/\/iberbrasil.org.br\/blog\/2022\/07\/02\/iber-inicia-projeto-de-implementacao-da-logistica-reversa-do-setor-conforme-a-pnrs-nos-municipios-do-parana\/\" \/>\n<meta property=\"og:locale\" content=\"pt_BR\" \/>\n<meta property=\"og:type\" content=\"article\" \/>\n<meta property=\"og:title\" content=\"IBER inicia projeto de implementa\u00e7\u00e3o da log\u00edstica reversa do setor conforme a PNRS nos munic\u00edpios do Paran\u00e1 &#8226; IBER\" \/>\n<meta property=\"og:description\" content=\"Marcos Chaves, secret\u00e1rio executivo do grupo R20, \u00f3rg\u00e3o consultivo formado por representantes dos 399 munic\u00edpios paranaenses para a implementa\u00e7\u00e3o das legisla\u00e7\u00f5es referentes aos res\u00edduos s\u00f3lidos, participa deste projeto fornecendo orienta\u00e7\u00f5es e experi\u00eancia para o alcance dos objetivos. Al\u00e9m disso, coordena um piloto com o munic\u00edpio de Marechal C\u00e2ndido Rondon onde \u00e9 respons\u00e1vel pelo setor de [&hellip;]\" \/>\n<meta property=\"og:url\" content=\"https:\/\/iberbrasil.org.br\/blog\/2022\/07\/02\/iber-inicia-projeto-de-implementacao-da-logistica-reversa-do-setor-conforme-a-pnrs-nos-municipios-do-parana\/\" \/>\n<meta property=\"og:site_name\" content=\"IBER\" \/>\n<meta property=\"article:published_time\" content=\"2022-07-02T16:11:06+00:00\" \/>\n<meta property=\"og:image\" content=\"https:\/\/iberbrasil.org.br\/blog\/wp-content\/uploads\/2022\/07\/Post-Iber-Feed-58.png\" \/>\n\t<meta property=\"og:image:width\" content=\"1080\" \/>\n\t<meta property=\"og:image:height\" content=\"1080\" \/>\n\t<meta property=\"og:image:type\" content=\"image\/png\" \/>\n<meta name=\"author\" content=\"admin\" \/>\n<meta name=\"twitter:card\" content=\"summary_large_image\" \/>\n<meta name=\"twitter:label1\" content=\"Escrito por\" \/>\n\t<meta name=\"twitter:data1\" content=\"admin\" \/>\n\t<meta name=\"twitter:label2\" content=\"Est. tempo de leitura\" \/>\n\t<meta name=\"twitter:data2\" content=\"1 minuto\" \/>\n<script type=\"application\/ld+json\" class=\"yoast-schema-graph\">{\"@context\":\"https:\\\/\\\/schema.org\",\"@graph\":[{\"@type\":\"Article\",\"@id\":\"https:\\\/\\\/iberbrasil.org.br\\\/blog\\\/2022\\\/07\\\/02\\\/iber-inicia-projeto-de-implementacao-da-logistica-reversa-do-setor-conforme-a-pnrs-nos-municipios-do-parana\\\/#article\",\"isPartOf\":{\"@id\":\"https:\\\/\\\/iberbrasil.org.br\\\/blog\\\/2022\\\/07\\\/02\\\/iber-inicia-projeto-de-implementacao-da-logistica-reversa-do-setor-conforme-a-pnrs-nos-municipios-do-parana\\\/\"},\"author\":{\"name\":\"admin\",\"@id\":\"\\\/#\\\/schema\\\/person\\\/a2f7e3afbce17246c983c91f86f4d7b8\"},\"headline\":\"IBER inicia projeto de implementa\u00e7\u00e3o da log\u00edstica reversa do setor conforme a PNRS nos munic\u00edpios do Paran\u00e1\",\"datePublished\":\"2022-07-02T16:11:06+00:00\",\"mainEntityOfPage\":{\"@id\":\"https:\\\/\\\/iberbrasil.org.br\\\/blog\\\/2022\\\/07\\\/02\\\/iber-inicia-projeto-de-implementacao-da-logistica-reversa-do-setor-conforme-a-pnrs-nos-municipios-do-parana\\\/\"},\"wordCount\":283,\"commentCount\":0,\"publisher\":{\"@id\":\"\\\/#organization\"},\"image\":{\"@id\":\"https:\\\/\\\/iberbrasil.org.br\\\/blog\\\/2022\\\/07\\\/02\\\/iber-inicia-projeto-de-implementacao-da-logistica-reversa-do-setor-conforme-a-pnrs-nos-municipios-do-parana\\\/#primaryimage\"},\"thumbnailUrl\":\"https:\\\/\\\/iberbrasil.org.br\\\/blog\\\/wp-content\\\/uploads\\\/2022\\\/07\\\/Post-Iber-Feed-58.png\",\"articleSection\":[\"Ambiental\",\"Eventos\",\"gest\u00e3o\",\"Log\u00edstica Reversa\"],\"inLanguage\":\"pt-BR\",\"potentialAction\":[{\"@type\":\"CommentAction\",\"name\":\"Comment\",\"target\":[\"https:\\\/\\\/iberbrasil.org.br\\\/blog\\\/2022\\\/07\\\/02\\\/iber-inicia-projeto-de-implementacao-da-logistica-reversa-do-setor-conforme-a-pnrs-nos-municipios-do-parana\\\/#respond\"]}]},{\"@type\":\"WebPage\",\"@id\":\"https:\\\/\\\/iberbrasil.org.br\\\/blog\\\/2022\\\/07\\\/02\\\/iber-inicia-projeto-de-implementacao-da-logistica-reversa-do-setor-conforme-a-pnrs-nos-municipios-do-parana\\\/\",\"url\":\"https:\\\/\\\/iberbrasil.org.br\\\/blog\\\/2022\\\/07\\\/02\\\/iber-inicia-projeto-de-implementacao-da-logistica-reversa-do-setor-conforme-a-pnrs-nos-municipios-do-parana\\\/\",\"name\":\"IBER inicia projeto de implementa\u00e7\u00e3o da log\u00edstica reversa do setor conforme a PNRS nos munic\u00edpios do Paran\u00e1 &#8226; IBER\",\"isPartOf\":{\"@id\":\"\\\/#website\"},\"primaryImageOfPage\":{\"@id\":\"https:\\\/\\\/iberbrasil.org.br\\\/blog\\\/2022\\\/07\\\/02\\\/iber-inicia-projeto-de-implementacao-da-logistica-reversa-do-setor-conforme-a-pnrs-nos-municipios-do-parana\\\/#primaryimage\"},\"image\":{\"@id\":\"https:\\\/\\\/iberbrasil.org.br\\\/blog\\\/2022\\\/07\\\/02\\\/iber-inicia-projeto-de-implementacao-da-logistica-reversa-do-setor-conforme-a-pnrs-nos-municipios-do-parana\\\/#primaryimage\"},\"thumbnailUrl\":\"https:\\\/\\\/iberbrasil.org.br\\\/blog\\\/wp-content\\\/uploads\\\/2022\\\/07\\\/Post-Iber-Feed-58.png\",\"datePublished\":\"2022-07-02T16:11:06+00:00\",\"breadcrumb\":{\"@id\":\"https:\\\/\\\/iberbrasil.org.br\\\/blog\\\/2022\\\/07\\\/02\\\/iber-inicia-projeto-de-implementacao-da-logistica-reversa-do-setor-conforme-a-pnrs-nos-municipios-do-parana\\\/#breadcrumb\"},\"inLanguage\":\"pt-BR\",\"potentialAction\":[{\"@type\":\"ReadAction\",\"target\":[\"https:\\\/\\\/iberbrasil.org.br\\\/blog\\\/2022\\\/07\\\/02\\\/iber-inicia-projeto-de-implementacao-da-logistica-reversa-do-setor-conforme-a-pnrs-nos-municipios-do-parana\\\/\"]}]},{\"@type\":\"ImageObject\",\"inLanguage\":\"pt-BR\",\"@id\":\"https:\\\/\\\/iberbrasil.org.br\\\/blog\\\/2022\\\/07\\\/02\\\/iber-inicia-projeto-de-implementacao-da-logistica-reversa-do-setor-conforme-a-pnrs-nos-municipios-do-parana\\\/#primaryimage\",\"url\":\"https:\\\/\\\/iberbrasil.org.br\\\/blog\\\/wp-content\\\/uploads\\\/2022\\\/07\\\/Post-Iber-Feed-58.png\",\"contentUrl\":\"https:\\\/\\\/iberbrasil.org.br\\\/blog\\\/wp-content\\\/uploads\\\/2022\\\/07\\\/Post-Iber-Feed-58.png\",\"width\":1080,\"height\":1080},{\"@type\":\"BreadcrumbList\",\"@id\":\"https:\\\/\\\/iberbrasil.org.br\\\/blog\\\/2022\\\/07\\\/02\\\/iber-inicia-projeto-de-implementacao-da-logistica-reversa-do-setor-conforme-a-pnrs-nos-municipios-do-parana\\\/#breadcrumb\",\"itemListElement\":[{\"@type\":\"ListItem\",\"position\":1,\"name\":\"Home\",\"item\":\"https:\\\/\\\/iberbrasil.org.br\\\/blog\\\/\"},{\"@type\":\"ListItem\",\"position\":2,\"name\":\"IBER inicia projeto de implementa\u00e7\u00e3o da log\u00edstica reversa do setor conforme a PNRS nos munic\u00edpios do Paran\u00e1\"}]},{\"@type\":\"WebSite\",\"@id\":\"\\\/#website\",\"url\":\"\\\/\",\"name\":\"IBER\",\"description\":\"Instituto Brasileiro de Energia Recicl\u00e1vel\",\"publisher\":{\"@id\":\"\\\/#organization\"},\"potentialAction\":[{\"@type\":\"SearchAction\",\"target\":{\"@type\":\"EntryPoint\",\"urlTemplate\":\"\\\/?s={search_term_string}\"},\"query-input\":{\"@type\":\"PropertyValueSpecification\",\"valueRequired\":true,\"valueName\":\"search_term_string\"}}],\"inLanguage\":\"pt-BR\"},{\"@type\":\"Organization\",\"@id\":\"\\\/#organization\",\"name\":\"IBER Brasil\",\"url\":\"\\\/\",\"logo\":{\"@type\":\"ImageObject\",\"inLanguage\":\"pt-BR\",\"@id\":\"\\\/#\\\/schema\\\/logo\\\/image\\\/\",\"url\":\"https:\\\/\\\/iberbrasil.org.br\\\/blog\\\/wp-content\\\/uploads\\\/2021\\\/01\\\/logo-iber-2.png\",\"contentUrl\":\"https:\\\/\\\/iberbrasil.org.br\\\/blog\\\/wp-content\\\/uploads\\\/2021\\\/01\\\/logo-iber-2.png\",\"width\":317,\"height\":86,\"caption\":\"IBER Brasil\"},\"image\":{\"@id\":\"\\\/#\\\/schema\\\/logo\\\/image\\\/\"}},{\"@type\":\"Person\",\"@id\":\"\\\/#\\\/schema\\\/person\\\/a2f7e3afbce17246c983c91f86f4d7b8\",\"name\":\"admin\",\"image\":{\"@type\":\"ImageObject\",\"inLanguage\":\"pt-BR\",\"@id\":\"https:\\\/\\\/secure.gravatar.com\\\/avatar\\\/fa001a3b411f2335327a3fcf246a92536d0ac705fdf27b3e43401b6e4ffe5710?s=96&d=blank&r=g\",\"url\":\"https:\\\/\\\/secure.gravatar.com\\\/avatar\\\/fa001a3b411f2335327a3fcf246a92536d0ac705fdf27b3e43401b6e4ffe5710?s=96&d=blank&r=g\",\"contentUrl\":\"https:\\\/\\\/secure.gravatar.com\\\/avatar\\\/fa001a3b411f2335327a3fcf246a92536d0ac705fdf27b3e43401b6e4ffe5710?s=96&d=blank&r=g\",\"caption\":\"admin\"},\"sameAs\":[\"https:\\\/\\\/iberbrasil.org.br\\\/blog\"],\"url\":\"https:\\\/\\\/iberbrasil.org.br\\\/blog\\\/author\\\/admin\\\/\"}]}<\/script>\n<!-- \/ Yoast SEO plugin. -->","yoast_head_json":{"title":"IBER inicia projeto de implementa\u00e7\u00e3o da log\u00edstica reversa do setor conforme a PNRS nos munic\u00edpios do Paran\u00e1 &#8226; IBER","robots":{"index":"index","follow":"follow","max-snippet":"max-snippet:-1","max-image-preview":"max-image-preview:large","max-video-preview":"max-video-preview:-1"},"canonical":"https:\/\/iberbrasil.org.br\/blog\/2022\/07\/02\/iber-inicia-projeto-de-implementacao-da-logistica-reversa-do-setor-conforme-a-pnrs-nos-municipios-do-parana\/","og_locale":"pt_BR","og_type":"article","og_title":"IBER inicia projeto de implementa\u00e7\u00e3o da log\u00edstica reversa do setor conforme a PNRS nos munic\u00edpios do Paran\u00e1 &#8226; IBER","og_description":"Marcos Chaves, secret\u00e1rio executivo do grupo R20, \u00f3rg\u00e3o consultivo formado por representantes dos 399 munic\u00edpios paranaenses para a implementa\u00e7\u00e3o das legisla\u00e7\u00f5es referentes aos res\u00edduos s\u00f3lidos, participa deste projeto fornecendo orienta\u00e7\u00f5es e experi\u00eancia para o alcance dos objetivos. Al\u00e9m disso, coordena um piloto com o munic\u00edpio de Marechal C\u00e2ndido Rondon onde \u00e9 respons\u00e1vel pelo setor de [&hellip;]","og_url":"https:\/\/iberbrasil.org.br\/blog\/2022\/07\/02\/iber-inicia-projeto-de-implementacao-da-logistica-reversa-do-setor-conforme-a-pnrs-nos-municipios-do-parana\/","og_site_name":"IBER","article_published_time":"2022-07-02T16:11:06+00:00","og_image":[{"width":1080,"height":1080,"url":"https:\/\/iberbrasil.org.br\/blog\/wp-content\/uploads\/2022\/07\/Post-Iber-Feed-58.png","type":"image\/png"}],"author":"admin","twitter_card":"summary_large_image","twitter_misc":{"Escrito por":"admin","Est. tempo de leitura":"1 minuto"},"schema":{"@context":"https:\/\/schema.org","@graph":[{"@type":"Article","@id":"https:\/\/iberbrasil.org.br\/blog\/2022\/07\/02\/iber-inicia-projeto-de-implementacao-da-logistica-reversa-do-setor-conforme-a-pnrs-nos-municipios-do-parana\/#article","isPartOf":{"@id":"https:\/\/iberbrasil.org.br\/blog\/2022\/07\/02\/iber-inicia-projeto-de-implementacao-da-logistica-reversa-do-setor-conforme-a-pnrs-nos-municipios-do-parana\/"},"author":{"name":"admin","@id":"\/#\/schema\/person\/a2f7e3afbce17246c983c91f86f4d7b8"},"headline":"IBER inicia projeto de implementa\u00e7\u00e3o da log\u00edstica reversa do setor conforme a PNRS nos munic\u00edpios do Paran\u00e1","datePublished":"2022-07-02T16:11:06+00:00","mainEntityOfPage":{"@id":"https:\/\/iberbrasil.org.br\/blog\/2022\/07\/02\/iber-inicia-projeto-de-implementacao-da-logistica-reversa-do-setor-conforme-a-pnrs-nos-municipios-do-parana\/"},"wordCount":283,"commentCount":0,"publisher":{"@id":"\/#organization"},"image":{"@id":"https:\/\/iberbrasil.org.br\/blog\/2022\/07\/02\/iber-inicia-projeto-de-implementacao-da-logistica-reversa-do-setor-conforme-a-pnrs-nos-municipios-do-parana\/#primaryimage"},"thumbnailUrl":"https:\/\/iberbrasil.org.br\/blog\/wp-content\/uploads\/2022\/07\/Post-Iber-Feed-58.png","articleSection":["Ambiental","Eventos","gest\u00e3o","Log\u00edstica Reversa"],"inLanguage":"pt-BR","potentialAction":[{"@type":"CommentAction","name":"Comment","target":["https:\/\/iberbrasil.org.br\/blog\/2022\/07\/02\/iber-inicia-projeto-de-implementacao-da-logistica-reversa-do-setor-conforme-a-pnrs-nos-municipios-do-parana\/#respond"]}]},{"@type":"WebPage","@id":"https:\/\/iberbrasil.org.br\/blog\/2022\/07\/02\/iber-inicia-projeto-de-implementacao-da-logistica-reversa-do-setor-conforme-a-pnrs-nos-municipios-do-parana\/","url":"https:\/\/iberbrasil.org.br\/blog\/2022\/07\/02\/iber-inicia-projeto-de-implementacao-da-logistica-reversa-do-setor-conforme-a-pnrs-nos-municipios-do-parana\/","name":"IBER inicia projeto de implementa\u00e7\u00e3o da log\u00edstica reversa do setor conforme a PNRS nos munic\u00edpios do Paran\u00e1 &#8226; IBER","isPartOf":{"@id":"\/#website"},"primaryImageOfPage":{"@id":"https:\/\/iberbrasil.org.br\/blog\/2022\/07\/02\/iber-inicia-projeto-de-implementacao-da-logistica-reversa-do-setor-conforme-a-pnrs-nos-municipios-do-parana\/#primaryimage"},"image":{"@id":"https:\/\/iberbrasil.org.br\/blog\/2022\/07\/02\/iber-inicia-projeto-de-implementacao-da-logistica-reversa-do-setor-conforme-a-pnrs-nos-municipios-do-parana\/#primaryimage"},"thumbnailUrl":"https:\/\/iberbrasil.org.br\/blog\/wp-content\/uploads\/2022\/07\/Post-Iber-Feed-58.png","datePublished":"2022-07-02T16:11:06+00:00","breadcrumb":{"@id":"https:\/\/iberbrasil.org.br\/blog\/2022\/07\/02\/iber-inicia-projeto-de-implementacao-da-logistica-reversa-do-setor-conforme-a-pnrs-nos-municipios-do-parana\/#breadcrumb"},"inLanguage":"pt-BR","potentialAction":[{"@type":"ReadAction","target":["https:\/\/iberbrasil.org.br\/blog\/2022\/07\/02\/iber-inicia-projeto-de-implementacao-da-logistica-reversa-do-setor-conforme-a-pnrs-nos-municipios-do-parana\/"]}]},{"@type":"ImageObject","inLanguage":"pt-BR","@id":"https:\/\/iberbrasil.org.br\/blog\/2022\/07\/02\/iber-inicia-projeto-de-implementacao-da-logistica-reversa-do-setor-conforme-a-pnrs-nos-municipios-do-parana\/#primaryimage","url":"https:\/\/iberbrasil.org.br\/blog\/wp-content\/uploads\/2022\/07\/Post-Iber-Feed-58.png","contentUrl":"https:\/\/iberbrasil.org.br\/blog\/wp-content\/uploads\/2022\/07\/Post-Iber-Feed-58.png","width":1080,"height":1080},{"@type":"BreadcrumbList","@id":"https:\/\/iberbrasil.org.br\/blog\/2022\/07\/02\/iber-inicia-projeto-de-implementacao-da-logistica-reversa-do-setor-conforme-a-pnrs-nos-municipios-do-parana\/#breadcrumb","itemListElement":[{"@type":"ListItem","position":1,"name":"Home","item":"https:\/\/iberbrasil.org.br\/blog\/"},{"@type":"ListItem","position":2,"name":"IBER inicia projeto de implementa\u00e7\u00e3o da log\u00edstica reversa do setor conforme a PNRS nos munic\u00edpios do Paran\u00e1"}]},{"@type":"WebSite","@id":"\/#website","url":"\/","name":"IBER","description":"Instituto Brasileiro de Energia Recicl\u00e1vel","publisher":{"@id":"\/#organization"},"potentialAction":[{"@type":"SearchAction","target":{"@type":"EntryPoint","urlTemplate":"\/?s={search_term_string}"},"query-input":{"@type":"PropertyValueSpecification","valueRequired":true,"valueName":"search_term_string"}}],"inLanguage":"pt-BR"},{"@type":"Organization","@id":"\/#organization","name":"IBER Brasil","url":"\/","logo":{"@type":"ImageObject","inLanguage":"pt-BR","@id":"\/#\/schema\/logo\/image\/","url":"https:\/\/iberbrasil.org.br\/blog\/wp-content\/uploads\/2021\/01\/logo-iber-2.png","contentUrl":"https:\/\/iberbrasil.org.br\/blog\/wp-content\/uploads\/2021\/01\/logo-iber-2.png","width":317,"height":86,"caption":"IBER Brasil"},"image":{"@id":"\/#\/schema\/logo\/image\/"}},{"@type":"Person","@id":"\/#\/schema\/person\/a2f7e3afbce17246c983c91f86f4d7b8","name":"admin","image":{"@type":"ImageObject","inLanguage":"pt-BR","@id":"https:\/\/secure.gravatar.com\/avatar\/fa001a3b411f2335327a3fcf246a92536d0ac705fdf27b3e43401b6e4ffe5710?s=96&d=blank&r=g","url":"https:\/\/secure.gravatar.com\/avatar\/fa001a3b411f2335327a3fcf246a92536d0ac705fdf27b3e43401b6e4ffe5710?s=96&d=blank&r=g","contentUrl":"https:\/\/secure.gravatar.com\/avatar\/fa001a3b411f2335327a3fcf246a92536d0ac705fdf27b3e43401b6e4ffe5710?s=96&d=blank&r=g","caption":"admin"},"sameAs":["https:\/\/iberbrasil.org.br\/blog"],"url":"https:\/\/iberbrasil.org.br\/blog\/author\/admin\/"}]}},"_links":{"self":[{"href":"https:\/\/iberbrasil.org.br\/blog\/wp-json\/wp\/v2\/posts\/11650","targetHints":{"allow":["GET"]}}],"collection":[{"href":"https:\/\/iberbrasil.org.br\/blog\/wp-json\/wp\/v2\/posts"}],"about":[{"href":"https:\/\/iberbrasil.org.br\/blog\/wp-json\/wp\/v2\/types\/post"}],"author":[{"embeddable":true,"href":"https:\/\/iberbrasil.org.br\/blog\/wp-json\/wp\/v2\/users\/1"}],"replies":[{"embeddable":true,"href":"https:\/\/iberbrasil.org.br\/blog\/wp-json\/wp\/v2\/comments?post=11650"}],"version-history":[{"count":1,"href":"https:\/\/iberbrasil.org.br\/blog\/wp-json\/wp\/v2\/posts\/11650\/revisions"}],"predecessor-version":[{"id":11652,"href":"https:\/\/iberbrasil.org.br\/blog\/wp-json\/wp\/v2\/posts\/11650\/revisions\/11652"}],"wp:featuredmedia":[{"embeddable":true,"href":"https:\/\/iberbrasil.org.br\/blog\/wp-json\/wp\/v2\/media\/11651"}],"wp:attachment":[{"href":"https:\/\/iberbrasil.org.br\/blog\/wp-json\/wp\/v2\/media?parent=11650"}],"wp:term":[{"taxonomy":"category","embeddable":true,"href":"https:\/\/iberbrasil.org.br\/blog\/wp-json\/wp\/v2\/categories?post=11650"},{"taxonomy":"post_tag","embeddable":true,"href":"https:\/\/iberbrasil.org.br\/blog\/wp-json\/wp\/v2\/tags?post=11650"}],"curies":[{"name":"wp","href":"https:\/\/api.w.org\/{rel}","templated":true}]}}