{"id":11557,"date":"2022-04-14T09:54:54","date_gmt":"2022-04-14T12:54:54","guid":{"rendered":"https:\/\/iberbrasil.org.br\/blog\/?p=11557"},"modified":"2022-04-14T09:54:54","modified_gmt":"2022-04-14T12:54:54","slug":"mma-lanca-sinir-com-informacoes-detalhadas-sobre-a-gestao-dos-residuos-solidos-em-todo-o-pais","status":"publish","type":"post","link":"https:\/\/iberbrasil.org.br\/blog\/2022\/04\/14\/mma-lanca-sinir-com-informacoes-detalhadas-sobre-a-gestao-dos-residuos-solidos-em-todo-o-pais\/","title":{"rendered":"MMA lan\u00e7a SINIR+, com informa\u00e7\u00f5es detalhadas sobre a gest\u00e3o dos res\u00edduos s\u00f3lidos em todo o Pa\u00eds"},"content":{"rendered":"<p>Uma nova vers\u00e3o do Sistema Nacional de Informa\u00e7\u00f5es sobre a Gest\u00e3o dos Res\u00edduos S\u00f3lidos, o SINIR+, foi lan\u00e7ada nesta quarta-feira (13), pelo Minist\u00e9rio do Meio Ambiente. A ferramenta \u00e9 mais moderna e traz mapas 3D, informa\u00e7\u00f5es interativas e pain\u00e9is que detalham a gest\u00e3o dos res\u00edduos s\u00f3lidos em todo o Pa\u00eds.<\/p>\n<p>Para o ministro do Meio Ambiente, Joaquim Leite, o novo sistema ter\u00e1 a capacidade de atrair investidores que est\u00e3o de olho na economia do futuro, mais sustent\u00e1vel e mais verde. \u201c\u00c9 um desafio gigantesco, mas que come\u00e7a com uma ferramenta de gest\u00e3o important\u00edssima. Que traz a realidade daquele munic\u00edpio, quanto ele tem de volume, onde vou encontrar aquilo que pode ser transformado em energia e o que pode ser transformado em mat\u00e9ria-prima para economia circular\u201d, pontuou Leite.<\/p>\n<p>De acordo com o ministro, a ferramenta oferece toda a estrutura para que o investidor possa trazer renda para algo que sempre foi visto como um problema. \u201cN\u00f3s precisamos do setor privado atuando junto conosco, trazendo solu\u00e7\u00e3o ambiental lucrativa. Para mostrar que n\u00f3s podemos criar uma nova economia verde baseada naquilo que era lixo\u201d, completou Joaquim Leite.<\/p>\n<p>O SINIR+ conta com um mapa 3D, onde \u00e9 poss\u00edvel navegar por todo o territ\u00f3rio nacional, conhecendo de perto a gest\u00e3o dos res\u00edduos, como as unidades de triagem, reciclagem, tratamento e disposi\u00e7\u00e3o final, al\u00e9m dos Cons\u00f3rcios P\u00fablicos e todo o fluxo do lixo. O conhecimento dessas estruturas \u00e9 fundamental para tirar do papel a Pol\u00edtica Nacional de Res\u00edduos S\u00f3lidos e potencializar o novo Marco Legal do Saneamento. \u201c\u00c9 a evolu\u00e7\u00e3o tecnol\u00f3gica a servi\u00e7o do cidad\u00e3o brasileiro. O SINIR+ \u00e9 inovador pois permite uma experi\u00eancia in\u00e9dita e interativa, que facilitar\u00e1 a atra\u00e7\u00e3o dos investimentos necess\u00e1rios para se melhorar a gest\u00e3o de res\u00edduos s\u00f3lidos no pa\u00eds\u201d, explicou o secret\u00e1rio de Qualidade Ambiental do MMA, Andr\u00e9 Fran\u00e7a.<\/p>\n<p>Segundo o coordenador do setor de \u00e1gua e saneamento do Banco Interamericano de Desenvolvimento (BID), Gustavo Mendes,<b>\u00a0<\/b>hoje o Brasil precisa de US$ 6 a 8 bilh\u00f5es por ano em investimentos, para atingir as metas de universaliza\u00e7\u00e3o. Para ele \u00e9 preciso contar como todo financiamento poss\u00edvel para alcan\u00e7ar esse objetivo no tempo previsto e a nova ferramenta chega num momento important\u00edssimo, onde o setor vive uma revolu\u00e7\u00e3o. \u201cA informa\u00e7\u00e3o permite fazer um planejamento de qualidade, um monitoramento de qualidade e oportuno, e fazer os ajustes necess\u00e1rios para a corrigir os rumos. O SINIR \u00e9 isso, uma contribui\u00e7\u00e3o para o setor\u201d, destacou.<\/p>\n<p>O novo SINIR+ contou com coopera\u00e7\u00e3o do BID e \u00e9 uma evolu\u00e7\u00e3o do sistema lan\u00e7ado pelo MMA em 2019 e desenvolvido em parceria com a Associa\u00e7\u00e3o Brasileira de Empresas de Tratamento de Res\u00edduos e Efluentes (Abetre). \u201cO importante \u00e9 deixar legado e esse legado a Abetre tem orgulho de dizer que participou\u201d, comemorou o presidente da Associa\u00e7\u00e3o, Luiz Gonzaga.<\/p>\n<p><b>Acordo para descarte de embalagens<\/b><\/p>\n<p>Ap\u00f3s o lan\u00e7amento do novo SINIR+, o<b>\u00a0<\/b>Minist\u00e9rio do Meio Ambiente e a Associa\u00e7\u00e3o Brasileira das Ind\u00fastrias de Refrigerantes e de Bebidas n\u00e3o Alco\u00f3licas (ABIR) assinaram um Acordo de Coopera\u00e7\u00e3o T\u00e9cnica (ACT) que tem por objetivo realizar campanhas de comunica\u00e7\u00e3o com foco no aumento da conscientiza\u00e7\u00e3o, educa\u00e7\u00e3o e cidadania ambiental, por meio do descarte adequado de embalagens, e do apoio na execu\u00e7\u00e3o de a\u00e7\u00f5es no \u00e2mbito do Plano Nacional de Combate ao Lixo no Mar e Programa Rios +Limpos. A primeira campanha, intitulada \u201cCrie esse H\u00e1bito\u201d, ser\u00e1 lan\u00e7ada em maio nas redes sociais do MMA e da ABIR, com objetivo de auxiliar a sociedade no descarte consciente de embalagens utilizadas em casa.<\/p>\n<p>Fonte: Gov.br<\/p>\n","protected":false},"excerpt":{"rendered":"<p>Uma nova vers\u00e3o do Sistema Nacional de Informa\u00e7\u00f5es sobre a Gest\u00e3o dos Res\u00edduos S\u00f3lidos, o SINIR+, foi lan\u00e7ada nesta quarta-feira (13), pelo Minist\u00e9rio do Meio Ambiente. A ferramenta \u00e9 mais moderna e traz mapas 3D, informa\u00e7\u00f5es interativas e pain\u00e9is que detalham a gest\u00e3o dos res\u00edduos s\u00f3lidos em todo o Pa\u00eds. Para o ministro do Meio [&hellip;]<\/p>\n","protected":false},"author":1,"featured_media":11559,"comment_status":"open","ping_status":"open","sticky":false,"template":"","format":"standard","meta":{"footnotes":""},"categories":[30,24,55,81,77,126,127],"tags":[],"class_list":["post-11557","post","type-post","status-publish","format-standard","has-post-thumbnail","hentry","category-ambiental","category-destaques","category-eventos","category-gestao","category-logistica-reversa","category-mma","category-sinir"],"yoast_head":"<!-- This site is optimized with the Yoast SEO plugin v27.3 - https:\/\/yoast.com\/product\/yoast-seo-wordpress\/ -->\n<title>MMA lan\u00e7a SINIR+, com informa\u00e7\u00f5es detalhadas sobre a gest\u00e3o dos res\u00edduos s\u00f3lidos em todo o Pa\u00eds &#8226; IBER<\/title>\n<meta name=\"robots\" content=\"index, follow, max-snippet:-1, max-image-preview:large, max-video-preview:-1\" \/>\n<link rel=\"canonical\" href=\"https:\/\/iberbrasil.org.br\/blog\/2022\/04\/14\/mma-lanca-sinir-com-informacoes-detalhadas-sobre-a-gestao-dos-residuos-solidos-em-todo-o-pais\/\" \/>\n<meta property=\"og:locale\" content=\"pt_BR\" \/>\n<meta property=\"og:type\" content=\"article\" \/>\n<meta property=\"og:title\" content=\"MMA lan\u00e7a SINIR+, com informa\u00e7\u00f5es detalhadas sobre a gest\u00e3o dos res\u00edduos s\u00f3lidos em todo o Pa\u00eds &#8226; IBER\" \/>\n<meta property=\"og:description\" content=\"Uma nova vers\u00e3o do Sistema Nacional de Informa\u00e7\u00f5es sobre a Gest\u00e3o dos Res\u00edduos S\u00f3lidos, o SINIR+, foi lan\u00e7ada nesta quarta-feira (13), pelo Minist\u00e9rio do Meio Ambiente. A ferramenta \u00e9 mais moderna e traz mapas 3D, informa\u00e7\u00f5es interativas e pain\u00e9is que detalham a gest\u00e3o dos res\u00edduos s\u00f3lidos em todo o Pa\u00eds. Para o ministro do Meio [&hellip;]\" \/>\n<meta property=\"og:url\" content=\"https:\/\/iberbrasil.org.br\/blog\/2022\/04\/14\/mma-lanca-sinir-com-informacoes-detalhadas-sobre-a-gestao-dos-residuos-solidos-em-todo-o-pais\/\" \/>\n<meta property=\"og:site_name\" content=\"IBER\" \/>\n<meta property=\"article:published_time\" content=\"2022-04-14T12:54:54+00:00\" \/>\n<meta property=\"og:image\" content=\"https:\/\/iberbrasil.org.br\/blog\/wp-content\/uploads\/2022\/04\/Post-Iber-Feed-24.png\" \/>\n\t<meta property=\"og:image:width\" content=\"1080\" \/>\n\t<meta property=\"og:image:height\" content=\"1080\" \/>\n\t<meta property=\"og:image:type\" content=\"image\/png\" \/>\n<meta name=\"author\" content=\"admin\" \/>\n<meta name=\"twitter:card\" content=\"summary_large_image\" \/>\n<meta name=\"twitter:label1\" content=\"Escrito por\" \/>\n\t<meta name=\"twitter:data1\" content=\"admin\" \/>\n\t<meta name=\"twitter:label2\" content=\"Est. tempo de leitura\" \/>\n\t<meta name=\"twitter:data2\" content=\"3 minutos\" \/>\n<script type=\"application\/ld+json\" class=\"yoast-schema-graph\">{\"@context\":\"https:\\\/\\\/schema.org\",\"@graph\":[{\"@type\":\"Article\",\"@id\":\"https:\\\/\\\/iberbrasil.org.br\\\/blog\\\/2022\\\/04\\\/14\\\/mma-lanca-sinir-com-informacoes-detalhadas-sobre-a-gestao-dos-residuos-solidos-em-todo-o-pais\\\/#article\",\"isPartOf\":{\"@id\":\"https:\\\/\\\/iberbrasil.org.br\\\/blog\\\/2022\\\/04\\\/14\\\/mma-lanca-sinir-com-informacoes-detalhadas-sobre-a-gestao-dos-residuos-solidos-em-todo-o-pais\\\/\"},\"author\":{\"name\":\"admin\",\"@id\":\"\\\/#\\\/schema\\\/person\\\/a2f7e3afbce17246c983c91f86f4d7b8\"},\"headline\":\"MMA lan\u00e7a SINIR+, com informa\u00e7\u00f5es detalhadas sobre a gest\u00e3o dos res\u00edduos s\u00f3lidos em todo o Pa\u00eds\",\"datePublished\":\"2022-04-14T12:54:54+00:00\",\"mainEntityOfPage\":{\"@id\":\"https:\\\/\\\/iberbrasil.org.br\\\/blog\\\/2022\\\/04\\\/14\\\/mma-lanca-sinir-com-informacoes-detalhadas-sobre-a-gestao-dos-residuos-solidos-em-todo-o-pais\\\/\"},\"wordCount\":665,\"commentCount\":0,\"publisher\":{\"@id\":\"\\\/#organization\"},\"image\":{\"@id\":\"https:\\\/\\\/iberbrasil.org.br\\\/blog\\\/2022\\\/04\\\/14\\\/mma-lanca-sinir-com-informacoes-detalhadas-sobre-a-gestao-dos-residuos-solidos-em-todo-o-pais\\\/#primaryimage\"},\"thumbnailUrl\":\"https:\\\/\\\/iberbrasil.org.br\\\/blog\\\/wp-content\\\/uploads\\\/2022\\\/04\\\/Post-Iber-Feed-24.png\",\"articleSection\":[\"Ambiental\",\"Destaques\",\"Eventos\",\"gest\u00e3o\",\"Log\u00edstica Reversa\",\"mma\",\"sinir\"],\"inLanguage\":\"pt-BR\",\"potentialAction\":[{\"@type\":\"CommentAction\",\"name\":\"Comment\",\"target\":[\"https:\\\/\\\/iberbrasil.org.br\\\/blog\\\/2022\\\/04\\\/14\\\/mma-lanca-sinir-com-informacoes-detalhadas-sobre-a-gestao-dos-residuos-solidos-em-todo-o-pais\\\/#respond\"]}]},{\"@type\":\"WebPage\",\"@id\":\"https:\\\/\\\/iberbrasil.org.br\\\/blog\\\/2022\\\/04\\\/14\\\/mma-lanca-sinir-com-informacoes-detalhadas-sobre-a-gestao-dos-residuos-solidos-em-todo-o-pais\\\/\",\"url\":\"https:\\\/\\\/iberbrasil.org.br\\\/blog\\\/2022\\\/04\\\/14\\\/mma-lanca-sinir-com-informacoes-detalhadas-sobre-a-gestao-dos-residuos-solidos-em-todo-o-pais\\\/\",\"name\":\"MMA lan\u00e7a SINIR+, com informa\u00e7\u00f5es detalhadas sobre a gest\u00e3o dos res\u00edduos s\u00f3lidos em todo o Pa\u00eds &#8226; IBER\",\"isPartOf\":{\"@id\":\"\\\/#website\"},\"primaryImageOfPage\":{\"@id\":\"https:\\\/\\\/iberbrasil.org.br\\\/blog\\\/2022\\\/04\\\/14\\\/mma-lanca-sinir-com-informacoes-detalhadas-sobre-a-gestao-dos-residuos-solidos-em-todo-o-pais\\\/#primaryimage\"},\"image\":{\"@id\":\"https:\\\/\\\/iberbrasil.org.br\\\/blog\\\/2022\\\/04\\\/14\\\/mma-lanca-sinir-com-informacoes-detalhadas-sobre-a-gestao-dos-residuos-solidos-em-todo-o-pais\\\/#primaryimage\"},\"thumbnailUrl\":\"https:\\\/\\\/iberbrasil.org.br\\\/blog\\\/wp-content\\\/uploads\\\/2022\\\/04\\\/Post-Iber-Feed-24.png\",\"datePublished\":\"2022-04-14T12:54:54+00:00\",\"breadcrumb\":{\"@id\":\"https:\\\/\\\/iberbrasil.org.br\\\/blog\\\/2022\\\/04\\\/14\\\/mma-lanca-sinir-com-informacoes-detalhadas-sobre-a-gestao-dos-residuos-solidos-em-todo-o-pais\\\/#breadcrumb\"},\"inLanguage\":\"pt-BR\",\"potentialAction\":[{\"@type\":\"ReadAction\",\"target\":[\"https:\\\/\\\/iberbrasil.org.br\\\/blog\\\/2022\\\/04\\\/14\\\/mma-lanca-sinir-com-informacoes-detalhadas-sobre-a-gestao-dos-residuos-solidos-em-todo-o-pais\\\/\"]}]},{\"@type\":\"ImageObject\",\"inLanguage\":\"pt-BR\",\"@id\":\"https:\\\/\\\/iberbrasil.org.br\\\/blog\\\/2022\\\/04\\\/14\\\/mma-lanca-sinir-com-informacoes-detalhadas-sobre-a-gestao-dos-residuos-solidos-em-todo-o-pais\\\/#primaryimage\",\"url\":\"https:\\\/\\\/iberbrasil.org.br\\\/blog\\\/wp-content\\\/uploads\\\/2022\\\/04\\\/Post-Iber-Feed-24.png\",\"contentUrl\":\"https:\\\/\\\/iberbrasil.org.br\\\/blog\\\/wp-content\\\/uploads\\\/2022\\\/04\\\/Post-Iber-Feed-24.png\",\"width\":1080,\"height\":1080},{\"@type\":\"BreadcrumbList\",\"@id\":\"https:\\\/\\\/iberbrasil.org.br\\\/blog\\\/2022\\\/04\\\/14\\\/mma-lanca-sinir-com-informacoes-detalhadas-sobre-a-gestao-dos-residuos-solidos-em-todo-o-pais\\\/#breadcrumb\",\"itemListElement\":[{\"@type\":\"ListItem\",\"position\":1,\"name\":\"Home\",\"item\":\"https:\\\/\\\/iberbrasil.org.br\\\/blog\\\/\"},{\"@type\":\"ListItem\",\"position\":2,\"name\":\"MMA lan\u00e7a SINIR+, com informa\u00e7\u00f5es detalhadas sobre a gest\u00e3o dos res\u00edduos s\u00f3lidos em todo o Pa\u00eds\"}]},{\"@type\":\"WebSite\",\"@id\":\"\\\/#website\",\"url\":\"\\\/\",\"name\":\"IBER\",\"description\":\"Instituto Brasileiro de Energia Recicl\u00e1vel\",\"publisher\":{\"@id\":\"\\\/#organization\"},\"potentialAction\":[{\"@type\":\"SearchAction\",\"target\":{\"@type\":\"EntryPoint\",\"urlTemplate\":\"\\\/?s={search_term_string}\"},\"query-input\":{\"@type\":\"PropertyValueSpecification\",\"valueRequired\":true,\"valueName\":\"search_term_string\"}}],\"inLanguage\":\"pt-BR\"},{\"@type\":\"Organization\",\"@id\":\"\\\/#organization\",\"name\":\"IBER Brasil\",\"url\":\"\\\/\",\"logo\":{\"@type\":\"ImageObject\",\"inLanguage\":\"pt-BR\",\"@id\":\"\\\/#\\\/schema\\\/logo\\\/image\\\/\",\"url\":\"https:\\\/\\\/iberbrasil.org.br\\\/blog\\\/wp-content\\\/uploads\\\/2021\\\/01\\\/logo-iber-2.png\",\"contentUrl\":\"https:\\\/\\\/iberbrasil.org.br\\\/blog\\\/wp-content\\\/uploads\\\/2021\\\/01\\\/logo-iber-2.png\",\"width\":317,\"height\":86,\"caption\":\"IBER Brasil\"},\"image\":{\"@id\":\"\\\/#\\\/schema\\\/logo\\\/image\\\/\"}},{\"@type\":\"Person\",\"@id\":\"\\\/#\\\/schema\\\/person\\\/a2f7e3afbce17246c983c91f86f4d7b8\",\"name\":\"admin\",\"image\":{\"@type\":\"ImageObject\",\"inLanguage\":\"pt-BR\",\"@id\":\"https:\\\/\\\/secure.gravatar.com\\\/avatar\\\/fa001a3b411f2335327a3fcf246a92536d0ac705fdf27b3e43401b6e4ffe5710?s=96&d=blank&r=g\",\"url\":\"https:\\\/\\\/secure.gravatar.com\\\/avatar\\\/fa001a3b411f2335327a3fcf246a92536d0ac705fdf27b3e43401b6e4ffe5710?s=96&d=blank&r=g\",\"contentUrl\":\"https:\\\/\\\/secure.gravatar.com\\\/avatar\\\/fa001a3b411f2335327a3fcf246a92536d0ac705fdf27b3e43401b6e4ffe5710?s=96&d=blank&r=g\",\"caption\":\"admin\"},\"sameAs\":[\"https:\\\/\\\/iberbrasil.org.br\\\/blog\"],\"url\":\"https:\\\/\\\/iberbrasil.org.br\\\/blog\\\/author\\\/admin\\\/\"}]}<\/script>\n<!-- \/ Yoast SEO plugin. -->","yoast_head_json":{"title":"MMA lan\u00e7a SINIR+, com informa\u00e7\u00f5es detalhadas sobre a gest\u00e3o dos res\u00edduos s\u00f3lidos em todo o Pa\u00eds &#8226; IBER","robots":{"index":"index","follow":"follow","max-snippet":"max-snippet:-1","max-image-preview":"max-image-preview:large","max-video-preview":"max-video-preview:-1"},"canonical":"https:\/\/iberbrasil.org.br\/blog\/2022\/04\/14\/mma-lanca-sinir-com-informacoes-detalhadas-sobre-a-gestao-dos-residuos-solidos-em-todo-o-pais\/","og_locale":"pt_BR","og_type":"article","og_title":"MMA lan\u00e7a SINIR+, com informa\u00e7\u00f5es detalhadas sobre a gest\u00e3o dos res\u00edduos s\u00f3lidos em todo o Pa\u00eds &#8226; IBER","og_description":"Uma nova vers\u00e3o do Sistema Nacional de Informa\u00e7\u00f5es sobre a Gest\u00e3o dos Res\u00edduos S\u00f3lidos, o SINIR+, foi lan\u00e7ada nesta quarta-feira (13), pelo Minist\u00e9rio do Meio Ambiente. A ferramenta \u00e9 mais moderna e traz mapas 3D, informa\u00e7\u00f5es interativas e pain\u00e9is que detalham a gest\u00e3o dos res\u00edduos s\u00f3lidos em todo o Pa\u00eds. Para o ministro do Meio [&hellip;]","og_url":"https:\/\/iberbrasil.org.br\/blog\/2022\/04\/14\/mma-lanca-sinir-com-informacoes-detalhadas-sobre-a-gestao-dos-residuos-solidos-em-todo-o-pais\/","og_site_name":"IBER","article_published_time":"2022-04-14T12:54:54+00:00","og_image":[{"width":1080,"height":1080,"url":"https:\/\/iberbrasil.org.br\/blog\/wp-content\/uploads\/2022\/04\/Post-Iber-Feed-24.png","type":"image\/png"}],"author":"admin","twitter_card":"summary_large_image","twitter_misc":{"Escrito por":"admin","Est. tempo de leitura":"3 minutos"},"schema":{"@context":"https:\/\/schema.org","@graph":[{"@type":"Article","@id":"https:\/\/iberbrasil.org.br\/blog\/2022\/04\/14\/mma-lanca-sinir-com-informacoes-detalhadas-sobre-a-gestao-dos-residuos-solidos-em-todo-o-pais\/#article","isPartOf":{"@id":"https:\/\/iberbrasil.org.br\/blog\/2022\/04\/14\/mma-lanca-sinir-com-informacoes-detalhadas-sobre-a-gestao-dos-residuos-solidos-em-todo-o-pais\/"},"author":{"name":"admin","@id":"\/#\/schema\/person\/a2f7e3afbce17246c983c91f86f4d7b8"},"headline":"MMA lan\u00e7a SINIR+, com informa\u00e7\u00f5es detalhadas sobre a gest\u00e3o dos res\u00edduos s\u00f3lidos em todo o Pa\u00eds","datePublished":"2022-04-14T12:54:54+00:00","mainEntityOfPage":{"@id":"https:\/\/iberbrasil.org.br\/blog\/2022\/04\/14\/mma-lanca-sinir-com-informacoes-detalhadas-sobre-a-gestao-dos-residuos-solidos-em-todo-o-pais\/"},"wordCount":665,"commentCount":0,"publisher":{"@id":"\/#organization"},"image":{"@id":"https:\/\/iberbrasil.org.br\/blog\/2022\/04\/14\/mma-lanca-sinir-com-informacoes-detalhadas-sobre-a-gestao-dos-residuos-solidos-em-todo-o-pais\/#primaryimage"},"thumbnailUrl":"https:\/\/iberbrasil.org.br\/blog\/wp-content\/uploads\/2022\/04\/Post-Iber-Feed-24.png","articleSection":["Ambiental","Destaques","Eventos","gest\u00e3o","Log\u00edstica Reversa","mma","sinir"],"inLanguage":"pt-BR","potentialAction":[{"@type":"CommentAction","name":"Comment","target":["https:\/\/iberbrasil.org.br\/blog\/2022\/04\/14\/mma-lanca-sinir-com-informacoes-detalhadas-sobre-a-gestao-dos-residuos-solidos-em-todo-o-pais\/#respond"]}]},{"@type":"WebPage","@id":"https:\/\/iberbrasil.org.br\/blog\/2022\/04\/14\/mma-lanca-sinir-com-informacoes-detalhadas-sobre-a-gestao-dos-residuos-solidos-em-todo-o-pais\/","url":"https:\/\/iberbrasil.org.br\/blog\/2022\/04\/14\/mma-lanca-sinir-com-informacoes-detalhadas-sobre-a-gestao-dos-residuos-solidos-em-todo-o-pais\/","name":"MMA lan\u00e7a SINIR+, com informa\u00e7\u00f5es detalhadas sobre a gest\u00e3o dos res\u00edduos s\u00f3lidos em todo o Pa\u00eds &#8226; IBER","isPartOf":{"@id":"\/#website"},"primaryImageOfPage":{"@id":"https:\/\/iberbrasil.org.br\/blog\/2022\/04\/14\/mma-lanca-sinir-com-informacoes-detalhadas-sobre-a-gestao-dos-residuos-solidos-em-todo-o-pais\/#primaryimage"},"image":{"@id":"https:\/\/iberbrasil.org.br\/blog\/2022\/04\/14\/mma-lanca-sinir-com-informacoes-detalhadas-sobre-a-gestao-dos-residuos-solidos-em-todo-o-pais\/#primaryimage"},"thumbnailUrl":"https:\/\/iberbrasil.org.br\/blog\/wp-content\/uploads\/2022\/04\/Post-Iber-Feed-24.png","datePublished":"2022-04-14T12:54:54+00:00","breadcrumb":{"@id":"https:\/\/iberbrasil.org.br\/blog\/2022\/04\/14\/mma-lanca-sinir-com-informacoes-detalhadas-sobre-a-gestao-dos-residuos-solidos-em-todo-o-pais\/#breadcrumb"},"inLanguage":"pt-BR","potentialAction":[{"@type":"ReadAction","target":["https:\/\/iberbrasil.org.br\/blog\/2022\/04\/14\/mma-lanca-sinir-com-informacoes-detalhadas-sobre-a-gestao-dos-residuos-solidos-em-todo-o-pais\/"]}]},{"@type":"ImageObject","inLanguage":"pt-BR","@id":"https:\/\/iberbrasil.org.br\/blog\/2022\/04\/14\/mma-lanca-sinir-com-informacoes-detalhadas-sobre-a-gestao-dos-residuos-solidos-em-todo-o-pais\/#primaryimage","url":"https:\/\/iberbrasil.org.br\/blog\/wp-content\/uploads\/2022\/04\/Post-Iber-Feed-24.png","contentUrl":"https:\/\/iberbrasil.org.br\/blog\/wp-content\/uploads\/2022\/04\/Post-Iber-Feed-24.png","width":1080,"height":1080},{"@type":"BreadcrumbList","@id":"https:\/\/iberbrasil.org.br\/blog\/2022\/04\/14\/mma-lanca-sinir-com-informacoes-detalhadas-sobre-a-gestao-dos-residuos-solidos-em-todo-o-pais\/#breadcrumb","itemListElement":[{"@type":"ListItem","position":1,"name":"Home","item":"https:\/\/iberbrasil.org.br\/blog\/"},{"@type":"ListItem","position":2,"name":"MMA lan\u00e7a SINIR+, com informa\u00e7\u00f5es detalhadas sobre a gest\u00e3o dos res\u00edduos s\u00f3lidos em todo o Pa\u00eds"}]},{"@type":"WebSite","@id":"\/#website","url":"\/","name":"IBER","description":"Instituto Brasileiro de Energia Recicl\u00e1vel","publisher":{"@id":"\/#organization"},"potentialAction":[{"@type":"SearchAction","target":{"@type":"EntryPoint","urlTemplate":"\/?s={search_term_string}"},"query-input":{"@type":"PropertyValueSpecification","valueRequired":true,"valueName":"search_term_string"}}],"inLanguage":"pt-BR"},{"@type":"Organization","@id":"\/#organization","name":"IBER Brasil","url":"\/","logo":{"@type":"ImageObject","inLanguage":"pt-BR","@id":"\/#\/schema\/logo\/image\/","url":"https:\/\/iberbrasil.org.br\/blog\/wp-content\/uploads\/2021\/01\/logo-iber-2.png","contentUrl":"https:\/\/iberbrasil.org.br\/blog\/wp-content\/uploads\/2021\/01\/logo-iber-2.png","width":317,"height":86,"caption":"IBER Brasil"},"image":{"@id":"\/#\/schema\/logo\/image\/"}},{"@type":"Person","@id":"\/#\/schema\/person\/a2f7e3afbce17246c983c91f86f4d7b8","name":"admin","image":{"@type":"ImageObject","inLanguage":"pt-BR","@id":"https:\/\/secure.gravatar.com\/avatar\/fa001a3b411f2335327a3fcf246a92536d0ac705fdf27b3e43401b6e4ffe5710?s=96&d=blank&r=g","url":"https:\/\/secure.gravatar.com\/avatar\/fa001a3b411f2335327a3fcf246a92536d0ac705fdf27b3e43401b6e4ffe5710?s=96&d=blank&r=g","contentUrl":"https:\/\/secure.gravatar.com\/avatar\/fa001a3b411f2335327a3fcf246a92536d0ac705fdf27b3e43401b6e4ffe5710?s=96&d=blank&r=g","caption":"admin"},"sameAs":["https:\/\/iberbrasil.org.br\/blog"],"url":"https:\/\/iberbrasil.org.br\/blog\/author\/admin\/"}]}},"_links":{"self":[{"href":"https:\/\/iberbrasil.org.br\/blog\/wp-json\/wp\/v2\/posts\/11557","targetHints":{"allow":["GET"]}}],"collection":[{"href":"https:\/\/iberbrasil.org.br\/blog\/wp-json\/wp\/v2\/posts"}],"about":[{"href":"https:\/\/iberbrasil.org.br\/blog\/wp-json\/wp\/v2\/types\/post"}],"author":[{"embeddable":true,"href":"https:\/\/iberbrasil.org.br\/blog\/wp-json\/wp\/v2\/users\/1"}],"replies":[{"embeddable":true,"href":"https:\/\/iberbrasil.org.br\/blog\/wp-json\/wp\/v2\/comments?post=11557"}],"version-history":[{"count":1,"href":"https:\/\/iberbrasil.org.br\/blog\/wp-json\/wp\/v2\/posts\/11557\/revisions"}],"predecessor-version":[{"id":11560,"href":"https:\/\/iberbrasil.org.br\/blog\/wp-json\/wp\/v2\/posts\/11557\/revisions\/11560"}],"wp:featuredmedia":[{"embeddable":true,"href":"https:\/\/iberbrasil.org.br\/blog\/wp-json\/wp\/v2\/media\/11559"}],"wp:attachment":[{"href":"https:\/\/iberbrasil.org.br\/blog\/wp-json\/wp\/v2\/media?parent=11557"}],"wp:term":[{"taxonomy":"category","embeddable":true,"href":"https:\/\/iberbrasil.org.br\/blog\/wp-json\/wp\/v2\/categories?post=11557"},{"taxonomy":"post_tag","embeddable":true,"href":"https:\/\/iberbrasil.org.br\/blog\/wp-json\/wp\/v2\/tags?post=11557"}],"curies":[{"name":"wp","href":"https:\/\/api.w.org\/{rel}","templated":true}]}}