{"id":11544,"date":"2022-03-31T17:54:38","date_gmt":"2022-03-31T20:54:38","guid":{"rendered":"https:\/\/iberbrasil.org.br\/blog\/?p=11544"},"modified":"2022-03-31T17:55:15","modified_gmt":"2022-03-31T20:55:15","slug":"iber-debate-os-desafios-da-execucao-e-comprovacao-da-logistica-reversa-em-conferencia-internacional","status":"publish","type":"post","link":"https:\/\/iberbrasil.org.br\/blog\/2022\/03\/31\/iber-debate-os-desafios-da-execucao-e-comprovacao-da-logistica-reversa-em-conferencia-internacional\/","title":{"rendered":"IBER debate os desafios da execu\u00e7\u00e3o e comprova\u00e7\u00e3o da Log\u00edstica Reversa em Confer\u00eancia internacional"},"content":{"rendered":"<p><em>Entidade gestora compartilhou sua expertise e inova\u00e7\u00f5es na gest\u00e3o e certifica\u00e7\u00e3o do atendimento \u00e0 Pol\u00edtica Nacional de Res\u00edduos S\u00f3lidos das suas empresas associadas.<\/em><\/p>\n<p>O Instituto Brasileiro de Energia Recicl\u00e1vel &#8211; IBER marcou presen\u00e7a na I Confer\u00eancia Internacional de Res\u00edduos S\u00f3lidos (CIRSOL), realizada no Recife, capital de Pernambuco. A analista ambiental da entidade gestora de baterias chumbo-\u00e1cido, Stefannie Germano, participou do painel que debateu sobre &#8220;M\u00e9tricas e par\u00e2metros para avalia\u00e7\u00e3o dos programas de Log\u00edstica Reversa&#8221;, compartilhando a expertise e as inova\u00e7\u00f5es do IBER na gest\u00e3o e certifica\u00e7\u00e3o do atendimento \u00e0 Pol\u00edtica Nacional de Res\u00edduos S\u00f3lidos \u00e0s empresas associadas.<\/p>\n<p>Stefannie detalhou como, atrav\u00e9s de uma plataforma com tecnologia de ponta, as empresas fabricantes, importadoras, recicladoras, distribuidoras, comerciantes enviam seus dados mensais de vendas de baterias novas, a partir das notas fiscais emitidas no per\u00edodo, e informam o volume de produtos inserv\u00edveis coletados.<\/p>\n<p>&#8220;N\u00f3s geramos um \u00edndice de Log\u00edstica Reversa da empresa, cruzando essas estat\u00edsticas e avaliando a participa\u00e7\u00e3o da empresa no cumprimento das metas estabelecidas, tanto pelo Acordo Setorial firmado com o Minist\u00e9rio do Meio Ambiente, quanto pelos Termos de Compromisso que possu\u00edmos com os mais diversos Estados. O grande desafio \u00e9 a conscientiza\u00e7\u00e3o e engajamento das empresas e tamb\u00e9m das pessoas f\u00edsicas da import\u00e2ncia da destina\u00e7\u00e3o ambientalmente correta e comprova\u00e7\u00e3o da opera\u00e7\u00e3o dos res\u00edduos que um dia foram produtos&#8221;, explicou.<\/p>\n<p>O debate contou com a participa\u00e7\u00e3o de representantes de diversos segmentos da Economia Circular: Fernando Rodrigues, diretor-Executivo do Instituto Rever; Caroline de Oliveira Morais, ge\u00f3grafa da Faculdade de Filosofia, Letras e Ci\u00eancias Humanas da Universidade de S\u00e3o Paulo; Thais Fagury, Diretora executiva da Prolata Reciclagem; e Ricardo Abussafy de Souza, Gerente de Log\u00edstica Reversa do Programa D\u00ea a M\u00e3o para o Futuro; com a media\u00e7\u00e3o de Dione Manetti, CEO da Pragma Solu\u00e7\u00f5es Sustent\u00e1veis.<\/p>\n<p>A CIRSOL aconteceu entre os dias 16 e 18 de mar\u00e7o. Correalizada por 16 institui\u00e7\u00f5es de grande relev\u00e2ncia que, unidas, promoveu o debate sobre a Gest\u00e3o de Res\u00edduos S\u00f3lidos e seus impactos nas mudan\u00e7as clim\u00e1ticas.<\/p>\n","protected":false},"excerpt":{"rendered":"<p>Entidade gestora compartilhou sua expertise e inova\u00e7\u00f5es na gest\u00e3o e certifica\u00e7\u00e3o do atendimento \u00e0 Pol\u00edtica Nacional de Res\u00edduos S\u00f3lidos das suas empresas associadas. O Instituto Brasileiro de Energia Recicl\u00e1vel &#8211; IBER marcou presen\u00e7a na I Confer\u00eancia Internacional de Res\u00edduos S\u00f3lidos (CIRSOL), realizada no Recife, capital de Pernambuco. A analista ambiental da entidade gestora de baterias [&hellip;]<\/p>\n","protected":false},"author":1,"featured_media":11545,"comment_status":"open","ping_status":"open","sticky":false,"template":"","format":"standard","meta":{"footnotes":""},"categories":[30,24,55,63,62],"tags":[],"class_list":["post-11544","post","type-post","status-publish","format-standard","has-post-thumbnail","hentry","category-ambiental","category-destaques","category-eventos","category-midias","category-noticias"],"yoast_head":"<!-- This site is optimized with the Yoast SEO plugin v27.3 - https:\/\/yoast.com\/product\/yoast-seo-wordpress\/ -->\n<title>IBER debate os desafios da execu\u00e7\u00e3o e comprova\u00e7\u00e3o da Log\u00edstica Reversa em Confer\u00eancia internacional &#8226; IBER<\/title>\n<meta name=\"robots\" content=\"index, follow, max-snippet:-1, max-image-preview:large, max-video-preview:-1\" \/>\n<link rel=\"canonical\" href=\"https:\/\/iberbrasil.org.br\/blog\/2022\/03\/31\/iber-debate-os-desafios-da-execucao-e-comprovacao-da-logistica-reversa-em-conferencia-internacional\/\" \/>\n<meta property=\"og:locale\" content=\"pt_BR\" \/>\n<meta property=\"og:type\" content=\"article\" \/>\n<meta property=\"og:title\" content=\"IBER debate os desafios da execu\u00e7\u00e3o e comprova\u00e7\u00e3o da Log\u00edstica Reversa em Confer\u00eancia internacional &#8226; IBER\" \/>\n<meta property=\"og:description\" content=\"Entidade gestora compartilhou sua expertise e inova\u00e7\u00f5es na gest\u00e3o e certifica\u00e7\u00e3o do atendimento \u00e0 Pol\u00edtica Nacional de Res\u00edduos S\u00f3lidos das suas empresas associadas. O Instituto Brasileiro de Energia Recicl\u00e1vel &#8211; IBER marcou presen\u00e7a na I Confer\u00eancia Internacional de Res\u00edduos S\u00f3lidos (CIRSOL), realizada no Recife, capital de Pernambuco. A analista ambiental da entidade gestora de baterias [&hellip;]\" \/>\n<meta property=\"og:url\" content=\"https:\/\/iberbrasil.org.br\/blog\/2022\/03\/31\/iber-debate-os-desafios-da-execucao-e-comprovacao-da-logistica-reversa-em-conferencia-internacional\/\" \/>\n<meta property=\"og:site_name\" content=\"IBER\" \/>\n<meta property=\"article:published_time\" content=\"2022-03-31T20:54:38+00:00\" \/>\n<meta property=\"article:modified_time\" content=\"2022-03-31T20:55:15+00:00\" \/>\n<meta property=\"og:image\" content=\"https:\/\/iberbrasil.org.br\/blog\/wp-content\/uploads\/2022\/03\/IBER_na_CIRSOL.jpg\" \/>\n\t<meta property=\"og:image:width\" content=\"2048\" \/>\n\t<meta property=\"og:image:height\" content=\"1152\" \/>\n\t<meta property=\"og:image:type\" content=\"image\/jpeg\" \/>\n<meta name=\"author\" content=\"admin\" \/>\n<meta name=\"twitter:card\" content=\"summary_large_image\" \/>\n<meta name=\"twitter:label1\" content=\"Escrito por\" \/>\n\t<meta name=\"twitter:data1\" content=\"admin\" \/>\n\t<meta name=\"twitter:label2\" content=\"Est. tempo de leitura\" \/>\n\t<meta name=\"twitter:data2\" content=\"2 minutos\" \/>\n<script type=\"application\/ld+json\" class=\"yoast-schema-graph\">{\"@context\":\"https:\\\/\\\/schema.org\",\"@graph\":[{\"@type\":\"Article\",\"@id\":\"https:\\\/\\\/iberbrasil.org.br\\\/blog\\\/2022\\\/03\\\/31\\\/iber-debate-os-desafios-da-execucao-e-comprovacao-da-logistica-reversa-em-conferencia-internacional\\\/#article\",\"isPartOf\":{\"@id\":\"https:\\\/\\\/iberbrasil.org.br\\\/blog\\\/2022\\\/03\\\/31\\\/iber-debate-os-desafios-da-execucao-e-comprovacao-da-logistica-reversa-em-conferencia-internacional\\\/\"},\"author\":{\"name\":\"admin\",\"@id\":\"\\\/#\\\/schema\\\/person\\\/a2f7e3afbce17246c983c91f86f4d7b8\"},\"headline\":\"IBER debate os desafios da execu\u00e7\u00e3o e comprova\u00e7\u00e3o da Log\u00edstica Reversa em Confer\u00eancia internacional\",\"datePublished\":\"2022-03-31T20:54:38+00:00\",\"dateModified\":\"2022-03-31T20:55:15+00:00\",\"mainEntityOfPage\":{\"@id\":\"https:\\\/\\\/iberbrasil.org.br\\\/blog\\\/2022\\\/03\\\/31\\\/iber-debate-os-desafios-da-execucao-e-comprovacao-da-logistica-reversa-em-conferencia-internacional\\\/\"},\"wordCount\":395,\"commentCount\":0,\"publisher\":{\"@id\":\"\\\/#organization\"},\"image\":{\"@id\":\"https:\\\/\\\/iberbrasil.org.br\\\/blog\\\/2022\\\/03\\\/31\\\/iber-debate-os-desafios-da-execucao-e-comprovacao-da-logistica-reversa-em-conferencia-internacional\\\/#primaryimage\"},\"thumbnailUrl\":\"https:\\\/\\\/iberbrasil.org.br\\\/blog\\\/wp-content\\\/uploads\\\/2022\\\/03\\\/IBER_na_CIRSOL.jpg\",\"articleSection\":[\"Ambiental\",\"Destaques\",\"Eventos\",\"M\u00eddias\",\"Not\u00edcias\"],\"inLanguage\":\"pt-BR\",\"potentialAction\":[{\"@type\":\"CommentAction\",\"name\":\"Comment\",\"target\":[\"https:\\\/\\\/iberbrasil.org.br\\\/blog\\\/2022\\\/03\\\/31\\\/iber-debate-os-desafios-da-execucao-e-comprovacao-da-logistica-reversa-em-conferencia-internacional\\\/#respond\"]}]},{\"@type\":\"WebPage\",\"@id\":\"https:\\\/\\\/iberbrasil.org.br\\\/blog\\\/2022\\\/03\\\/31\\\/iber-debate-os-desafios-da-execucao-e-comprovacao-da-logistica-reversa-em-conferencia-internacional\\\/\",\"url\":\"https:\\\/\\\/iberbrasil.org.br\\\/blog\\\/2022\\\/03\\\/31\\\/iber-debate-os-desafios-da-execucao-e-comprovacao-da-logistica-reversa-em-conferencia-internacional\\\/\",\"name\":\"IBER debate os desafios da execu\u00e7\u00e3o e comprova\u00e7\u00e3o da Log\u00edstica Reversa em Confer\u00eancia internacional &#8226; IBER\",\"isPartOf\":{\"@id\":\"\\\/#website\"},\"primaryImageOfPage\":{\"@id\":\"https:\\\/\\\/iberbrasil.org.br\\\/blog\\\/2022\\\/03\\\/31\\\/iber-debate-os-desafios-da-execucao-e-comprovacao-da-logistica-reversa-em-conferencia-internacional\\\/#primaryimage\"},\"image\":{\"@id\":\"https:\\\/\\\/iberbrasil.org.br\\\/blog\\\/2022\\\/03\\\/31\\\/iber-debate-os-desafios-da-execucao-e-comprovacao-da-logistica-reversa-em-conferencia-internacional\\\/#primaryimage\"},\"thumbnailUrl\":\"https:\\\/\\\/iberbrasil.org.br\\\/blog\\\/wp-content\\\/uploads\\\/2022\\\/03\\\/IBER_na_CIRSOL.jpg\",\"datePublished\":\"2022-03-31T20:54:38+00:00\",\"dateModified\":\"2022-03-31T20:55:15+00:00\",\"breadcrumb\":{\"@id\":\"https:\\\/\\\/iberbrasil.org.br\\\/blog\\\/2022\\\/03\\\/31\\\/iber-debate-os-desafios-da-execucao-e-comprovacao-da-logistica-reversa-em-conferencia-internacional\\\/#breadcrumb\"},\"inLanguage\":\"pt-BR\",\"potentialAction\":[{\"@type\":\"ReadAction\",\"target\":[\"https:\\\/\\\/iberbrasil.org.br\\\/blog\\\/2022\\\/03\\\/31\\\/iber-debate-os-desafios-da-execucao-e-comprovacao-da-logistica-reversa-em-conferencia-internacional\\\/\"]}]},{\"@type\":\"ImageObject\",\"inLanguage\":\"pt-BR\",\"@id\":\"https:\\\/\\\/iberbrasil.org.br\\\/blog\\\/2022\\\/03\\\/31\\\/iber-debate-os-desafios-da-execucao-e-comprovacao-da-logistica-reversa-em-conferencia-internacional\\\/#primaryimage\",\"url\":\"https:\\\/\\\/iberbrasil.org.br\\\/blog\\\/wp-content\\\/uploads\\\/2022\\\/03\\\/IBER_na_CIRSOL.jpg\",\"contentUrl\":\"https:\\\/\\\/iberbrasil.org.br\\\/blog\\\/wp-content\\\/uploads\\\/2022\\\/03\\\/IBER_na_CIRSOL.jpg\",\"width\":2048,\"height\":1152},{\"@type\":\"BreadcrumbList\",\"@id\":\"https:\\\/\\\/iberbrasil.org.br\\\/blog\\\/2022\\\/03\\\/31\\\/iber-debate-os-desafios-da-execucao-e-comprovacao-da-logistica-reversa-em-conferencia-internacional\\\/#breadcrumb\",\"itemListElement\":[{\"@type\":\"ListItem\",\"position\":1,\"name\":\"Home\",\"item\":\"https:\\\/\\\/iberbrasil.org.br\\\/blog\\\/\"},{\"@type\":\"ListItem\",\"position\":2,\"name\":\"IBER debate os desafios da execu\u00e7\u00e3o e comprova\u00e7\u00e3o da Log\u00edstica Reversa em Confer\u00eancia internacional\"}]},{\"@type\":\"WebSite\",\"@id\":\"\\\/#website\",\"url\":\"\\\/\",\"name\":\"IBER\",\"description\":\"Instituto Brasileiro de Energia Recicl\u00e1vel\",\"publisher\":{\"@id\":\"\\\/#organization\"},\"potentialAction\":[{\"@type\":\"SearchAction\",\"target\":{\"@type\":\"EntryPoint\",\"urlTemplate\":\"\\\/?s={search_term_string}\"},\"query-input\":{\"@type\":\"PropertyValueSpecification\",\"valueRequired\":true,\"valueName\":\"search_term_string\"}}],\"inLanguage\":\"pt-BR\"},{\"@type\":\"Organization\",\"@id\":\"\\\/#organization\",\"name\":\"IBER Brasil\",\"url\":\"\\\/\",\"logo\":{\"@type\":\"ImageObject\",\"inLanguage\":\"pt-BR\",\"@id\":\"\\\/#\\\/schema\\\/logo\\\/image\\\/\",\"url\":\"https:\\\/\\\/iberbrasil.org.br\\\/blog\\\/wp-content\\\/uploads\\\/2021\\\/01\\\/logo-iber-2.png\",\"contentUrl\":\"https:\\\/\\\/iberbrasil.org.br\\\/blog\\\/wp-content\\\/uploads\\\/2021\\\/01\\\/logo-iber-2.png\",\"width\":317,\"height\":86,\"caption\":\"IBER Brasil\"},\"image\":{\"@id\":\"\\\/#\\\/schema\\\/logo\\\/image\\\/\"}},{\"@type\":\"Person\",\"@id\":\"\\\/#\\\/schema\\\/person\\\/a2f7e3afbce17246c983c91f86f4d7b8\",\"name\":\"admin\",\"image\":{\"@type\":\"ImageObject\",\"inLanguage\":\"pt-BR\",\"@id\":\"https:\\\/\\\/secure.gravatar.com\\\/avatar\\\/fa001a3b411f2335327a3fcf246a92536d0ac705fdf27b3e43401b6e4ffe5710?s=96&d=blank&r=g\",\"url\":\"https:\\\/\\\/secure.gravatar.com\\\/avatar\\\/fa001a3b411f2335327a3fcf246a92536d0ac705fdf27b3e43401b6e4ffe5710?s=96&d=blank&r=g\",\"contentUrl\":\"https:\\\/\\\/secure.gravatar.com\\\/avatar\\\/fa001a3b411f2335327a3fcf246a92536d0ac705fdf27b3e43401b6e4ffe5710?s=96&d=blank&r=g\",\"caption\":\"admin\"},\"sameAs\":[\"https:\\\/\\\/iberbrasil.org.br\\\/blog\"],\"url\":\"https:\\\/\\\/iberbrasil.org.br\\\/blog\\\/author\\\/admin\\\/\"}]}<\/script>\n<!-- \/ Yoast SEO plugin. -->","yoast_head_json":{"title":"IBER debate os desafios da execu\u00e7\u00e3o e comprova\u00e7\u00e3o da Log\u00edstica Reversa em Confer\u00eancia internacional &#8226; IBER","robots":{"index":"index","follow":"follow","max-snippet":"max-snippet:-1","max-image-preview":"max-image-preview:large","max-video-preview":"max-video-preview:-1"},"canonical":"https:\/\/iberbrasil.org.br\/blog\/2022\/03\/31\/iber-debate-os-desafios-da-execucao-e-comprovacao-da-logistica-reversa-em-conferencia-internacional\/","og_locale":"pt_BR","og_type":"article","og_title":"IBER debate os desafios da execu\u00e7\u00e3o e comprova\u00e7\u00e3o da Log\u00edstica Reversa em Confer\u00eancia internacional &#8226; IBER","og_description":"Entidade gestora compartilhou sua expertise e inova\u00e7\u00f5es na gest\u00e3o e certifica\u00e7\u00e3o do atendimento \u00e0 Pol\u00edtica Nacional de Res\u00edduos S\u00f3lidos das suas empresas associadas. O Instituto Brasileiro de Energia Recicl\u00e1vel &#8211; IBER marcou presen\u00e7a na I Confer\u00eancia Internacional de Res\u00edduos S\u00f3lidos (CIRSOL), realizada no Recife, capital de Pernambuco. A analista ambiental da entidade gestora de baterias [&hellip;]","og_url":"https:\/\/iberbrasil.org.br\/blog\/2022\/03\/31\/iber-debate-os-desafios-da-execucao-e-comprovacao-da-logistica-reversa-em-conferencia-internacional\/","og_site_name":"IBER","article_published_time":"2022-03-31T20:54:38+00:00","article_modified_time":"2022-03-31T20:55:15+00:00","og_image":[{"width":2048,"height":1152,"url":"https:\/\/iberbrasil.org.br\/blog\/wp-content\/uploads\/2022\/03\/IBER_na_CIRSOL.jpg","type":"image\/jpeg"}],"author":"admin","twitter_card":"summary_large_image","twitter_misc":{"Escrito por":"admin","Est. tempo de leitura":"2 minutos"},"schema":{"@context":"https:\/\/schema.org","@graph":[{"@type":"Article","@id":"https:\/\/iberbrasil.org.br\/blog\/2022\/03\/31\/iber-debate-os-desafios-da-execucao-e-comprovacao-da-logistica-reversa-em-conferencia-internacional\/#article","isPartOf":{"@id":"https:\/\/iberbrasil.org.br\/blog\/2022\/03\/31\/iber-debate-os-desafios-da-execucao-e-comprovacao-da-logistica-reversa-em-conferencia-internacional\/"},"author":{"name":"admin","@id":"\/#\/schema\/person\/a2f7e3afbce17246c983c91f86f4d7b8"},"headline":"IBER debate os desafios da execu\u00e7\u00e3o e comprova\u00e7\u00e3o da Log\u00edstica Reversa em Confer\u00eancia internacional","datePublished":"2022-03-31T20:54:38+00:00","dateModified":"2022-03-31T20:55:15+00:00","mainEntityOfPage":{"@id":"https:\/\/iberbrasil.org.br\/blog\/2022\/03\/31\/iber-debate-os-desafios-da-execucao-e-comprovacao-da-logistica-reversa-em-conferencia-internacional\/"},"wordCount":395,"commentCount":0,"publisher":{"@id":"\/#organization"},"image":{"@id":"https:\/\/iberbrasil.org.br\/blog\/2022\/03\/31\/iber-debate-os-desafios-da-execucao-e-comprovacao-da-logistica-reversa-em-conferencia-internacional\/#primaryimage"},"thumbnailUrl":"https:\/\/iberbrasil.org.br\/blog\/wp-content\/uploads\/2022\/03\/IBER_na_CIRSOL.jpg","articleSection":["Ambiental","Destaques","Eventos","M\u00eddias","Not\u00edcias"],"inLanguage":"pt-BR","potentialAction":[{"@type":"CommentAction","name":"Comment","target":["https:\/\/iberbrasil.org.br\/blog\/2022\/03\/31\/iber-debate-os-desafios-da-execucao-e-comprovacao-da-logistica-reversa-em-conferencia-internacional\/#respond"]}]},{"@type":"WebPage","@id":"https:\/\/iberbrasil.org.br\/blog\/2022\/03\/31\/iber-debate-os-desafios-da-execucao-e-comprovacao-da-logistica-reversa-em-conferencia-internacional\/","url":"https:\/\/iberbrasil.org.br\/blog\/2022\/03\/31\/iber-debate-os-desafios-da-execucao-e-comprovacao-da-logistica-reversa-em-conferencia-internacional\/","name":"IBER debate os desafios da execu\u00e7\u00e3o e comprova\u00e7\u00e3o da Log\u00edstica Reversa em Confer\u00eancia internacional &#8226; IBER","isPartOf":{"@id":"\/#website"},"primaryImageOfPage":{"@id":"https:\/\/iberbrasil.org.br\/blog\/2022\/03\/31\/iber-debate-os-desafios-da-execucao-e-comprovacao-da-logistica-reversa-em-conferencia-internacional\/#primaryimage"},"image":{"@id":"https:\/\/iberbrasil.org.br\/blog\/2022\/03\/31\/iber-debate-os-desafios-da-execucao-e-comprovacao-da-logistica-reversa-em-conferencia-internacional\/#primaryimage"},"thumbnailUrl":"https:\/\/iberbrasil.org.br\/blog\/wp-content\/uploads\/2022\/03\/IBER_na_CIRSOL.jpg","datePublished":"2022-03-31T20:54:38+00:00","dateModified":"2022-03-31T20:55:15+00:00","breadcrumb":{"@id":"https:\/\/iberbrasil.org.br\/blog\/2022\/03\/31\/iber-debate-os-desafios-da-execucao-e-comprovacao-da-logistica-reversa-em-conferencia-internacional\/#breadcrumb"},"inLanguage":"pt-BR","potentialAction":[{"@type":"ReadAction","target":["https:\/\/iberbrasil.org.br\/blog\/2022\/03\/31\/iber-debate-os-desafios-da-execucao-e-comprovacao-da-logistica-reversa-em-conferencia-internacional\/"]}]},{"@type":"ImageObject","inLanguage":"pt-BR","@id":"https:\/\/iberbrasil.org.br\/blog\/2022\/03\/31\/iber-debate-os-desafios-da-execucao-e-comprovacao-da-logistica-reversa-em-conferencia-internacional\/#primaryimage","url":"https:\/\/iberbrasil.org.br\/blog\/wp-content\/uploads\/2022\/03\/IBER_na_CIRSOL.jpg","contentUrl":"https:\/\/iberbrasil.org.br\/blog\/wp-content\/uploads\/2022\/03\/IBER_na_CIRSOL.jpg","width":2048,"height":1152},{"@type":"BreadcrumbList","@id":"https:\/\/iberbrasil.org.br\/blog\/2022\/03\/31\/iber-debate-os-desafios-da-execucao-e-comprovacao-da-logistica-reversa-em-conferencia-internacional\/#breadcrumb","itemListElement":[{"@type":"ListItem","position":1,"name":"Home","item":"https:\/\/iberbrasil.org.br\/blog\/"},{"@type":"ListItem","position":2,"name":"IBER debate os desafios da execu\u00e7\u00e3o e comprova\u00e7\u00e3o da Log\u00edstica Reversa em Confer\u00eancia internacional"}]},{"@type":"WebSite","@id":"\/#website","url":"\/","name":"IBER","description":"Instituto Brasileiro de Energia Recicl\u00e1vel","publisher":{"@id":"\/#organization"},"potentialAction":[{"@type":"SearchAction","target":{"@type":"EntryPoint","urlTemplate":"\/?s={search_term_string}"},"query-input":{"@type":"PropertyValueSpecification","valueRequired":true,"valueName":"search_term_string"}}],"inLanguage":"pt-BR"},{"@type":"Organization","@id":"\/#organization","name":"IBER Brasil","url":"\/","logo":{"@type":"ImageObject","inLanguage":"pt-BR","@id":"\/#\/schema\/logo\/image\/","url":"https:\/\/iberbrasil.org.br\/blog\/wp-content\/uploads\/2021\/01\/logo-iber-2.png","contentUrl":"https:\/\/iberbrasil.org.br\/blog\/wp-content\/uploads\/2021\/01\/logo-iber-2.png","width":317,"height":86,"caption":"IBER Brasil"},"image":{"@id":"\/#\/schema\/logo\/image\/"}},{"@type":"Person","@id":"\/#\/schema\/person\/a2f7e3afbce17246c983c91f86f4d7b8","name":"admin","image":{"@type":"ImageObject","inLanguage":"pt-BR","@id":"https:\/\/secure.gravatar.com\/avatar\/fa001a3b411f2335327a3fcf246a92536d0ac705fdf27b3e43401b6e4ffe5710?s=96&d=blank&r=g","url":"https:\/\/secure.gravatar.com\/avatar\/fa001a3b411f2335327a3fcf246a92536d0ac705fdf27b3e43401b6e4ffe5710?s=96&d=blank&r=g","contentUrl":"https:\/\/secure.gravatar.com\/avatar\/fa001a3b411f2335327a3fcf246a92536d0ac705fdf27b3e43401b6e4ffe5710?s=96&d=blank&r=g","caption":"admin"},"sameAs":["https:\/\/iberbrasil.org.br\/blog"],"url":"https:\/\/iberbrasil.org.br\/blog\/author\/admin\/"}]}},"_links":{"self":[{"href":"https:\/\/iberbrasil.org.br\/blog\/wp-json\/wp\/v2\/posts\/11544","targetHints":{"allow":["GET"]}}],"collection":[{"href":"https:\/\/iberbrasil.org.br\/blog\/wp-json\/wp\/v2\/posts"}],"about":[{"href":"https:\/\/iberbrasil.org.br\/blog\/wp-json\/wp\/v2\/types\/post"}],"author":[{"embeddable":true,"href":"https:\/\/iberbrasil.org.br\/blog\/wp-json\/wp\/v2\/users\/1"}],"replies":[{"embeddable":true,"href":"https:\/\/iberbrasil.org.br\/blog\/wp-json\/wp\/v2\/comments?post=11544"}],"version-history":[{"count":1,"href":"https:\/\/iberbrasil.org.br\/blog\/wp-json\/wp\/v2\/posts\/11544\/revisions"}],"predecessor-version":[{"id":11546,"href":"https:\/\/iberbrasil.org.br\/blog\/wp-json\/wp\/v2\/posts\/11544\/revisions\/11546"}],"wp:featuredmedia":[{"embeddable":true,"href":"https:\/\/iberbrasil.org.br\/blog\/wp-json\/wp\/v2\/media\/11545"}],"wp:attachment":[{"href":"https:\/\/iberbrasil.org.br\/blog\/wp-json\/wp\/v2\/media?parent=11544"}],"wp:term":[{"taxonomy":"category","embeddable":true,"href":"https:\/\/iberbrasil.org.br\/blog\/wp-json\/wp\/v2\/categories?post=11544"},{"taxonomy":"post_tag","embeddable":true,"href":"https:\/\/iberbrasil.org.br\/blog\/wp-json\/wp\/v2\/tags?post=11544"}],"curies":[{"name":"wp","href":"https:\/\/api.w.org\/{rel}","templated":true}]}}