{"id":11504,"date":"2022-03-17T14:51:10","date_gmt":"2022-03-17T17:51:10","guid":{"rendered":"https:\/\/iberbrasil.org.br\/blog\/?p=11504"},"modified":"2022-03-17T14:51:10","modified_gmt":"2022-03-17T17:51:10","slug":"iber-celebra-primeira-adesao-de-consumidor-pessoa-juridica-em-seu-aplicativo-de-logistica-reversa","status":"publish","type":"post","link":"https:\/\/iberbrasil.org.br\/blog\/2022\/03\/17\/iber-celebra-primeira-adesao-de-consumidor-pessoa-juridica-em-seu-aplicativo-de-logistica-reversa\/","title":{"rendered":"IBER celebra primeira ades\u00e3o de consumidor Pessoa Jur\u00eddica em seu aplicativo de Log\u00edstica Reversa"},"content":{"rendered":"<p>A ades\u00e3o \u00e9 um diferencial competitivo e uma garantia de que a organiza\u00e7\u00e3o passa a atender a legisla\u00e7\u00e3o vigente, contando com uma ferramenta pr\u00e1tica, \u00e1gil e segura.<\/p>\n<p>Mais confiabilidade, tecnologia e seguran\u00e7a na comprova\u00e7\u00e3o da Log\u00edstica Reversa. O Instituto Brasileiro de Energia Recicl\u00e1vel &#8211; IBER registrou a primeira ades\u00e3o ao seu aplicativo de um consumidor com Cadastro Nacional de Pessoa Jur\u00eddica (CNPJ) &#8211; empresa que consome baterias chumbo-\u00e1cido e precisam destinar corretamente os res\u00edduos.<\/p>\n<p>A ades\u00e3o \u00e9 um diferencial competitivo e uma garantia de que a organiza\u00e7\u00e3o passa a atender a legisla\u00e7\u00e3o vigente. Ao se cadastrarem no aplicativo, os consumidores PJ passam a poder comprovar seus sistemas de forma simples e pr\u00e1tica, realizando o atendimento \u00e0 Pol\u00edtica Nacional de Res\u00edduos S\u00f3lidos (PNRS) de maneira gratuita.<\/p>\n<p>Outra vantagem importante \u00e9 que tamb\u00e9m passam a estar isentas de emitirem o MTR Nacional e documentos semelhantes em Estados com sistemas espec\u00edficos.<\/p>\n<p>A ades\u00e3o de consumidores Pessoa Jur\u00eddica refor\u00e7a a participa\u00e7\u00e3o de todos os elos da cadeia produtiva de baterias chumbo-\u00e1cido no Sistema de Log\u00edstica Reversa. Movimento que consolida o segmento como refer\u00eancia na ado\u00e7\u00e3o de pr\u00e1ticas sustent\u00e1veis e de prote\u00e7\u00e3o ao Meio Ambiente e \u00e0 Sa\u00fade dos brasileiros.<\/p>\n","protected":false},"excerpt":{"rendered":"<p>A ades\u00e3o \u00e9 um diferencial competitivo e uma garantia de que a organiza\u00e7\u00e3o passa a atender a legisla\u00e7\u00e3o vigente, contando com uma ferramenta pr\u00e1tica, \u00e1gil e segura. Mais confiabilidade, tecnologia e seguran\u00e7a na comprova\u00e7\u00e3o da Log\u00edstica Reversa. O Instituto Brasileiro de Energia Recicl\u00e1vel &#8211; IBER registrou a primeira ades\u00e3o ao seu aplicativo de um consumidor [&hellip;]<\/p>\n","protected":false},"author":1,"featured_media":11505,"comment_status":"open","ping_status":"open","sticky":false,"template":"","format":"standard","meta":{"footnotes":""},"categories":[30,24,81,77,63,62],"tags":[],"class_list":["post-11504","post","type-post","status-publish","format-standard","has-post-thumbnail","hentry","category-ambiental","category-destaques","category-gestao","category-logistica-reversa","category-midias","category-noticias"],"yoast_head":"<!-- This site is optimized with the Yoast SEO plugin v27.3 - https:\/\/yoast.com\/product\/yoast-seo-wordpress\/ -->\n<title>IBER celebra primeira ades\u00e3o de consumidor Pessoa Jur\u00eddica em seu aplicativo de Log\u00edstica Reversa &#8226; IBER<\/title>\n<meta name=\"robots\" content=\"index, follow, max-snippet:-1, max-image-preview:large, max-video-preview:-1\" \/>\n<link rel=\"canonical\" href=\"https:\/\/iberbrasil.org.br\/blog\/2022\/03\/17\/iber-celebra-primeira-adesao-de-consumidor-pessoa-juridica-em-seu-aplicativo-de-logistica-reversa\/\" \/>\n<meta property=\"og:locale\" content=\"pt_BR\" \/>\n<meta property=\"og:type\" content=\"article\" \/>\n<meta property=\"og:title\" content=\"IBER celebra primeira ades\u00e3o de consumidor Pessoa Jur\u00eddica em seu aplicativo de Log\u00edstica Reversa &#8226; IBER\" \/>\n<meta property=\"og:description\" content=\"A ades\u00e3o \u00e9 um diferencial competitivo e uma garantia de que a organiza\u00e7\u00e3o passa a atender a legisla\u00e7\u00e3o vigente, contando com uma ferramenta pr\u00e1tica, \u00e1gil e segura. Mais confiabilidade, tecnologia e seguran\u00e7a na comprova\u00e7\u00e3o da Log\u00edstica Reversa. O Instituto Brasileiro de Energia Recicl\u00e1vel &#8211; IBER registrou a primeira ades\u00e3o ao seu aplicativo de um consumidor [&hellip;]\" \/>\n<meta property=\"og:url\" content=\"https:\/\/iberbrasil.org.br\/blog\/2022\/03\/17\/iber-celebra-primeira-adesao-de-consumidor-pessoa-juridica-em-seu-aplicativo-de-logistica-reversa\/\" \/>\n<meta property=\"og:site_name\" content=\"IBER\" \/>\n<meta property=\"article:published_time\" content=\"2022-03-17T17:51:10+00:00\" \/>\n<meta property=\"og:image\" content=\"https:\/\/iberbrasil.org.br\/blog\/wp-content\/uploads\/2022\/03\/Cardmarco.jpg\" \/>\n\t<meta property=\"og:image:width\" content=\"1200\" \/>\n\t<meta property=\"og:image:height\" content=\"1200\" \/>\n\t<meta property=\"og:image:type\" content=\"image\/jpeg\" \/>\n<meta name=\"author\" content=\"admin\" \/>\n<meta name=\"twitter:card\" content=\"summary_large_image\" \/>\n<meta name=\"twitter:label1\" content=\"Escrito por\" \/>\n\t<meta name=\"twitter:data1\" content=\"admin\" \/>\n\t<meta name=\"twitter:label2\" content=\"Est. tempo de leitura\" \/>\n\t<meta name=\"twitter:data2\" content=\"1 minuto\" \/>\n<script type=\"application\/ld+json\" class=\"yoast-schema-graph\">{\"@context\":\"https:\\\/\\\/schema.org\",\"@graph\":[{\"@type\":\"Article\",\"@id\":\"https:\\\/\\\/iberbrasil.org.br\\\/blog\\\/2022\\\/03\\\/17\\\/iber-celebra-primeira-adesao-de-consumidor-pessoa-juridica-em-seu-aplicativo-de-logistica-reversa\\\/#article\",\"isPartOf\":{\"@id\":\"https:\\\/\\\/iberbrasil.org.br\\\/blog\\\/2022\\\/03\\\/17\\\/iber-celebra-primeira-adesao-de-consumidor-pessoa-juridica-em-seu-aplicativo-de-logistica-reversa\\\/\"},\"author\":{\"name\":\"admin\",\"@id\":\"\\\/#\\\/schema\\\/person\\\/a2f7e3afbce17246c983c91f86f4d7b8\"},\"headline\":\"IBER celebra primeira ades\u00e3o de consumidor Pessoa Jur\u00eddica em seu aplicativo de Log\u00edstica Reversa\",\"datePublished\":\"2022-03-17T17:51:10+00:00\",\"mainEntityOfPage\":{\"@id\":\"https:\\\/\\\/iberbrasil.org.br\\\/blog\\\/2022\\\/03\\\/17\\\/iber-celebra-primeira-adesao-de-consumidor-pessoa-juridica-em-seu-aplicativo-de-logistica-reversa\\\/\"},\"wordCount\":240,\"commentCount\":0,\"publisher\":{\"@id\":\"\\\/#organization\"},\"image\":{\"@id\":\"https:\\\/\\\/iberbrasil.org.br\\\/blog\\\/2022\\\/03\\\/17\\\/iber-celebra-primeira-adesao-de-consumidor-pessoa-juridica-em-seu-aplicativo-de-logistica-reversa\\\/#primaryimage\"},\"thumbnailUrl\":\"https:\\\/\\\/iberbrasil.org.br\\\/blog\\\/wp-content\\\/uploads\\\/2022\\\/03\\\/Cardmarco.jpg\",\"articleSection\":[\"Ambiental\",\"Destaques\",\"gest\u00e3o\",\"Log\u00edstica Reversa\",\"M\u00eddias\",\"Not\u00edcias\"],\"inLanguage\":\"pt-BR\",\"potentialAction\":[{\"@type\":\"CommentAction\",\"name\":\"Comment\",\"target\":[\"https:\\\/\\\/iberbrasil.org.br\\\/blog\\\/2022\\\/03\\\/17\\\/iber-celebra-primeira-adesao-de-consumidor-pessoa-juridica-em-seu-aplicativo-de-logistica-reversa\\\/#respond\"]}]},{\"@type\":\"WebPage\",\"@id\":\"https:\\\/\\\/iberbrasil.org.br\\\/blog\\\/2022\\\/03\\\/17\\\/iber-celebra-primeira-adesao-de-consumidor-pessoa-juridica-em-seu-aplicativo-de-logistica-reversa\\\/\",\"url\":\"https:\\\/\\\/iberbrasil.org.br\\\/blog\\\/2022\\\/03\\\/17\\\/iber-celebra-primeira-adesao-de-consumidor-pessoa-juridica-em-seu-aplicativo-de-logistica-reversa\\\/\",\"name\":\"IBER celebra primeira ades\u00e3o de consumidor Pessoa Jur\u00eddica em seu aplicativo de Log\u00edstica Reversa &#8226; IBER\",\"isPartOf\":{\"@id\":\"\\\/#website\"},\"primaryImageOfPage\":{\"@id\":\"https:\\\/\\\/iberbrasil.org.br\\\/blog\\\/2022\\\/03\\\/17\\\/iber-celebra-primeira-adesao-de-consumidor-pessoa-juridica-em-seu-aplicativo-de-logistica-reversa\\\/#primaryimage\"},\"image\":{\"@id\":\"https:\\\/\\\/iberbrasil.org.br\\\/blog\\\/2022\\\/03\\\/17\\\/iber-celebra-primeira-adesao-de-consumidor-pessoa-juridica-em-seu-aplicativo-de-logistica-reversa\\\/#primaryimage\"},\"thumbnailUrl\":\"https:\\\/\\\/iberbrasil.org.br\\\/blog\\\/wp-content\\\/uploads\\\/2022\\\/03\\\/Cardmarco.jpg\",\"datePublished\":\"2022-03-17T17:51:10+00:00\",\"breadcrumb\":{\"@id\":\"https:\\\/\\\/iberbrasil.org.br\\\/blog\\\/2022\\\/03\\\/17\\\/iber-celebra-primeira-adesao-de-consumidor-pessoa-juridica-em-seu-aplicativo-de-logistica-reversa\\\/#breadcrumb\"},\"inLanguage\":\"pt-BR\",\"potentialAction\":[{\"@type\":\"ReadAction\",\"target\":[\"https:\\\/\\\/iberbrasil.org.br\\\/blog\\\/2022\\\/03\\\/17\\\/iber-celebra-primeira-adesao-de-consumidor-pessoa-juridica-em-seu-aplicativo-de-logistica-reversa\\\/\"]}]},{\"@type\":\"ImageObject\",\"inLanguage\":\"pt-BR\",\"@id\":\"https:\\\/\\\/iberbrasil.org.br\\\/blog\\\/2022\\\/03\\\/17\\\/iber-celebra-primeira-adesao-de-consumidor-pessoa-juridica-em-seu-aplicativo-de-logistica-reversa\\\/#primaryimage\",\"url\":\"https:\\\/\\\/iberbrasil.org.br\\\/blog\\\/wp-content\\\/uploads\\\/2022\\\/03\\\/Cardmarco.jpg\",\"contentUrl\":\"https:\\\/\\\/iberbrasil.org.br\\\/blog\\\/wp-content\\\/uploads\\\/2022\\\/03\\\/Cardmarco.jpg\",\"width\":1200,\"height\":1200},{\"@type\":\"BreadcrumbList\",\"@id\":\"https:\\\/\\\/iberbrasil.org.br\\\/blog\\\/2022\\\/03\\\/17\\\/iber-celebra-primeira-adesao-de-consumidor-pessoa-juridica-em-seu-aplicativo-de-logistica-reversa\\\/#breadcrumb\",\"itemListElement\":[{\"@type\":\"ListItem\",\"position\":1,\"name\":\"Home\",\"item\":\"https:\\\/\\\/iberbrasil.org.br\\\/blog\\\/\"},{\"@type\":\"ListItem\",\"position\":2,\"name\":\"IBER celebra primeira ades\u00e3o de consumidor Pessoa Jur\u00eddica em seu aplicativo de Log\u00edstica Reversa\"}]},{\"@type\":\"WebSite\",\"@id\":\"\\\/#website\",\"url\":\"\\\/\",\"name\":\"IBER\",\"description\":\"Instituto Brasileiro de Energia Recicl\u00e1vel\",\"publisher\":{\"@id\":\"\\\/#organization\"},\"potentialAction\":[{\"@type\":\"SearchAction\",\"target\":{\"@type\":\"EntryPoint\",\"urlTemplate\":\"\\\/?s={search_term_string}\"},\"query-input\":{\"@type\":\"PropertyValueSpecification\",\"valueRequired\":true,\"valueName\":\"search_term_string\"}}],\"inLanguage\":\"pt-BR\"},{\"@type\":\"Organization\",\"@id\":\"\\\/#organization\",\"name\":\"IBER Brasil\",\"url\":\"\\\/\",\"logo\":{\"@type\":\"ImageObject\",\"inLanguage\":\"pt-BR\",\"@id\":\"\\\/#\\\/schema\\\/logo\\\/image\\\/\",\"url\":\"https:\\\/\\\/iberbrasil.org.br\\\/blog\\\/wp-content\\\/uploads\\\/2021\\\/01\\\/logo-iber-2.png\",\"contentUrl\":\"https:\\\/\\\/iberbrasil.org.br\\\/blog\\\/wp-content\\\/uploads\\\/2021\\\/01\\\/logo-iber-2.png\",\"width\":317,\"height\":86,\"caption\":\"IBER Brasil\"},\"image\":{\"@id\":\"\\\/#\\\/schema\\\/logo\\\/image\\\/\"}},{\"@type\":\"Person\",\"@id\":\"\\\/#\\\/schema\\\/person\\\/a2f7e3afbce17246c983c91f86f4d7b8\",\"name\":\"admin\",\"image\":{\"@type\":\"ImageObject\",\"inLanguage\":\"pt-BR\",\"@id\":\"https:\\\/\\\/secure.gravatar.com\\\/avatar\\\/fa001a3b411f2335327a3fcf246a92536d0ac705fdf27b3e43401b6e4ffe5710?s=96&d=blank&r=g\",\"url\":\"https:\\\/\\\/secure.gravatar.com\\\/avatar\\\/fa001a3b411f2335327a3fcf246a92536d0ac705fdf27b3e43401b6e4ffe5710?s=96&d=blank&r=g\",\"contentUrl\":\"https:\\\/\\\/secure.gravatar.com\\\/avatar\\\/fa001a3b411f2335327a3fcf246a92536d0ac705fdf27b3e43401b6e4ffe5710?s=96&d=blank&r=g\",\"caption\":\"admin\"},\"sameAs\":[\"https:\\\/\\\/iberbrasil.org.br\\\/blog\"],\"url\":\"https:\\\/\\\/iberbrasil.org.br\\\/blog\\\/author\\\/admin\\\/\"}]}<\/script>\n<!-- \/ Yoast SEO plugin. -->","yoast_head_json":{"title":"IBER celebra primeira ades\u00e3o de consumidor Pessoa Jur\u00eddica em seu aplicativo de Log\u00edstica Reversa &#8226; IBER","robots":{"index":"index","follow":"follow","max-snippet":"max-snippet:-1","max-image-preview":"max-image-preview:large","max-video-preview":"max-video-preview:-1"},"canonical":"https:\/\/iberbrasil.org.br\/blog\/2022\/03\/17\/iber-celebra-primeira-adesao-de-consumidor-pessoa-juridica-em-seu-aplicativo-de-logistica-reversa\/","og_locale":"pt_BR","og_type":"article","og_title":"IBER celebra primeira ades\u00e3o de consumidor Pessoa Jur\u00eddica em seu aplicativo de Log\u00edstica Reversa &#8226; IBER","og_description":"A ades\u00e3o \u00e9 um diferencial competitivo e uma garantia de que a organiza\u00e7\u00e3o passa a atender a legisla\u00e7\u00e3o vigente, contando com uma ferramenta pr\u00e1tica, \u00e1gil e segura. Mais confiabilidade, tecnologia e seguran\u00e7a na comprova\u00e7\u00e3o da Log\u00edstica Reversa. O Instituto Brasileiro de Energia Recicl\u00e1vel &#8211; IBER registrou a primeira ades\u00e3o ao seu aplicativo de um consumidor [&hellip;]","og_url":"https:\/\/iberbrasil.org.br\/blog\/2022\/03\/17\/iber-celebra-primeira-adesao-de-consumidor-pessoa-juridica-em-seu-aplicativo-de-logistica-reversa\/","og_site_name":"IBER","article_published_time":"2022-03-17T17:51:10+00:00","og_image":[{"width":1200,"height":1200,"url":"https:\/\/iberbrasil.org.br\/blog\/wp-content\/uploads\/2022\/03\/Cardmarco.jpg","type":"image\/jpeg"}],"author":"admin","twitter_card":"summary_large_image","twitter_misc":{"Escrito por":"admin","Est. tempo de leitura":"1 minuto"},"schema":{"@context":"https:\/\/schema.org","@graph":[{"@type":"Article","@id":"https:\/\/iberbrasil.org.br\/blog\/2022\/03\/17\/iber-celebra-primeira-adesao-de-consumidor-pessoa-juridica-em-seu-aplicativo-de-logistica-reversa\/#article","isPartOf":{"@id":"https:\/\/iberbrasil.org.br\/blog\/2022\/03\/17\/iber-celebra-primeira-adesao-de-consumidor-pessoa-juridica-em-seu-aplicativo-de-logistica-reversa\/"},"author":{"name":"admin","@id":"\/#\/schema\/person\/a2f7e3afbce17246c983c91f86f4d7b8"},"headline":"IBER celebra primeira ades\u00e3o de consumidor Pessoa Jur\u00eddica em seu aplicativo de Log\u00edstica Reversa","datePublished":"2022-03-17T17:51:10+00:00","mainEntityOfPage":{"@id":"https:\/\/iberbrasil.org.br\/blog\/2022\/03\/17\/iber-celebra-primeira-adesao-de-consumidor-pessoa-juridica-em-seu-aplicativo-de-logistica-reversa\/"},"wordCount":240,"commentCount":0,"publisher":{"@id":"\/#organization"},"image":{"@id":"https:\/\/iberbrasil.org.br\/blog\/2022\/03\/17\/iber-celebra-primeira-adesao-de-consumidor-pessoa-juridica-em-seu-aplicativo-de-logistica-reversa\/#primaryimage"},"thumbnailUrl":"https:\/\/iberbrasil.org.br\/blog\/wp-content\/uploads\/2022\/03\/Cardmarco.jpg","articleSection":["Ambiental","Destaques","gest\u00e3o","Log\u00edstica Reversa","M\u00eddias","Not\u00edcias"],"inLanguage":"pt-BR","potentialAction":[{"@type":"CommentAction","name":"Comment","target":["https:\/\/iberbrasil.org.br\/blog\/2022\/03\/17\/iber-celebra-primeira-adesao-de-consumidor-pessoa-juridica-em-seu-aplicativo-de-logistica-reversa\/#respond"]}]},{"@type":"WebPage","@id":"https:\/\/iberbrasil.org.br\/blog\/2022\/03\/17\/iber-celebra-primeira-adesao-de-consumidor-pessoa-juridica-em-seu-aplicativo-de-logistica-reversa\/","url":"https:\/\/iberbrasil.org.br\/blog\/2022\/03\/17\/iber-celebra-primeira-adesao-de-consumidor-pessoa-juridica-em-seu-aplicativo-de-logistica-reversa\/","name":"IBER celebra primeira ades\u00e3o de consumidor Pessoa Jur\u00eddica em seu aplicativo de Log\u00edstica Reversa &#8226; IBER","isPartOf":{"@id":"\/#website"},"primaryImageOfPage":{"@id":"https:\/\/iberbrasil.org.br\/blog\/2022\/03\/17\/iber-celebra-primeira-adesao-de-consumidor-pessoa-juridica-em-seu-aplicativo-de-logistica-reversa\/#primaryimage"},"image":{"@id":"https:\/\/iberbrasil.org.br\/blog\/2022\/03\/17\/iber-celebra-primeira-adesao-de-consumidor-pessoa-juridica-em-seu-aplicativo-de-logistica-reversa\/#primaryimage"},"thumbnailUrl":"https:\/\/iberbrasil.org.br\/blog\/wp-content\/uploads\/2022\/03\/Cardmarco.jpg","datePublished":"2022-03-17T17:51:10+00:00","breadcrumb":{"@id":"https:\/\/iberbrasil.org.br\/blog\/2022\/03\/17\/iber-celebra-primeira-adesao-de-consumidor-pessoa-juridica-em-seu-aplicativo-de-logistica-reversa\/#breadcrumb"},"inLanguage":"pt-BR","potentialAction":[{"@type":"ReadAction","target":["https:\/\/iberbrasil.org.br\/blog\/2022\/03\/17\/iber-celebra-primeira-adesao-de-consumidor-pessoa-juridica-em-seu-aplicativo-de-logistica-reversa\/"]}]},{"@type":"ImageObject","inLanguage":"pt-BR","@id":"https:\/\/iberbrasil.org.br\/blog\/2022\/03\/17\/iber-celebra-primeira-adesao-de-consumidor-pessoa-juridica-em-seu-aplicativo-de-logistica-reversa\/#primaryimage","url":"https:\/\/iberbrasil.org.br\/blog\/wp-content\/uploads\/2022\/03\/Cardmarco.jpg","contentUrl":"https:\/\/iberbrasil.org.br\/blog\/wp-content\/uploads\/2022\/03\/Cardmarco.jpg","width":1200,"height":1200},{"@type":"BreadcrumbList","@id":"https:\/\/iberbrasil.org.br\/blog\/2022\/03\/17\/iber-celebra-primeira-adesao-de-consumidor-pessoa-juridica-em-seu-aplicativo-de-logistica-reversa\/#breadcrumb","itemListElement":[{"@type":"ListItem","position":1,"name":"Home","item":"https:\/\/iberbrasil.org.br\/blog\/"},{"@type":"ListItem","position":2,"name":"IBER celebra primeira ades\u00e3o de consumidor Pessoa Jur\u00eddica em seu aplicativo de Log\u00edstica Reversa"}]},{"@type":"WebSite","@id":"\/#website","url":"\/","name":"IBER","description":"Instituto Brasileiro de Energia Recicl\u00e1vel","publisher":{"@id":"\/#organization"},"potentialAction":[{"@type":"SearchAction","target":{"@type":"EntryPoint","urlTemplate":"\/?s={search_term_string}"},"query-input":{"@type":"PropertyValueSpecification","valueRequired":true,"valueName":"search_term_string"}}],"inLanguage":"pt-BR"},{"@type":"Organization","@id":"\/#organization","name":"IBER Brasil","url":"\/","logo":{"@type":"ImageObject","inLanguage":"pt-BR","@id":"\/#\/schema\/logo\/image\/","url":"https:\/\/iberbrasil.org.br\/blog\/wp-content\/uploads\/2021\/01\/logo-iber-2.png","contentUrl":"https:\/\/iberbrasil.org.br\/blog\/wp-content\/uploads\/2021\/01\/logo-iber-2.png","width":317,"height":86,"caption":"IBER Brasil"},"image":{"@id":"\/#\/schema\/logo\/image\/"}},{"@type":"Person","@id":"\/#\/schema\/person\/a2f7e3afbce17246c983c91f86f4d7b8","name":"admin","image":{"@type":"ImageObject","inLanguage":"pt-BR","@id":"https:\/\/secure.gravatar.com\/avatar\/fa001a3b411f2335327a3fcf246a92536d0ac705fdf27b3e43401b6e4ffe5710?s=96&d=blank&r=g","url":"https:\/\/secure.gravatar.com\/avatar\/fa001a3b411f2335327a3fcf246a92536d0ac705fdf27b3e43401b6e4ffe5710?s=96&d=blank&r=g","contentUrl":"https:\/\/secure.gravatar.com\/avatar\/fa001a3b411f2335327a3fcf246a92536d0ac705fdf27b3e43401b6e4ffe5710?s=96&d=blank&r=g","caption":"admin"},"sameAs":["https:\/\/iberbrasil.org.br\/blog"],"url":"https:\/\/iberbrasil.org.br\/blog\/author\/admin\/"}]}},"_links":{"self":[{"href":"https:\/\/iberbrasil.org.br\/blog\/wp-json\/wp\/v2\/posts\/11504","targetHints":{"allow":["GET"]}}],"collection":[{"href":"https:\/\/iberbrasil.org.br\/blog\/wp-json\/wp\/v2\/posts"}],"about":[{"href":"https:\/\/iberbrasil.org.br\/blog\/wp-json\/wp\/v2\/types\/post"}],"author":[{"embeddable":true,"href":"https:\/\/iberbrasil.org.br\/blog\/wp-json\/wp\/v2\/users\/1"}],"replies":[{"embeddable":true,"href":"https:\/\/iberbrasil.org.br\/blog\/wp-json\/wp\/v2\/comments?post=11504"}],"version-history":[{"count":1,"href":"https:\/\/iberbrasil.org.br\/blog\/wp-json\/wp\/v2\/posts\/11504\/revisions"}],"predecessor-version":[{"id":11506,"href":"https:\/\/iberbrasil.org.br\/blog\/wp-json\/wp\/v2\/posts\/11504\/revisions\/11506"}],"wp:featuredmedia":[{"embeddable":true,"href":"https:\/\/iberbrasil.org.br\/blog\/wp-json\/wp\/v2\/media\/11505"}],"wp:attachment":[{"href":"https:\/\/iberbrasil.org.br\/blog\/wp-json\/wp\/v2\/media?parent=11504"}],"wp:term":[{"taxonomy":"category","embeddable":true,"href":"https:\/\/iberbrasil.org.br\/blog\/wp-json\/wp\/v2\/categories?post=11504"},{"taxonomy":"post_tag","embeddable":true,"href":"https:\/\/iberbrasil.org.br\/blog\/wp-json\/wp\/v2\/tags?post=11504"}],"curies":[{"name":"wp","href":"https:\/\/api.w.org\/{rel}","templated":true}]}}