{"id":10717,"date":"2022-01-26T17:39:32","date_gmt":"2022-01-26T20:39:32","guid":{"rendered":"https:\/\/iberbrasil.org.br\/blog\/?p=10717"},"modified":"2022-01-26T17:39:33","modified_gmt":"2022-01-26T20:39:33","slug":"iber-conclui-cadastro-de-seus-associados-na-plataforma-contabilizando-residuos-do-parana","status":"publish","type":"post","link":"https:\/\/iberbrasil.org.br\/blog\/2022\/01\/26\/iber-conclui-cadastro-de-seus-associados-na-plataforma-contabilizando-residuos-do-parana\/","title":{"rendered":"IBER conclui cadastro de seus associados na plataforma Contabilizando Res\u00edduos, do Paran\u00e1"},"content":{"rendered":"\n<p><\/p>\n\n\n\n<p><em>O trabalho do IBER foi respons\u00e1vel por dispensar as empresas associadas de apresentar seus planos e dados de maneira individual.<\/em><\/p>\n\n\n\n<p>A equipe t\u00e9cnica do Instituto Brasileiro de Energia Recicl\u00e1vel &#8211; IBER j\u00e1 concluiu todos os cadastros das empresas associadas com opera\u00e7\u00f5es no Estado do Paran\u00e1 na nova plataforma Contabilizando Res\u00edduos. As informa\u00e7\u00f5es repassadas pela entidade gestora est\u00e3o agora em an\u00e1lise pela Secretaria de Estado do Desenvolvimento Sustent\u00e1vel e do Turismo (Sedest).<\/p>\n\n\n\n<p>A plataforma digital Contabilizando Res\u00edduos foi institu\u00edda, em julho do ano passado, como novo Sistema Estadual de Informa\u00e7\u00f5es sobre Res\u00edduos S\u00f3lidos, atrav\u00e9s da Resolu\u00e7\u00e3o Conjunta SEDEST\/IAT n\u00ba 020\/2021.<\/p>\n\n\n\n<p>A ferramenta ser\u00e1 respons\u00e1vel por coletar e armazenar todos os dados da gest\u00e3o de res\u00edduos em cada cidade, avaliando a efici\u00eancia do trabalho das gest\u00f5es municipais. Assim como ampliar a fiscaliza\u00e7\u00e3o e monitoramento das empresas que s\u00e3o obrigadas a estruturar sistemas de Log\u00edstica Reversa.<\/p>\n\n\n\n<p>O novo conjunto de dados permitir\u00e1 uma an\u00e1lise das a\u00e7\u00f5es realizadas por todos os atores do ecossistema: Poder P\u00fablico, empresas, \u00f3rg\u00e3os de fiscaliza\u00e7\u00e3o e entidades gestoras. A intelig\u00eancia na gest\u00e3o dos dados permitir\u00e1 tra\u00e7ar inova\u00e7\u00f5es, corre\u00e7\u00f5es, ampliar iniciativas bem sucedidas e direcionar a\u00e7\u00f5es de fiscaliza\u00e7\u00e3o.<\/p>\n\n\n\n<p>O trabalho do IBER foi respons\u00e1vel por representar as empresas associadas perante o \u00f3rg\u00e3o estadual, sendo assim, estas ficam dispensadas de apresentar seus planos e dados de maneira individual.<\/p>\n","protected":false},"excerpt":{"rendered":"<p>O trabalho do IBER foi respons\u00e1vel por dispensar as empresas associadas de apresentar seus planos e dados de maneira individual. A equipe t\u00e9cnica do Instituto Brasileiro de Energia Recicl\u00e1vel &#8211; IBER j\u00e1 concluiu todos os cadastros das empresas associadas com opera\u00e7\u00f5es no Estado do Paran\u00e1 na nova plataforma Contabilizando Res\u00edduos. As informa\u00e7\u00f5es repassadas pela entidade [&hellip;]<\/p>\n","protected":false},"author":1,"featured_media":0,"comment_status":"open","ping_status":"open","sticky":false,"template":"","format":"standard","meta":{"footnotes":""},"categories":[1],"tags":[],"class_list":["post-10717","post","type-post","status-publish","format-standard","hentry","category-sem-categoria"],"yoast_head":"<!-- This site is optimized with the Yoast SEO plugin v27.3 - https:\/\/yoast.com\/product\/yoast-seo-wordpress\/ -->\n<title>IBER conclui cadastro de seus associados na plataforma Contabilizando Res\u00edduos, do Paran\u00e1 &#8226; IBER<\/title>\n<meta name=\"robots\" content=\"index, follow, max-snippet:-1, max-image-preview:large, max-video-preview:-1\" \/>\n<link rel=\"canonical\" href=\"https:\/\/iberbrasil.org.br\/blog\/2022\/01\/26\/iber-conclui-cadastro-de-seus-associados-na-plataforma-contabilizando-residuos-do-parana\/\" \/>\n<meta property=\"og:locale\" content=\"pt_BR\" \/>\n<meta property=\"og:type\" content=\"article\" \/>\n<meta property=\"og:title\" content=\"IBER conclui cadastro de seus associados na plataforma Contabilizando Res\u00edduos, do Paran\u00e1 &#8226; IBER\" \/>\n<meta property=\"og:description\" content=\"O trabalho do IBER foi respons\u00e1vel por dispensar as empresas associadas de apresentar seus planos e dados de maneira individual. A equipe t\u00e9cnica do Instituto Brasileiro de Energia Recicl\u00e1vel &#8211; IBER j\u00e1 concluiu todos os cadastros das empresas associadas com opera\u00e7\u00f5es no Estado do Paran\u00e1 na nova plataforma Contabilizando Res\u00edduos. As informa\u00e7\u00f5es repassadas pela entidade [&hellip;]\" \/>\n<meta property=\"og:url\" content=\"https:\/\/iberbrasil.org.br\/blog\/2022\/01\/26\/iber-conclui-cadastro-de-seus-associados-na-plataforma-contabilizando-residuos-do-parana\/\" \/>\n<meta property=\"og:site_name\" content=\"IBER\" \/>\n<meta property=\"article:published_time\" content=\"2022-01-26T20:39:32+00:00\" \/>\n<meta property=\"article:modified_time\" content=\"2022-01-26T20:39:33+00:00\" \/>\n<meta name=\"author\" content=\"admin\" \/>\n<meta name=\"twitter:card\" content=\"summary_large_image\" \/>\n<meta name=\"twitter:label1\" content=\"Escrito por\" \/>\n\t<meta name=\"twitter:data1\" content=\"admin\" \/>\n\t<meta name=\"twitter:label2\" content=\"Est. tempo de leitura\" \/>\n\t<meta name=\"twitter:data2\" content=\"1 minuto\" \/>\n<script type=\"application\/ld+json\" class=\"yoast-schema-graph\">{\"@context\":\"https:\\\/\\\/schema.org\",\"@graph\":[{\"@type\":\"Article\",\"@id\":\"https:\\\/\\\/iberbrasil.org.br\\\/blog\\\/2022\\\/01\\\/26\\\/iber-conclui-cadastro-de-seus-associados-na-plataforma-contabilizando-residuos-do-parana\\\/#article\",\"isPartOf\":{\"@id\":\"https:\\\/\\\/iberbrasil.org.br\\\/blog\\\/2022\\\/01\\\/26\\\/iber-conclui-cadastro-de-seus-associados-na-plataforma-contabilizando-residuos-do-parana\\\/\"},\"author\":{\"name\":\"admin\",\"@id\":\"\\\/#\\\/schema\\\/person\\\/a2f7e3afbce17246c983c91f86f4d7b8\"},\"headline\":\"IBER conclui cadastro de seus associados na plataforma Contabilizando Res\u00edduos, do Paran\u00e1\",\"datePublished\":\"2022-01-26T20:39:32+00:00\",\"dateModified\":\"2022-01-26T20:39:33+00:00\",\"mainEntityOfPage\":{\"@id\":\"https:\\\/\\\/iberbrasil.org.br\\\/blog\\\/2022\\\/01\\\/26\\\/iber-conclui-cadastro-de-seus-associados-na-plataforma-contabilizando-residuos-do-parana\\\/\"},\"wordCount\":268,\"commentCount\":0,\"publisher\":{\"@id\":\"\\\/#organization\"},\"inLanguage\":\"pt-BR\",\"potentialAction\":[{\"@type\":\"CommentAction\",\"name\":\"Comment\",\"target\":[\"https:\\\/\\\/iberbrasil.org.br\\\/blog\\\/2022\\\/01\\\/26\\\/iber-conclui-cadastro-de-seus-associados-na-plataforma-contabilizando-residuos-do-parana\\\/#respond\"]}]},{\"@type\":\"WebPage\",\"@id\":\"https:\\\/\\\/iberbrasil.org.br\\\/blog\\\/2022\\\/01\\\/26\\\/iber-conclui-cadastro-de-seus-associados-na-plataforma-contabilizando-residuos-do-parana\\\/\",\"url\":\"https:\\\/\\\/iberbrasil.org.br\\\/blog\\\/2022\\\/01\\\/26\\\/iber-conclui-cadastro-de-seus-associados-na-plataforma-contabilizando-residuos-do-parana\\\/\",\"name\":\"IBER conclui cadastro de seus associados na plataforma Contabilizando Res\u00edduos, do Paran\u00e1 &#8226; IBER\",\"isPartOf\":{\"@id\":\"\\\/#website\"},\"datePublished\":\"2022-01-26T20:39:32+00:00\",\"dateModified\":\"2022-01-26T20:39:33+00:00\",\"breadcrumb\":{\"@id\":\"https:\\\/\\\/iberbrasil.org.br\\\/blog\\\/2022\\\/01\\\/26\\\/iber-conclui-cadastro-de-seus-associados-na-plataforma-contabilizando-residuos-do-parana\\\/#breadcrumb\"},\"inLanguage\":\"pt-BR\",\"potentialAction\":[{\"@type\":\"ReadAction\",\"target\":[\"https:\\\/\\\/iberbrasil.org.br\\\/blog\\\/2022\\\/01\\\/26\\\/iber-conclui-cadastro-de-seus-associados-na-plataforma-contabilizando-residuos-do-parana\\\/\"]}]},{\"@type\":\"BreadcrumbList\",\"@id\":\"https:\\\/\\\/iberbrasil.org.br\\\/blog\\\/2022\\\/01\\\/26\\\/iber-conclui-cadastro-de-seus-associados-na-plataforma-contabilizando-residuos-do-parana\\\/#breadcrumb\",\"itemListElement\":[{\"@type\":\"ListItem\",\"position\":1,\"name\":\"Home\",\"item\":\"https:\\\/\\\/iberbrasil.org.br\\\/blog\\\/\"},{\"@type\":\"ListItem\",\"position\":2,\"name\":\"IBER conclui cadastro de seus associados na plataforma Contabilizando Res\u00edduos, do Paran\u00e1\"}]},{\"@type\":\"WebSite\",\"@id\":\"\\\/#website\",\"url\":\"\\\/\",\"name\":\"IBER\",\"description\":\"Instituto Brasileiro de Energia Recicl\u00e1vel\",\"publisher\":{\"@id\":\"\\\/#organization\"},\"potentialAction\":[{\"@type\":\"SearchAction\",\"target\":{\"@type\":\"EntryPoint\",\"urlTemplate\":\"\\\/?s={search_term_string}\"},\"query-input\":{\"@type\":\"PropertyValueSpecification\",\"valueRequired\":true,\"valueName\":\"search_term_string\"}}],\"inLanguage\":\"pt-BR\"},{\"@type\":\"Organization\",\"@id\":\"\\\/#organization\",\"name\":\"IBER Brasil\",\"url\":\"\\\/\",\"logo\":{\"@type\":\"ImageObject\",\"inLanguage\":\"pt-BR\",\"@id\":\"\\\/#\\\/schema\\\/logo\\\/image\\\/\",\"url\":\"https:\\\/\\\/iberbrasil.org.br\\\/blog\\\/wp-content\\\/uploads\\\/2021\\\/01\\\/logo-iber-2.png\",\"contentUrl\":\"https:\\\/\\\/iberbrasil.org.br\\\/blog\\\/wp-content\\\/uploads\\\/2021\\\/01\\\/logo-iber-2.png\",\"width\":317,\"height\":86,\"caption\":\"IBER Brasil\"},\"image\":{\"@id\":\"\\\/#\\\/schema\\\/logo\\\/image\\\/\"}},{\"@type\":\"Person\",\"@id\":\"\\\/#\\\/schema\\\/person\\\/a2f7e3afbce17246c983c91f86f4d7b8\",\"name\":\"admin\",\"image\":{\"@type\":\"ImageObject\",\"inLanguage\":\"pt-BR\",\"@id\":\"https:\\\/\\\/secure.gravatar.com\\\/avatar\\\/fa001a3b411f2335327a3fcf246a92536d0ac705fdf27b3e43401b6e4ffe5710?s=96&d=blank&r=g\",\"url\":\"https:\\\/\\\/secure.gravatar.com\\\/avatar\\\/fa001a3b411f2335327a3fcf246a92536d0ac705fdf27b3e43401b6e4ffe5710?s=96&d=blank&r=g\",\"contentUrl\":\"https:\\\/\\\/secure.gravatar.com\\\/avatar\\\/fa001a3b411f2335327a3fcf246a92536d0ac705fdf27b3e43401b6e4ffe5710?s=96&d=blank&r=g\",\"caption\":\"admin\"},\"sameAs\":[\"https:\\\/\\\/iberbrasil.org.br\\\/blog\"],\"url\":\"https:\\\/\\\/iberbrasil.org.br\\\/blog\\\/author\\\/admin\\\/\"}]}<\/script>\n<!-- \/ Yoast SEO plugin. -->","yoast_head_json":{"title":"IBER conclui cadastro de seus associados na plataforma Contabilizando Res\u00edduos, do Paran\u00e1 &#8226; IBER","robots":{"index":"index","follow":"follow","max-snippet":"max-snippet:-1","max-image-preview":"max-image-preview:large","max-video-preview":"max-video-preview:-1"},"canonical":"https:\/\/iberbrasil.org.br\/blog\/2022\/01\/26\/iber-conclui-cadastro-de-seus-associados-na-plataforma-contabilizando-residuos-do-parana\/","og_locale":"pt_BR","og_type":"article","og_title":"IBER conclui cadastro de seus associados na plataforma Contabilizando Res\u00edduos, do Paran\u00e1 &#8226; IBER","og_description":"O trabalho do IBER foi respons\u00e1vel por dispensar as empresas associadas de apresentar seus planos e dados de maneira individual. A equipe t\u00e9cnica do Instituto Brasileiro de Energia Recicl\u00e1vel &#8211; IBER j\u00e1 concluiu todos os cadastros das empresas associadas com opera\u00e7\u00f5es no Estado do Paran\u00e1 na nova plataforma Contabilizando Res\u00edduos. As informa\u00e7\u00f5es repassadas pela entidade [&hellip;]","og_url":"https:\/\/iberbrasil.org.br\/blog\/2022\/01\/26\/iber-conclui-cadastro-de-seus-associados-na-plataforma-contabilizando-residuos-do-parana\/","og_site_name":"IBER","article_published_time":"2022-01-26T20:39:32+00:00","article_modified_time":"2022-01-26T20:39:33+00:00","author":"admin","twitter_card":"summary_large_image","twitter_misc":{"Escrito por":"admin","Est. tempo de leitura":"1 minuto"},"schema":{"@context":"https:\/\/schema.org","@graph":[{"@type":"Article","@id":"https:\/\/iberbrasil.org.br\/blog\/2022\/01\/26\/iber-conclui-cadastro-de-seus-associados-na-plataforma-contabilizando-residuos-do-parana\/#article","isPartOf":{"@id":"https:\/\/iberbrasil.org.br\/blog\/2022\/01\/26\/iber-conclui-cadastro-de-seus-associados-na-plataforma-contabilizando-residuos-do-parana\/"},"author":{"name":"admin","@id":"\/#\/schema\/person\/a2f7e3afbce17246c983c91f86f4d7b8"},"headline":"IBER conclui cadastro de seus associados na plataforma Contabilizando Res\u00edduos, do Paran\u00e1","datePublished":"2022-01-26T20:39:32+00:00","dateModified":"2022-01-26T20:39:33+00:00","mainEntityOfPage":{"@id":"https:\/\/iberbrasil.org.br\/blog\/2022\/01\/26\/iber-conclui-cadastro-de-seus-associados-na-plataforma-contabilizando-residuos-do-parana\/"},"wordCount":268,"commentCount":0,"publisher":{"@id":"\/#organization"},"inLanguage":"pt-BR","potentialAction":[{"@type":"CommentAction","name":"Comment","target":["https:\/\/iberbrasil.org.br\/blog\/2022\/01\/26\/iber-conclui-cadastro-de-seus-associados-na-plataforma-contabilizando-residuos-do-parana\/#respond"]}]},{"@type":"WebPage","@id":"https:\/\/iberbrasil.org.br\/blog\/2022\/01\/26\/iber-conclui-cadastro-de-seus-associados-na-plataforma-contabilizando-residuos-do-parana\/","url":"https:\/\/iberbrasil.org.br\/blog\/2022\/01\/26\/iber-conclui-cadastro-de-seus-associados-na-plataforma-contabilizando-residuos-do-parana\/","name":"IBER conclui cadastro de seus associados na plataforma Contabilizando Res\u00edduos, do Paran\u00e1 &#8226; IBER","isPartOf":{"@id":"\/#website"},"datePublished":"2022-01-26T20:39:32+00:00","dateModified":"2022-01-26T20:39:33+00:00","breadcrumb":{"@id":"https:\/\/iberbrasil.org.br\/blog\/2022\/01\/26\/iber-conclui-cadastro-de-seus-associados-na-plataforma-contabilizando-residuos-do-parana\/#breadcrumb"},"inLanguage":"pt-BR","potentialAction":[{"@type":"ReadAction","target":["https:\/\/iberbrasil.org.br\/blog\/2022\/01\/26\/iber-conclui-cadastro-de-seus-associados-na-plataforma-contabilizando-residuos-do-parana\/"]}]},{"@type":"BreadcrumbList","@id":"https:\/\/iberbrasil.org.br\/blog\/2022\/01\/26\/iber-conclui-cadastro-de-seus-associados-na-plataforma-contabilizando-residuos-do-parana\/#breadcrumb","itemListElement":[{"@type":"ListItem","position":1,"name":"Home","item":"https:\/\/iberbrasil.org.br\/blog\/"},{"@type":"ListItem","position":2,"name":"IBER conclui cadastro de seus associados na plataforma Contabilizando Res\u00edduos, do Paran\u00e1"}]},{"@type":"WebSite","@id":"\/#website","url":"\/","name":"IBER","description":"Instituto Brasileiro de Energia Recicl\u00e1vel","publisher":{"@id":"\/#organization"},"potentialAction":[{"@type":"SearchAction","target":{"@type":"EntryPoint","urlTemplate":"\/?s={search_term_string}"},"query-input":{"@type":"PropertyValueSpecification","valueRequired":true,"valueName":"search_term_string"}}],"inLanguage":"pt-BR"},{"@type":"Organization","@id":"\/#organization","name":"IBER Brasil","url":"\/","logo":{"@type":"ImageObject","inLanguage":"pt-BR","@id":"\/#\/schema\/logo\/image\/","url":"https:\/\/iberbrasil.org.br\/blog\/wp-content\/uploads\/2021\/01\/logo-iber-2.png","contentUrl":"https:\/\/iberbrasil.org.br\/blog\/wp-content\/uploads\/2021\/01\/logo-iber-2.png","width":317,"height":86,"caption":"IBER Brasil"},"image":{"@id":"\/#\/schema\/logo\/image\/"}},{"@type":"Person","@id":"\/#\/schema\/person\/a2f7e3afbce17246c983c91f86f4d7b8","name":"admin","image":{"@type":"ImageObject","inLanguage":"pt-BR","@id":"https:\/\/secure.gravatar.com\/avatar\/fa001a3b411f2335327a3fcf246a92536d0ac705fdf27b3e43401b6e4ffe5710?s=96&d=blank&r=g","url":"https:\/\/secure.gravatar.com\/avatar\/fa001a3b411f2335327a3fcf246a92536d0ac705fdf27b3e43401b6e4ffe5710?s=96&d=blank&r=g","contentUrl":"https:\/\/secure.gravatar.com\/avatar\/fa001a3b411f2335327a3fcf246a92536d0ac705fdf27b3e43401b6e4ffe5710?s=96&d=blank&r=g","caption":"admin"},"sameAs":["https:\/\/iberbrasil.org.br\/blog"],"url":"https:\/\/iberbrasil.org.br\/blog\/author\/admin\/"}]}},"_links":{"self":[{"href":"https:\/\/iberbrasil.org.br\/blog\/wp-json\/wp\/v2\/posts\/10717","targetHints":{"allow":["GET"]}}],"collection":[{"href":"https:\/\/iberbrasil.org.br\/blog\/wp-json\/wp\/v2\/posts"}],"about":[{"href":"https:\/\/iberbrasil.org.br\/blog\/wp-json\/wp\/v2\/types\/post"}],"author":[{"embeddable":true,"href":"https:\/\/iberbrasil.org.br\/blog\/wp-json\/wp\/v2\/users\/1"}],"replies":[{"embeddable":true,"href":"https:\/\/iberbrasil.org.br\/blog\/wp-json\/wp\/v2\/comments?post=10717"}],"version-history":[{"count":1,"href":"https:\/\/iberbrasil.org.br\/blog\/wp-json\/wp\/v2\/posts\/10717\/revisions"}],"predecessor-version":[{"id":10718,"href":"https:\/\/iberbrasil.org.br\/blog\/wp-json\/wp\/v2\/posts\/10717\/revisions\/10718"}],"wp:attachment":[{"href":"https:\/\/iberbrasil.org.br\/blog\/wp-json\/wp\/v2\/media?parent=10717"}],"wp:term":[{"taxonomy":"category","embeddable":true,"href":"https:\/\/iberbrasil.org.br\/blog\/wp-json\/wp\/v2\/categories?post=10717"},{"taxonomy":"post_tag","embeddable":true,"href":"https:\/\/iberbrasil.org.br\/blog\/wp-json\/wp\/v2\/tags?post=10717"}],"curies":[{"name":"wp","href":"https:\/\/api.w.org\/{rel}","templated":true}]}}