{"id":10619,"date":"2021-10-07T19:42:28","date_gmt":"2021-10-07T22:42:28","guid":{"rendered":"https:\/\/iberbrasil.org.br\/blog\/?p=10619"},"modified":"2021-10-13T15:47:26","modified_gmt":"2021-10-13T18:47:26","slug":"iber-e-orgaos-ambientais-de-alagoas-reforcam-fiscalizacao-e-adotam-plano-de-acao-para-cumprimento-das-metas-do-termo-de-compromisso","status":"publish","type":"post","link":"https:\/\/iberbrasil.org.br\/blog\/2021\/10\/07\/iber-e-orgaos-ambientais-de-alagoas-reforcam-fiscalizacao-e-adotam-plano-de-acao-para-cumprimento-das-metas-do-termo-de-compromisso\/","title":{"rendered":"IBER e \u00f3rg\u00e3os ambientais de Alagoas refor\u00e7am fiscaliza\u00e7\u00e3o e adotam plano de a\u00e7\u00e3o para cumprimento das metas do Termo de Compromisso"},"content":{"rendered":"\n<p><em>Os associados recebem acompanhamento especializado para conduzirem e comprovarem a log\u00edstica reversa, enquanto empresas inadimplentes s\u00e3o identificadas e conduzidas ao caminho do cumprimento da legisla\u00e7\u00e3o<\/em><\/p>\n\n\n\n<p>O atendimento das metas previstas no Termo de Compromisso firmado com o Estado de Alagoas \u00e9 uma prioridade para o Instituto Brasileiro de Energia Recicl\u00e1vel \u2013 IBER. A entidade gestora estruturou um plano de trabalho focado na jornada de seus associados, para que os \u00edndices de log\u00edstica reversa sejam cumpridos.<\/p>\n\n\n\n<p>Ao lado da Secretaria do Estado do Meio Ambiente e Recursos H\u00eddricos de Alagoas (SEMARH) e Instituto do Meio Ambiente de Alagoas (IMA-AL), o IBER tem desempenhado tamb\u00e9m um papel estrat\u00e9gico na promo\u00e7\u00e3o da sustentabilidade na cadeia.<\/p>\n\n\n\n<p>O objetivo \u00e9 identificar empresas que n\u00e3o est\u00e3o em dia com a Pol\u00edtica Nacional de Res\u00edduos S\u00f3lidos (PNRS) e ampliar a divulga\u00e7\u00e3o das vantagens competitivas que a implanta\u00e7\u00e3o e comprova\u00e7\u00e3o da log\u00edstica reversa podem trazer para os neg\u00f3cios.<\/p>\n\n\n\n<p>O trabalho est\u00e1 sendo conduzido a partir de uma s\u00e9rie de reuni\u00f5es peri\u00f3dicas com os \u00f3rg\u00e3os ambientais alagoanos voltados \u00e0 gest\u00e3o e fiscaliza\u00e7\u00e3o para alinhamento de a\u00e7\u00f5es e reorienta\u00e7\u00e3o de planos de a\u00e7\u00e3o, quando necess\u00e1rio.<\/p>\n\n\n\n<p>Todas as empresas da cadeia produtiva de baterias chumbo \u00e1cido est\u00e3o sendo avaliadas, dos fabricantes aos comerciantes varejistas. Com o uso de intelig\u00eancia de dados, conscientiza\u00e7\u00e3o e suporte t\u00e9cnico, o IBER contribui diretamente para consolida\u00e7\u00e3o da cultura sustent\u00e1vel no setor em Alagoas.<\/p>\n","protected":false},"excerpt":{"rendered":"<p>Os associados recebem acompanhamento especializado para conduzirem e comprovarem a log\u00edstica reversa, enquanto empresas inadimplentes s\u00e3o identificadas e conduzidas ao caminho do cumprimento da legisla\u00e7\u00e3o O atendimento das metas previstas no Termo de Compromisso firmado com o Estado de Alagoas \u00e9 uma prioridade para o Instituto Brasileiro de Energia Recicl\u00e1vel \u2013 IBER. A entidade gestora [&hellip;]<\/p>\n","protected":false},"author":1,"featured_media":10621,"comment_status":"open","ping_status":"open","sticky":true,"template":"","format":"standard","meta":{"footnotes":""},"categories":[30,24,81,77,62,22],"tags":[],"class_list":["post-10619","post","type-post","status-publish","format-standard","has-post-thumbnail","hentry","category-ambiental","category-destaques","category-gestao","category-logistica-reversa","category-noticias","category-projetos"],"yoast_head":"<!-- This site is optimized with the Yoast SEO plugin v27.3 - https:\/\/yoast.com\/product\/yoast-seo-wordpress\/ -->\n<title>IBER e \u00f3rg\u00e3os ambientais de Alagoas refor\u00e7am fiscaliza\u00e7\u00e3o e adotam plano de a\u00e7\u00e3o para cumprimento das metas do Termo de Compromisso &#8226; IBER<\/title>\n<meta name=\"robots\" content=\"index, follow, max-snippet:-1, max-image-preview:large, max-video-preview:-1\" \/>\n<link rel=\"canonical\" href=\"https:\/\/iberbrasil.org.br\/blog\/2021\/10\/07\/iber-e-orgaos-ambientais-de-alagoas-reforcam-fiscalizacao-e-adotam-plano-de-acao-para-cumprimento-das-metas-do-termo-de-compromisso\/\" \/>\n<meta property=\"og:locale\" content=\"pt_BR\" \/>\n<meta property=\"og:type\" content=\"article\" \/>\n<meta property=\"og:title\" content=\"IBER e \u00f3rg\u00e3os ambientais de Alagoas refor\u00e7am fiscaliza\u00e7\u00e3o e adotam plano de a\u00e7\u00e3o para cumprimento das metas do Termo de Compromisso &#8226; IBER\" \/>\n<meta property=\"og:description\" content=\"Os associados recebem acompanhamento especializado para conduzirem e comprovarem a log\u00edstica reversa, enquanto empresas inadimplentes s\u00e3o identificadas e conduzidas ao caminho do cumprimento da legisla\u00e7\u00e3o O atendimento das metas previstas no Termo de Compromisso firmado com o Estado de Alagoas \u00e9 uma prioridade para o Instituto Brasileiro de Energia Recicl\u00e1vel \u2013 IBER. A entidade gestora [&hellip;]\" \/>\n<meta property=\"og:url\" content=\"https:\/\/iberbrasil.org.br\/blog\/2021\/10\/07\/iber-e-orgaos-ambientais-de-alagoas-reforcam-fiscalizacao-e-adotam-plano-de-acao-para-cumprimento-das-metas-do-termo-de-compromisso\/\" \/>\n<meta property=\"og:site_name\" content=\"IBER\" \/>\n<meta property=\"article:published_time\" content=\"2021-10-07T22:42:28+00:00\" \/>\n<meta property=\"article:modified_time\" content=\"2021-10-13T18:47:26+00:00\" \/>\n<meta property=\"og:image\" content=\"https:\/\/iberbrasil.org.br\/blog\/wp-content\/uploads\/2021\/10\/Prefeitura-de-Sapucaia-do-Sul-RS-e-IBER-unidos-para-o-fortalecimento-da-PNRS-2.png\" \/>\n\t<meta property=\"og:image:width\" content=\"1080\" \/>\n\t<meta property=\"og:image:height\" content=\"1080\" \/>\n\t<meta property=\"og:image:type\" content=\"image\/png\" \/>\n<meta name=\"author\" content=\"admin\" \/>\n<meta name=\"twitter:card\" content=\"summary_large_image\" \/>\n<meta name=\"twitter:label1\" content=\"Escrito por\" \/>\n\t<meta name=\"twitter:data1\" content=\"admin\" \/>\n\t<meta name=\"twitter:label2\" content=\"Est. tempo de leitura\" \/>\n\t<meta name=\"twitter:data2\" content=\"1 minuto\" \/>\n<script type=\"application\/ld+json\" class=\"yoast-schema-graph\">{\"@context\":\"https:\\\/\\\/schema.org\",\"@graph\":[{\"@type\":\"Article\",\"@id\":\"https:\\\/\\\/iberbrasil.org.br\\\/blog\\\/2021\\\/10\\\/07\\\/iber-e-orgaos-ambientais-de-alagoas-reforcam-fiscalizacao-e-adotam-plano-de-acao-para-cumprimento-das-metas-do-termo-de-compromisso\\\/#article\",\"isPartOf\":{\"@id\":\"https:\\\/\\\/iberbrasil.org.br\\\/blog\\\/2021\\\/10\\\/07\\\/iber-e-orgaos-ambientais-de-alagoas-reforcam-fiscalizacao-e-adotam-plano-de-acao-para-cumprimento-das-metas-do-termo-de-compromisso\\\/\"},\"author\":{\"name\":\"admin\",\"@id\":\"\\\/#\\\/schema\\\/person\\\/a2f7e3afbce17246c983c91f86f4d7b8\"},\"headline\":\"IBER e \u00f3rg\u00e3os ambientais de Alagoas refor\u00e7am fiscaliza\u00e7\u00e3o e adotam plano de a\u00e7\u00e3o para cumprimento das metas do Termo de Compromisso\",\"datePublished\":\"2021-10-07T22:42:28+00:00\",\"dateModified\":\"2021-10-13T18:47:26+00:00\",\"mainEntityOfPage\":{\"@id\":\"https:\\\/\\\/iberbrasil.org.br\\\/blog\\\/2021\\\/10\\\/07\\\/iber-e-orgaos-ambientais-de-alagoas-reforcam-fiscalizacao-e-adotam-plano-de-acao-para-cumprimento-das-metas-do-termo-de-compromisso\\\/\"},\"wordCount\":283,\"commentCount\":0,\"publisher\":{\"@id\":\"\\\/#organization\"},\"image\":{\"@id\":\"https:\\\/\\\/iberbrasil.org.br\\\/blog\\\/2021\\\/10\\\/07\\\/iber-e-orgaos-ambientais-de-alagoas-reforcam-fiscalizacao-e-adotam-plano-de-acao-para-cumprimento-das-metas-do-termo-de-compromisso\\\/#primaryimage\"},\"thumbnailUrl\":\"https:\\\/\\\/iberbrasil.org.br\\\/blog\\\/wp-content\\\/uploads\\\/2021\\\/10\\\/Prefeitura-de-Sapucaia-do-Sul-RS-e-IBER-unidos-para-o-fortalecimento-da-PNRS-2.png\",\"articleSection\":[\"Ambiental\",\"Destaques\",\"gest\u00e3o\",\"Log\u00edstica Reversa\",\"Not\u00edcias\",\"Projetos\"],\"inLanguage\":\"pt-BR\",\"potentialAction\":[{\"@type\":\"CommentAction\",\"name\":\"Comment\",\"target\":[\"https:\\\/\\\/iberbrasil.org.br\\\/blog\\\/2021\\\/10\\\/07\\\/iber-e-orgaos-ambientais-de-alagoas-reforcam-fiscalizacao-e-adotam-plano-de-acao-para-cumprimento-das-metas-do-termo-de-compromisso\\\/#respond\"]}]},{\"@type\":\"WebPage\",\"@id\":\"https:\\\/\\\/iberbrasil.org.br\\\/blog\\\/2021\\\/10\\\/07\\\/iber-e-orgaos-ambientais-de-alagoas-reforcam-fiscalizacao-e-adotam-plano-de-acao-para-cumprimento-das-metas-do-termo-de-compromisso\\\/\",\"url\":\"https:\\\/\\\/iberbrasil.org.br\\\/blog\\\/2021\\\/10\\\/07\\\/iber-e-orgaos-ambientais-de-alagoas-reforcam-fiscalizacao-e-adotam-plano-de-acao-para-cumprimento-das-metas-do-termo-de-compromisso\\\/\",\"name\":\"IBER e \u00f3rg\u00e3os ambientais de Alagoas refor\u00e7am fiscaliza\u00e7\u00e3o e adotam plano de a\u00e7\u00e3o para cumprimento das metas do Termo de Compromisso &#8226; IBER\",\"isPartOf\":{\"@id\":\"\\\/#website\"},\"primaryImageOfPage\":{\"@id\":\"https:\\\/\\\/iberbrasil.org.br\\\/blog\\\/2021\\\/10\\\/07\\\/iber-e-orgaos-ambientais-de-alagoas-reforcam-fiscalizacao-e-adotam-plano-de-acao-para-cumprimento-das-metas-do-termo-de-compromisso\\\/#primaryimage\"},\"image\":{\"@id\":\"https:\\\/\\\/iberbrasil.org.br\\\/blog\\\/2021\\\/10\\\/07\\\/iber-e-orgaos-ambientais-de-alagoas-reforcam-fiscalizacao-e-adotam-plano-de-acao-para-cumprimento-das-metas-do-termo-de-compromisso\\\/#primaryimage\"},\"thumbnailUrl\":\"https:\\\/\\\/iberbrasil.org.br\\\/blog\\\/wp-content\\\/uploads\\\/2021\\\/10\\\/Prefeitura-de-Sapucaia-do-Sul-RS-e-IBER-unidos-para-o-fortalecimento-da-PNRS-2.png\",\"datePublished\":\"2021-10-07T22:42:28+00:00\",\"dateModified\":\"2021-10-13T18:47:26+00:00\",\"breadcrumb\":{\"@id\":\"https:\\\/\\\/iberbrasil.org.br\\\/blog\\\/2021\\\/10\\\/07\\\/iber-e-orgaos-ambientais-de-alagoas-reforcam-fiscalizacao-e-adotam-plano-de-acao-para-cumprimento-das-metas-do-termo-de-compromisso\\\/#breadcrumb\"},\"inLanguage\":\"pt-BR\",\"potentialAction\":[{\"@type\":\"ReadAction\",\"target\":[\"https:\\\/\\\/iberbrasil.org.br\\\/blog\\\/2021\\\/10\\\/07\\\/iber-e-orgaos-ambientais-de-alagoas-reforcam-fiscalizacao-e-adotam-plano-de-acao-para-cumprimento-das-metas-do-termo-de-compromisso\\\/\"]}]},{\"@type\":\"ImageObject\",\"inLanguage\":\"pt-BR\",\"@id\":\"https:\\\/\\\/iberbrasil.org.br\\\/blog\\\/2021\\\/10\\\/07\\\/iber-e-orgaos-ambientais-de-alagoas-reforcam-fiscalizacao-e-adotam-plano-de-acao-para-cumprimento-das-metas-do-termo-de-compromisso\\\/#primaryimage\",\"url\":\"https:\\\/\\\/iberbrasil.org.br\\\/blog\\\/wp-content\\\/uploads\\\/2021\\\/10\\\/Prefeitura-de-Sapucaia-do-Sul-RS-e-IBER-unidos-para-o-fortalecimento-da-PNRS-2.png\",\"contentUrl\":\"https:\\\/\\\/iberbrasil.org.br\\\/blog\\\/wp-content\\\/uploads\\\/2021\\\/10\\\/Prefeitura-de-Sapucaia-do-Sul-RS-e-IBER-unidos-para-o-fortalecimento-da-PNRS-2.png\",\"width\":1080,\"height\":1080},{\"@type\":\"BreadcrumbList\",\"@id\":\"https:\\\/\\\/iberbrasil.org.br\\\/blog\\\/2021\\\/10\\\/07\\\/iber-e-orgaos-ambientais-de-alagoas-reforcam-fiscalizacao-e-adotam-plano-de-acao-para-cumprimento-das-metas-do-termo-de-compromisso\\\/#breadcrumb\",\"itemListElement\":[{\"@type\":\"ListItem\",\"position\":1,\"name\":\"Home\",\"item\":\"https:\\\/\\\/iberbrasil.org.br\\\/blog\\\/\"},{\"@type\":\"ListItem\",\"position\":2,\"name\":\"IBER e \u00f3rg\u00e3os ambientais de Alagoas refor\u00e7am fiscaliza\u00e7\u00e3o e adotam plano de a\u00e7\u00e3o para cumprimento das metas do Termo de Compromisso\"}]},{\"@type\":\"WebSite\",\"@id\":\"\\\/#website\",\"url\":\"\\\/\",\"name\":\"IBER\",\"description\":\"Instituto Brasileiro de Energia Recicl\u00e1vel\",\"publisher\":{\"@id\":\"\\\/#organization\"},\"potentialAction\":[{\"@type\":\"SearchAction\",\"target\":{\"@type\":\"EntryPoint\",\"urlTemplate\":\"\\\/?s={search_term_string}\"},\"query-input\":{\"@type\":\"PropertyValueSpecification\",\"valueRequired\":true,\"valueName\":\"search_term_string\"}}],\"inLanguage\":\"pt-BR\"},{\"@type\":\"Organization\",\"@id\":\"\\\/#organization\",\"name\":\"IBER Brasil\",\"url\":\"\\\/\",\"logo\":{\"@type\":\"ImageObject\",\"inLanguage\":\"pt-BR\",\"@id\":\"\\\/#\\\/schema\\\/logo\\\/image\\\/\",\"url\":\"https:\\\/\\\/iberbrasil.org.br\\\/blog\\\/wp-content\\\/uploads\\\/2021\\\/01\\\/logo-iber-2.png\",\"contentUrl\":\"https:\\\/\\\/iberbrasil.org.br\\\/blog\\\/wp-content\\\/uploads\\\/2021\\\/01\\\/logo-iber-2.png\",\"width\":317,\"height\":86,\"caption\":\"IBER Brasil\"},\"image\":{\"@id\":\"\\\/#\\\/schema\\\/logo\\\/image\\\/\"}},{\"@type\":\"Person\",\"@id\":\"\\\/#\\\/schema\\\/person\\\/a2f7e3afbce17246c983c91f86f4d7b8\",\"name\":\"admin\",\"image\":{\"@type\":\"ImageObject\",\"inLanguage\":\"pt-BR\",\"@id\":\"https:\\\/\\\/secure.gravatar.com\\\/avatar\\\/fa001a3b411f2335327a3fcf246a92536d0ac705fdf27b3e43401b6e4ffe5710?s=96&d=blank&r=g\",\"url\":\"https:\\\/\\\/secure.gravatar.com\\\/avatar\\\/fa001a3b411f2335327a3fcf246a92536d0ac705fdf27b3e43401b6e4ffe5710?s=96&d=blank&r=g\",\"contentUrl\":\"https:\\\/\\\/secure.gravatar.com\\\/avatar\\\/fa001a3b411f2335327a3fcf246a92536d0ac705fdf27b3e43401b6e4ffe5710?s=96&d=blank&r=g\",\"caption\":\"admin\"},\"sameAs\":[\"https:\\\/\\\/iberbrasil.org.br\\\/blog\"],\"url\":\"https:\\\/\\\/iberbrasil.org.br\\\/blog\\\/author\\\/admin\\\/\"}]}<\/script>\n<!-- \/ Yoast SEO plugin. -->","yoast_head_json":{"title":"IBER e \u00f3rg\u00e3os ambientais de Alagoas refor\u00e7am fiscaliza\u00e7\u00e3o e adotam plano de a\u00e7\u00e3o para cumprimento das metas do Termo de Compromisso &#8226; IBER","robots":{"index":"index","follow":"follow","max-snippet":"max-snippet:-1","max-image-preview":"max-image-preview:large","max-video-preview":"max-video-preview:-1"},"canonical":"https:\/\/iberbrasil.org.br\/blog\/2021\/10\/07\/iber-e-orgaos-ambientais-de-alagoas-reforcam-fiscalizacao-e-adotam-plano-de-acao-para-cumprimento-das-metas-do-termo-de-compromisso\/","og_locale":"pt_BR","og_type":"article","og_title":"IBER e \u00f3rg\u00e3os ambientais de Alagoas refor\u00e7am fiscaliza\u00e7\u00e3o e adotam plano de a\u00e7\u00e3o para cumprimento das metas do Termo de Compromisso &#8226; IBER","og_description":"Os associados recebem acompanhamento especializado para conduzirem e comprovarem a log\u00edstica reversa, enquanto empresas inadimplentes s\u00e3o identificadas e conduzidas ao caminho do cumprimento da legisla\u00e7\u00e3o O atendimento das metas previstas no Termo de Compromisso firmado com o Estado de Alagoas \u00e9 uma prioridade para o Instituto Brasileiro de Energia Recicl\u00e1vel \u2013 IBER. A entidade gestora [&hellip;]","og_url":"https:\/\/iberbrasil.org.br\/blog\/2021\/10\/07\/iber-e-orgaos-ambientais-de-alagoas-reforcam-fiscalizacao-e-adotam-plano-de-acao-para-cumprimento-das-metas-do-termo-de-compromisso\/","og_site_name":"IBER","article_published_time":"2021-10-07T22:42:28+00:00","article_modified_time":"2021-10-13T18:47:26+00:00","og_image":[{"width":1080,"height":1080,"url":"https:\/\/iberbrasil.org.br\/blog\/wp-content\/uploads\/2021\/10\/Prefeitura-de-Sapucaia-do-Sul-RS-e-IBER-unidos-para-o-fortalecimento-da-PNRS-2.png","type":"image\/png"}],"author":"admin","twitter_card":"summary_large_image","twitter_misc":{"Escrito por":"admin","Est. tempo de leitura":"1 minuto"},"schema":{"@context":"https:\/\/schema.org","@graph":[{"@type":"Article","@id":"https:\/\/iberbrasil.org.br\/blog\/2021\/10\/07\/iber-e-orgaos-ambientais-de-alagoas-reforcam-fiscalizacao-e-adotam-plano-de-acao-para-cumprimento-das-metas-do-termo-de-compromisso\/#article","isPartOf":{"@id":"https:\/\/iberbrasil.org.br\/blog\/2021\/10\/07\/iber-e-orgaos-ambientais-de-alagoas-reforcam-fiscalizacao-e-adotam-plano-de-acao-para-cumprimento-das-metas-do-termo-de-compromisso\/"},"author":{"name":"admin","@id":"\/#\/schema\/person\/a2f7e3afbce17246c983c91f86f4d7b8"},"headline":"IBER e \u00f3rg\u00e3os ambientais de Alagoas refor\u00e7am fiscaliza\u00e7\u00e3o e adotam plano de a\u00e7\u00e3o para cumprimento das metas do Termo de Compromisso","datePublished":"2021-10-07T22:42:28+00:00","dateModified":"2021-10-13T18:47:26+00:00","mainEntityOfPage":{"@id":"https:\/\/iberbrasil.org.br\/blog\/2021\/10\/07\/iber-e-orgaos-ambientais-de-alagoas-reforcam-fiscalizacao-e-adotam-plano-de-acao-para-cumprimento-das-metas-do-termo-de-compromisso\/"},"wordCount":283,"commentCount":0,"publisher":{"@id":"\/#organization"},"image":{"@id":"https:\/\/iberbrasil.org.br\/blog\/2021\/10\/07\/iber-e-orgaos-ambientais-de-alagoas-reforcam-fiscalizacao-e-adotam-plano-de-acao-para-cumprimento-das-metas-do-termo-de-compromisso\/#primaryimage"},"thumbnailUrl":"https:\/\/iberbrasil.org.br\/blog\/wp-content\/uploads\/2021\/10\/Prefeitura-de-Sapucaia-do-Sul-RS-e-IBER-unidos-para-o-fortalecimento-da-PNRS-2.png","articleSection":["Ambiental","Destaques","gest\u00e3o","Log\u00edstica Reversa","Not\u00edcias","Projetos"],"inLanguage":"pt-BR","potentialAction":[{"@type":"CommentAction","name":"Comment","target":["https:\/\/iberbrasil.org.br\/blog\/2021\/10\/07\/iber-e-orgaos-ambientais-de-alagoas-reforcam-fiscalizacao-e-adotam-plano-de-acao-para-cumprimento-das-metas-do-termo-de-compromisso\/#respond"]}]},{"@type":"WebPage","@id":"https:\/\/iberbrasil.org.br\/blog\/2021\/10\/07\/iber-e-orgaos-ambientais-de-alagoas-reforcam-fiscalizacao-e-adotam-plano-de-acao-para-cumprimento-das-metas-do-termo-de-compromisso\/","url":"https:\/\/iberbrasil.org.br\/blog\/2021\/10\/07\/iber-e-orgaos-ambientais-de-alagoas-reforcam-fiscalizacao-e-adotam-plano-de-acao-para-cumprimento-das-metas-do-termo-de-compromisso\/","name":"IBER e \u00f3rg\u00e3os ambientais de Alagoas refor\u00e7am fiscaliza\u00e7\u00e3o e adotam plano de a\u00e7\u00e3o para cumprimento das metas do Termo de Compromisso &#8226; IBER","isPartOf":{"@id":"\/#website"},"primaryImageOfPage":{"@id":"https:\/\/iberbrasil.org.br\/blog\/2021\/10\/07\/iber-e-orgaos-ambientais-de-alagoas-reforcam-fiscalizacao-e-adotam-plano-de-acao-para-cumprimento-das-metas-do-termo-de-compromisso\/#primaryimage"},"image":{"@id":"https:\/\/iberbrasil.org.br\/blog\/2021\/10\/07\/iber-e-orgaos-ambientais-de-alagoas-reforcam-fiscalizacao-e-adotam-plano-de-acao-para-cumprimento-das-metas-do-termo-de-compromisso\/#primaryimage"},"thumbnailUrl":"https:\/\/iberbrasil.org.br\/blog\/wp-content\/uploads\/2021\/10\/Prefeitura-de-Sapucaia-do-Sul-RS-e-IBER-unidos-para-o-fortalecimento-da-PNRS-2.png","datePublished":"2021-10-07T22:42:28+00:00","dateModified":"2021-10-13T18:47:26+00:00","breadcrumb":{"@id":"https:\/\/iberbrasil.org.br\/blog\/2021\/10\/07\/iber-e-orgaos-ambientais-de-alagoas-reforcam-fiscalizacao-e-adotam-plano-de-acao-para-cumprimento-das-metas-do-termo-de-compromisso\/#breadcrumb"},"inLanguage":"pt-BR","potentialAction":[{"@type":"ReadAction","target":["https:\/\/iberbrasil.org.br\/blog\/2021\/10\/07\/iber-e-orgaos-ambientais-de-alagoas-reforcam-fiscalizacao-e-adotam-plano-de-acao-para-cumprimento-das-metas-do-termo-de-compromisso\/"]}]},{"@type":"ImageObject","inLanguage":"pt-BR","@id":"https:\/\/iberbrasil.org.br\/blog\/2021\/10\/07\/iber-e-orgaos-ambientais-de-alagoas-reforcam-fiscalizacao-e-adotam-plano-de-acao-para-cumprimento-das-metas-do-termo-de-compromisso\/#primaryimage","url":"https:\/\/iberbrasil.org.br\/blog\/wp-content\/uploads\/2021\/10\/Prefeitura-de-Sapucaia-do-Sul-RS-e-IBER-unidos-para-o-fortalecimento-da-PNRS-2.png","contentUrl":"https:\/\/iberbrasil.org.br\/blog\/wp-content\/uploads\/2021\/10\/Prefeitura-de-Sapucaia-do-Sul-RS-e-IBER-unidos-para-o-fortalecimento-da-PNRS-2.png","width":1080,"height":1080},{"@type":"BreadcrumbList","@id":"https:\/\/iberbrasil.org.br\/blog\/2021\/10\/07\/iber-e-orgaos-ambientais-de-alagoas-reforcam-fiscalizacao-e-adotam-plano-de-acao-para-cumprimento-das-metas-do-termo-de-compromisso\/#breadcrumb","itemListElement":[{"@type":"ListItem","position":1,"name":"Home","item":"https:\/\/iberbrasil.org.br\/blog\/"},{"@type":"ListItem","position":2,"name":"IBER e \u00f3rg\u00e3os ambientais de Alagoas refor\u00e7am fiscaliza\u00e7\u00e3o e adotam plano de a\u00e7\u00e3o para cumprimento das metas do Termo de Compromisso"}]},{"@type":"WebSite","@id":"\/#website","url":"\/","name":"IBER","description":"Instituto Brasileiro de Energia Recicl\u00e1vel","publisher":{"@id":"\/#organization"},"potentialAction":[{"@type":"SearchAction","target":{"@type":"EntryPoint","urlTemplate":"\/?s={search_term_string}"},"query-input":{"@type":"PropertyValueSpecification","valueRequired":true,"valueName":"search_term_string"}}],"inLanguage":"pt-BR"},{"@type":"Organization","@id":"\/#organization","name":"IBER Brasil","url":"\/","logo":{"@type":"ImageObject","inLanguage":"pt-BR","@id":"\/#\/schema\/logo\/image\/","url":"https:\/\/iberbrasil.org.br\/blog\/wp-content\/uploads\/2021\/01\/logo-iber-2.png","contentUrl":"https:\/\/iberbrasil.org.br\/blog\/wp-content\/uploads\/2021\/01\/logo-iber-2.png","width":317,"height":86,"caption":"IBER Brasil"},"image":{"@id":"\/#\/schema\/logo\/image\/"}},{"@type":"Person","@id":"\/#\/schema\/person\/a2f7e3afbce17246c983c91f86f4d7b8","name":"admin","image":{"@type":"ImageObject","inLanguage":"pt-BR","@id":"https:\/\/secure.gravatar.com\/avatar\/fa001a3b411f2335327a3fcf246a92536d0ac705fdf27b3e43401b6e4ffe5710?s=96&d=blank&r=g","url":"https:\/\/secure.gravatar.com\/avatar\/fa001a3b411f2335327a3fcf246a92536d0ac705fdf27b3e43401b6e4ffe5710?s=96&d=blank&r=g","contentUrl":"https:\/\/secure.gravatar.com\/avatar\/fa001a3b411f2335327a3fcf246a92536d0ac705fdf27b3e43401b6e4ffe5710?s=96&d=blank&r=g","caption":"admin"},"sameAs":["https:\/\/iberbrasil.org.br\/blog"],"url":"https:\/\/iberbrasil.org.br\/blog\/author\/admin\/"}]}},"_links":{"self":[{"href":"https:\/\/iberbrasil.org.br\/blog\/wp-json\/wp\/v2\/posts\/10619","targetHints":{"allow":["GET"]}}],"collection":[{"href":"https:\/\/iberbrasil.org.br\/blog\/wp-json\/wp\/v2\/posts"}],"about":[{"href":"https:\/\/iberbrasil.org.br\/blog\/wp-json\/wp\/v2\/types\/post"}],"author":[{"embeddable":true,"href":"https:\/\/iberbrasil.org.br\/blog\/wp-json\/wp\/v2\/users\/1"}],"replies":[{"embeddable":true,"href":"https:\/\/iberbrasil.org.br\/blog\/wp-json\/wp\/v2\/comments?post=10619"}],"version-history":[{"count":1,"href":"https:\/\/iberbrasil.org.br\/blog\/wp-json\/wp\/v2\/posts\/10619\/revisions"}],"predecessor-version":[{"id":10622,"href":"https:\/\/iberbrasil.org.br\/blog\/wp-json\/wp\/v2\/posts\/10619\/revisions\/10622"}],"wp:featuredmedia":[{"embeddable":true,"href":"https:\/\/iberbrasil.org.br\/blog\/wp-json\/wp\/v2\/media\/10621"}],"wp:attachment":[{"href":"https:\/\/iberbrasil.org.br\/blog\/wp-json\/wp\/v2\/media?parent=10619"}],"wp:term":[{"taxonomy":"category","embeddable":true,"href":"https:\/\/iberbrasil.org.br\/blog\/wp-json\/wp\/v2\/categories?post=10619"},{"taxonomy":"post_tag","embeddable":true,"href":"https:\/\/iberbrasil.org.br\/blog\/wp-json\/wp\/v2\/tags?post=10619"}],"curies":[{"name":"wp","href":"https:\/\/api.w.org\/{rel}","templated":true}]}}