{"id":10586,"date":"2021-08-12T16:01:20","date_gmt":"2021-08-12T19:01:20","guid":{"rendered":"https:\/\/iberbrasil.org.br\/blog\/?p=10586"},"modified":"2021-08-12T16:01:22","modified_gmt":"2021-08-12T19:01:22","slug":"conheca-as-vantagens-para-os-comerciantes-varejistas-se-tornarem-associados-do-iber","status":"publish","type":"post","link":"https:\/\/iberbrasil.org.br\/blog\/2021\/08\/12\/conheca-as-vantagens-para-os-comerciantes-varejistas-se-tornarem-associados-do-iber\/","title":{"rendered":"Conhe\u00e7a as vantagens para os comerciantes varejistas se tornarem associados do IBER"},"content":{"rendered":"\n<p><em>Al\u00e9m de estar em dia com a legisla\u00e7\u00e3o e contar com suporte t\u00e9cnico, empresas da categoria varejistas s\u00e3o isentas de taxas de associa\u00e7\u00e3o ao IBER e de emiss\u00e3o do MTR e Cadri.<\/em><\/p>\n\n\n\n<p>As empresas que comercializam baterias chumbo-\u00e1cido no varejo contam com in\u00fameras vantagens competitivas ao se tornarem associadas do Instituto Brasileiro de Energia Recicl\u00e1vel &#8211; IBER.<\/p>\n\n\n\n<p>Al\u00e9m de poder obter a certifica\u00e7\u00e3o na Pol\u00edtica Nacional de Res\u00edduos S\u00f3lidos (PNRS), receberem suporte t\u00e9cnico integral e ter na entidade gestora uma importante interlocutora junto \u00e0s autoridades de fiscaliza\u00e7\u00e3o, os comerciantes contam com um aplicativo e isen\u00e7\u00f5es estrat\u00e9gicas.<\/p>\n\n\n\n<p>O app do IBER ferramenta inovadora que permitir\u00e1 a comerciantes varejistas de baterias chumbo-\u00e1cido participar do sistema de log\u00edstica reversa pelo celular.<\/p>\n\n\n\n<p>Na palma da m\u00e3o, por meio do novo aplicativo desenvolvido pela entidade gestora, ser\u00e1 poss\u00edvel enviar os dados mensais consolidados de bateria novas e inserv\u00edveis de forma \u00e1gil, segura e descomplicada.<\/p>\n\n\n\n<p>No campo das isen\u00e7\u00f5es, os comerciantes varejistas n\u00e3o precisam arcar com as taxas de associa\u00e7\u00e3o, al\u00e9m de se beneficiarem das articula\u00e7\u00f5es institucionais do IBER que garantiram isen\u00e7\u00e3o do Manifesto de Transporte de Res\u00edduos (MTR) em n\u00edvel nacional e nos estados de S\u00e3o Paulo, Paran\u00e1 e Rio Grande do Sul.<\/p>\n\n\n\n<p>Tamb\u00e9m est\u00e3o isentas de emiss\u00e3o do Certificado de Movimenta\u00e7\u00e3o de Res\u00edduos de Interesse Ambiental (Cadri), documento exigido pela Companhia Ambiental do Estado de S\u00e3o Paulo (Cetesb).<\/p>\n","protected":false},"excerpt":{"rendered":"<p>Al\u00e9m de estar em dia com a legisla\u00e7\u00e3o e contar com suporte t\u00e9cnico, empresas da categoria varejistas s\u00e3o isentas de taxas de associa\u00e7\u00e3o ao IBER e de emiss\u00e3o do MTR e Cadri. As empresas que comercializam baterias chumbo-\u00e1cido no varejo contam com in\u00fameras vantagens competitivas ao se tornarem associadas do Instituto Brasileiro de Energia Recicl\u00e1vel [&hellip;]<\/p>\n","protected":false},"author":1,"featured_media":10587,"comment_status":"open","ping_status":"open","sticky":true,"template":"","format":"standard","meta":{"footnotes":""},"categories":[30,82,81],"tags":[],"class_list":["post-10586","post","type-post","status-publish","format-standard","has-post-thumbnail","hentry","category-ambiental","category-economia-circular","category-gestao"],"yoast_head":"<!-- This site is optimized with the Yoast SEO plugin v27.3 - https:\/\/yoast.com\/product\/yoast-seo-wordpress\/ -->\n<title>Conhe\u00e7a as vantagens para os comerciantes varejistas se tornarem associados do IBER &#8226; IBER<\/title>\n<meta name=\"robots\" content=\"index, follow, max-snippet:-1, max-image-preview:large, max-video-preview:-1\" \/>\n<link rel=\"canonical\" href=\"https:\/\/iberbrasil.org.br\/blog\/2021\/08\/12\/conheca-as-vantagens-para-os-comerciantes-varejistas-se-tornarem-associados-do-iber\/\" \/>\n<meta property=\"og:locale\" content=\"pt_BR\" \/>\n<meta property=\"og:type\" content=\"article\" \/>\n<meta property=\"og:title\" content=\"Conhe\u00e7a as vantagens para os comerciantes varejistas se tornarem associados do IBER &#8226; IBER\" \/>\n<meta property=\"og:description\" content=\"Al\u00e9m de estar em dia com a legisla\u00e7\u00e3o e contar com suporte t\u00e9cnico, empresas da categoria varejistas s\u00e3o isentas de taxas de associa\u00e7\u00e3o ao IBER e de emiss\u00e3o do MTR e Cadri. As empresas que comercializam baterias chumbo-\u00e1cido no varejo contam com in\u00fameras vantagens competitivas ao se tornarem associadas do Instituto Brasileiro de Energia Recicl\u00e1vel [&hellip;]\" \/>\n<meta property=\"og:url\" content=\"https:\/\/iberbrasil.org.br\/blog\/2021\/08\/12\/conheca-as-vantagens-para-os-comerciantes-varejistas-se-tornarem-associados-do-iber\/\" \/>\n<meta property=\"og:site_name\" content=\"IBER\" \/>\n<meta property=\"article:published_time\" content=\"2021-08-12T19:01:20+00:00\" \/>\n<meta property=\"article:modified_time\" content=\"2021-08-12T19:01:22+00:00\" \/>\n<meta property=\"og:image\" content=\"https:\/\/iberbrasil.org.br\/blog\/wp-content\/uploads\/2021\/08\/Publi01blog.jpg\" \/>\n\t<meta property=\"og:image:width\" content=\"1200\" \/>\n\t<meta property=\"og:image:height\" content=\"675\" \/>\n\t<meta property=\"og:image:type\" content=\"image\/jpeg\" \/>\n<meta name=\"author\" content=\"admin\" \/>\n<meta name=\"twitter:card\" content=\"summary_large_image\" \/>\n<meta name=\"twitter:label1\" content=\"Escrito por\" \/>\n\t<meta name=\"twitter:data1\" content=\"admin\" \/>\n\t<meta name=\"twitter:label2\" content=\"Est. tempo de leitura\" \/>\n\t<meta name=\"twitter:data2\" content=\"1 minuto\" \/>\n<script type=\"application\/ld+json\" class=\"yoast-schema-graph\">{\"@context\":\"https:\\\/\\\/schema.org\",\"@graph\":[{\"@type\":\"Article\",\"@id\":\"https:\\\/\\\/iberbrasil.org.br\\\/blog\\\/2021\\\/08\\\/12\\\/conheca-as-vantagens-para-os-comerciantes-varejistas-se-tornarem-associados-do-iber\\\/#article\",\"isPartOf\":{\"@id\":\"https:\\\/\\\/iberbrasil.org.br\\\/blog\\\/2021\\\/08\\\/12\\\/conheca-as-vantagens-para-os-comerciantes-varejistas-se-tornarem-associados-do-iber\\\/\"},\"author\":{\"name\":\"admin\",\"@id\":\"\\\/#\\\/schema\\\/person\\\/a2f7e3afbce17246c983c91f86f4d7b8\"},\"headline\":\"Conhe\u00e7a as vantagens para os comerciantes varejistas se tornarem associados do IBER\",\"datePublished\":\"2021-08-12T19:01:20+00:00\",\"dateModified\":\"2021-08-12T19:01:22+00:00\",\"mainEntityOfPage\":{\"@id\":\"https:\\\/\\\/iberbrasil.org.br\\\/blog\\\/2021\\\/08\\\/12\\\/conheca-as-vantagens-para-os-comerciantes-varejistas-se-tornarem-associados-do-iber\\\/\"},\"wordCount\":275,\"commentCount\":0,\"publisher\":{\"@id\":\"\\\/#organization\"},\"image\":{\"@id\":\"https:\\\/\\\/iberbrasil.org.br\\\/blog\\\/2021\\\/08\\\/12\\\/conheca-as-vantagens-para-os-comerciantes-varejistas-se-tornarem-associados-do-iber\\\/#primaryimage\"},\"thumbnailUrl\":\"https:\\\/\\\/iberbrasil.org.br\\\/blog\\\/wp-content\\\/uploads\\\/2021\\\/08\\\/Publi01blog.jpg\",\"articleSection\":[\"Ambiental\",\"Economia Circular\",\"gest\u00e3o\"],\"inLanguage\":\"pt-BR\",\"potentialAction\":[{\"@type\":\"CommentAction\",\"name\":\"Comment\",\"target\":[\"https:\\\/\\\/iberbrasil.org.br\\\/blog\\\/2021\\\/08\\\/12\\\/conheca-as-vantagens-para-os-comerciantes-varejistas-se-tornarem-associados-do-iber\\\/#respond\"]}]},{\"@type\":\"WebPage\",\"@id\":\"https:\\\/\\\/iberbrasil.org.br\\\/blog\\\/2021\\\/08\\\/12\\\/conheca-as-vantagens-para-os-comerciantes-varejistas-se-tornarem-associados-do-iber\\\/\",\"url\":\"https:\\\/\\\/iberbrasil.org.br\\\/blog\\\/2021\\\/08\\\/12\\\/conheca-as-vantagens-para-os-comerciantes-varejistas-se-tornarem-associados-do-iber\\\/\",\"name\":\"Conhe\u00e7a as vantagens para os comerciantes varejistas se tornarem associados do IBER &#8226; IBER\",\"isPartOf\":{\"@id\":\"\\\/#website\"},\"primaryImageOfPage\":{\"@id\":\"https:\\\/\\\/iberbrasil.org.br\\\/blog\\\/2021\\\/08\\\/12\\\/conheca-as-vantagens-para-os-comerciantes-varejistas-se-tornarem-associados-do-iber\\\/#primaryimage\"},\"image\":{\"@id\":\"https:\\\/\\\/iberbrasil.org.br\\\/blog\\\/2021\\\/08\\\/12\\\/conheca-as-vantagens-para-os-comerciantes-varejistas-se-tornarem-associados-do-iber\\\/#primaryimage\"},\"thumbnailUrl\":\"https:\\\/\\\/iberbrasil.org.br\\\/blog\\\/wp-content\\\/uploads\\\/2021\\\/08\\\/Publi01blog.jpg\",\"datePublished\":\"2021-08-12T19:01:20+00:00\",\"dateModified\":\"2021-08-12T19:01:22+00:00\",\"breadcrumb\":{\"@id\":\"https:\\\/\\\/iberbrasil.org.br\\\/blog\\\/2021\\\/08\\\/12\\\/conheca-as-vantagens-para-os-comerciantes-varejistas-se-tornarem-associados-do-iber\\\/#breadcrumb\"},\"inLanguage\":\"pt-BR\",\"potentialAction\":[{\"@type\":\"ReadAction\",\"target\":[\"https:\\\/\\\/iberbrasil.org.br\\\/blog\\\/2021\\\/08\\\/12\\\/conheca-as-vantagens-para-os-comerciantes-varejistas-se-tornarem-associados-do-iber\\\/\"]}]},{\"@type\":\"ImageObject\",\"inLanguage\":\"pt-BR\",\"@id\":\"https:\\\/\\\/iberbrasil.org.br\\\/blog\\\/2021\\\/08\\\/12\\\/conheca-as-vantagens-para-os-comerciantes-varejistas-se-tornarem-associados-do-iber\\\/#primaryimage\",\"url\":\"https:\\\/\\\/iberbrasil.org.br\\\/blog\\\/wp-content\\\/uploads\\\/2021\\\/08\\\/Publi01blog.jpg\",\"contentUrl\":\"https:\\\/\\\/iberbrasil.org.br\\\/blog\\\/wp-content\\\/uploads\\\/2021\\\/08\\\/Publi01blog.jpg\",\"width\":1200,\"height\":675},{\"@type\":\"BreadcrumbList\",\"@id\":\"https:\\\/\\\/iberbrasil.org.br\\\/blog\\\/2021\\\/08\\\/12\\\/conheca-as-vantagens-para-os-comerciantes-varejistas-se-tornarem-associados-do-iber\\\/#breadcrumb\",\"itemListElement\":[{\"@type\":\"ListItem\",\"position\":1,\"name\":\"Home\",\"item\":\"https:\\\/\\\/iberbrasil.org.br\\\/blog\\\/\"},{\"@type\":\"ListItem\",\"position\":2,\"name\":\"Conhe\u00e7a as vantagens para os comerciantes varejistas se tornarem associados do IBER\"}]},{\"@type\":\"WebSite\",\"@id\":\"\\\/#website\",\"url\":\"\\\/\",\"name\":\"IBER\",\"description\":\"Instituto Brasileiro de Energia Recicl\u00e1vel\",\"publisher\":{\"@id\":\"\\\/#organization\"},\"potentialAction\":[{\"@type\":\"SearchAction\",\"target\":{\"@type\":\"EntryPoint\",\"urlTemplate\":\"\\\/?s={search_term_string}\"},\"query-input\":{\"@type\":\"PropertyValueSpecification\",\"valueRequired\":true,\"valueName\":\"search_term_string\"}}],\"inLanguage\":\"pt-BR\"},{\"@type\":\"Organization\",\"@id\":\"\\\/#organization\",\"name\":\"IBER Brasil\",\"url\":\"\\\/\",\"logo\":{\"@type\":\"ImageObject\",\"inLanguage\":\"pt-BR\",\"@id\":\"\\\/#\\\/schema\\\/logo\\\/image\\\/\",\"url\":\"https:\\\/\\\/iberbrasil.org.br\\\/blog\\\/wp-content\\\/uploads\\\/2021\\\/01\\\/logo-iber-2.png\",\"contentUrl\":\"https:\\\/\\\/iberbrasil.org.br\\\/blog\\\/wp-content\\\/uploads\\\/2021\\\/01\\\/logo-iber-2.png\",\"width\":317,\"height\":86,\"caption\":\"IBER Brasil\"},\"image\":{\"@id\":\"\\\/#\\\/schema\\\/logo\\\/image\\\/\"}},{\"@type\":\"Person\",\"@id\":\"\\\/#\\\/schema\\\/person\\\/a2f7e3afbce17246c983c91f86f4d7b8\",\"name\":\"admin\",\"image\":{\"@type\":\"ImageObject\",\"inLanguage\":\"pt-BR\",\"@id\":\"https:\\\/\\\/secure.gravatar.com\\\/avatar\\\/fa001a3b411f2335327a3fcf246a92536d0ac705fdf27b3e43401b6e4ffe5710?s=96&d=blank&r=g\",\"url\":\"https:\\\/\\\/secure.gravatar.com\\\/avatar\\\/fa001a3b411f2335327a3fcf246a92536d0ac705fdf27b3e43401b6e4ffe5710?s=96&d=blank&r=g\",\"contentUrl\":\"https:\\\/\\\/secure.gravatar.com\\\/avatar\\\/fa001a3b411f2335327a3fcf246a92536d0ac705fdf27b3e43401b6e4ffe5710?s=96&d=blank&r=g\",\"caption\":\"admin\"},\"sameAs\":[\"https:\\\/\\\/iberbrasil.org.br\\\/blog\"],\"url\":\"https:\\\/\\\/iberbrasil.org.br\\\/blog\\\/author\\\/admin\\\/\"}]}<\/script>\n<!-- \/ Yoast SEO plugin. -->","yoast_head_json":{"title":"Conhe\u00e7a as vantagens para os comerciantes varejistas se tornarem associados do IBER &#8226; IBER","robots":{"index":"index","follow":"follow","max-snippet":"max-snippet:-1","max-image-preview":"max-image-preview:large","max-video-preview":"max-video-preview:-1"},"canonical":"https:\/\/iberbrasil.org.br\/blog\/2021\/08\/12\/conheca-as-vantagens-para-os-comerciantes-varejistas-se-tornarem-associados-do-iber\/","og_locale":"pt_BR","og_type":"article","og_title":"Conhe\u00e7a as vantagens para os comerciantes varejistas se tornarem associados do IBER &#8226; IBER","og_description":"Al\u00e9m de estar em dia com a legisla\u00e7\u00e3o e contar com suporte t\u00e9cnico, empresas da categoria varejistas s\u00e3o isentas de taxas de associa\u00e7\u00e3o ao IBER e de emiss\u00e3o do MTR e Cadri. As empresas que comercializam baterias chumbo-\u00e1cido no varejo contam com in\u00fameras vantagens competitivas ao se tornarem associadas do Instituto Brasileiro de Energia Recicl\u00e1vel [&hellip;]","og_url":"https:\/\/iberbrasil.org.br\/blog\/2021\/08\/12\/conheca-as-vantagens-para-os-comerciantes-varejistas-se-tornarem-associados-do-iber\/","og_site_name":"IBER","article_published_time":"2021-08-12T19:01:20+00:00","article_modified_time":"2021-08-12T19:01:22+00:00","og_image":[{"width":1200,"height":675,"url":"https:\/\/iberbrasil.org.br\/blog\/wp-content\/uploads\/2021\/08\/Publi01blog.jpg","type":"image\/jpeg"}],"author":"admin","twitter_card":"summary_large_image","twitter_misc":{"Escrito por":"admin","Est. tempo de leitura":"1 minuto"},"schema":{"@context":"https:\/\/schema.org","@graph":[{"@type":"Article","@id":"https:\/\/iberbrasil.org.br\/blog\/2021\/08\/12\/conheca-as-vantagens-para-os-comerciantes-varejistas-se-tornarem-associados-do-iber\/#article","isPartOf":{"@id":"https:\/\/iberbrasil.org.br\/blog\/2021\/08\/12\/conheca-as-vantagens-para-os-comerciantes-varejistas-se-tornarem-associados-do-iber\/"},"author":{"name":"admin","@id":"\/#\/schema\/person\/a2f7e3afbce17246c983c91f86f4d7b8"},"headline":"Conhe\u00e7a as vantagens para os comerciantes varejistas se tornarem associados do IBER","datePublished":"2021-08-12T19:01:20+00:00","dateModified":"2021-08-12T19:01:22+00:00","mainEntityOfPage":{"@id":"https:\/\/iberbrasil.org.br\/blog\/2021\/08\/12\/conheca-as-vantagens-para-os-comerciantes-varejistas-se-tornarem-associados-do-iber\/"},"wordCount":275,"commentCount":0,"publisher":{"@id":"\/#organization"},"image":{"@id":"https:\/\/iberbrasil.org.br\/blog\/2021\/08\/12\/conheca-as-vantagens-para-os-comerciantes-varejistas-se-tornarem-associados-do-iber\/#primaryimage"},"thumbnailUrl":"https:\/\/iberbrasil.org.br\/blog\/wp-content\/uploads\/2021\/08\/Publi01blog.jpg","articleSection":["Ambiental","Economia Circular","gest\u00e3o"],"inLanguage":"pt-BR","potentialAction":[{"@type":"CommentAction","name":"Comment","target":["https:\/\/iberbrasil.org.br\/blog\/2021\/08\/12\/conheca-as-vantagens-para-os-comerciantes-varejistas-se-tornarem-associados-do-iber\/#respond"]}]},{"@type":"WebPage","@id":"https:\/\/iberbrasil.org.br\/blog\/2021\/08\/12\/conheca-as-vantagens-para-os-comerciantes-varejistas-se-tornarem-associados-do-iber\/","url":"https:\/\/iberbrasil.org.br\/blog\/2021\/08\/12\/conheca-as-vantagens-para-os-comerciantes-varejistas-se-tornarem-associados-do-iber\/","name":"Conhe\u00e7a as vantagens para os comerciantes varejistas se tornarem associados do IBER &#8226; IBER","isPartOf":{"@id":"\/#website"},"primaryImageOfPage":{"@id":"https:\/\/iberbrasil.org.br\/blog\/2021\/08\/12\/conheca-as-vantagens-para-os-comerciantes-varejistas-se-tornarem-associados-do-iber\/#primaryimage"},"image":{"@id":"https:\/\/iberbrasil.org.br\/blog\/2021\/08\/12\/conheca-as-vantagens-para-os-comerciantes-varejistas-se-tornarem-associados-do-iber\/#primaryimage"},"thumbnailUrl":"https:\/\/iberbrasil.org.br\/blog\/wp-content\/uploads\/2021\/08\/Publi01blog.jpg","datePublished":"2021-08-12T19:01:20+00:00","dateModified":"2021-08-12T19:01:22+00:00","breadcrumb":{"@id":"https:\/\/iberbrasil.org.br\/blog\/2021\/08\/12\/conheca-as-vantagens-para-os-comerciantes-varejistas-se-tornarem-associados-do-iber\/#breadcrumb"},"inLanguage":"pt-BR","potentialAction":[{"@type":"ReadAction","target":["https:\/\/iberbrasil.org.br\/blog\/2021\/08\/12\/conheca-as-vantagens-para-os-comerciantes-varejistas-se-tornarem-associados-do-iber\/"]}]},{"@type":"ImageObject","inLanguage":"pt-BR","@id":"https:\/\/iberbrasil.org.br\/blog\/2021\/08\/12\/conheca-as-vantagens-para-os-comerciantes-varejistas-se-tornarem-associados-do-iber\/#primaryimage","url":"https:\/\/iberbrasil.org.br\/blog\/wp-content\/uploads\/2021\/08\/Publi01blog.jpg","contentUrl":"https:\/\/iberbrasil.org.br\/blog\/wp-content\/uploads\/2021\/08\/Publi01blog.jpg","width":1200,"height":675},{"@type":"BreadcrumbList","@id":"https:\/\/iberbrasil.org.br\/blog\/2021\/08\/12\/conheca-as-vantagens-para-os-comerciantes-varejistas-se-tornarem-associados-do-iber\/#breadcrumb","itemListElement":[{"@type":"ListItem","position":1,"name":"Home","item":"https:\/\/iberbrasil.org.br\/blog\/"},{"@type":"ListItem","position":2,"name":"Conhe\u00e7a as vantagens para os comerciantes varejistas se tornarem associados do IBER"}]},{"@type":"WebSite","@id":"\/#website","url":"\/","name":"IBER","description":"Instituto Brasileiro de Energia Recicl\u00e1vel","publisher":{"@id":"\/#organization"},"potentialAction":[{"@type":"SearchAction","target":{"@type":"EntryPoint","urlTemplate":"\/?s={search_term_string}"},"query-input":{"@type":"PropertyValueSpecification","valueRequired":true,"valueName":"search_term_string"}}],"inLanguage":"pt-BR"},{"@type":"Organization","@id":"\/#organization","name":"IBER Brasil","url":"\/","logo":{"@type":"ImageObject","inLanguage":"pt-BR","@id":"\/#\/schema\/logo\/image\/","url":"https:\/\/iberbrasil.org.br\/blog\/wp-content\/uploads\/2021\/01\/logo-iber-2.png","contentUrl":"https:\/\/iberbrasil.org.br\/blog\/wp-content\/uploads\/2021\/01\/logo-iber-2.png","width":317,"height":86,"caption":"IBER Brasil"},"image":{"@id":"\/#\/schema\/logo\/image\/"}},{"@type":"Person","@id":"\/#\/schema\/person\/a2f7e3afbce17246c983c91f86f4d7b8","name":"admin","image":{"@type":"ImageObject","inLanguage":"pt-BR","@id":"https:\/\/secure.gravatar.com\/avatar\/fa001a3b411f2335327a3fcf246a92536d0ac705fdf27b3e43401b6e4ffe5710?s=96&d=blank&r=g","url":"https:\/\/secure.gravatar.com\/avatar\/fa001a3b411f2335327a3fcf246a92536d0ac705fdf27b3e43401b6e4ffe5710?s=96&d=blank&r=g","contentUrl":"https:\/\/secure.gravatar.com\/avatar\/fa001a3b411f2335327a3fcf246a92536d0ac705fdf27b3e43401b6e4ffe5710?s=96&d=blank&r=g","caption":"admin"},"sameAs":["https:\/\/iberbrasil.org.br\/blog"],"url":"https:\/\/iberbrasil.org.br\/blog\/author\/admin\/"}]}},"_links":{"self":[{"href":"https:\/\/iberbrasil.org.br\/blog\/wp-json\/wp\/v2\/posts\/10586","targetHints":{"allow":["GET"]}}],"collection":[{"href":"https:\/\/iberbrasil.org.br\/blog\/wp-json\/wp\/v2\/posts"}],"about":[{"href":"https:\/\/iberbrasil.org.br\/blog\/wp-json\/wp\/v2\/types\/post"}],"author":[{"embeddable":true,"href":"https:\/\/iberbrasil.org.br\/blog\/wp-json\/wp\/v2\/users\/1"}],"replies":[{"embeddable":true,"href":"https:\/\/iberbrasil.org.br\/blog\/wp-json\/wp\/v2\/comments?post=10586"}],"version-history":[{"count":1,"href":"https:\/\/iberbrasil.org.br\/blog\/wp-json\/wp\/v2\/posts\/10586\/revisions"}],"predecessor-version":[{"id":10588,"href":"https:\/\/iberbrasil.org.br\/blog\/wp-json\/wp\/v2\/posts\/10586\/revisions\/10588"}],"wp:featuredmedia":[{"embeddable":true,"href":"https:\/\/iberbrasil.org.br\/blog\/wp-json\/wp\/v2\/media\/10587"}],"wp:attachment":[{"href":"https:\/\/iberbrasil.org.br\/blog\/wp-json\/wp\/v2\/media?parent=10586"}],"wp:term":[{"taxonomy":"category","embeddable":true,"href":"https:\/\/iberbrasil.org.br\/blog\/wp-json\/wp\/v2\/categories?post=10586"},{"taxonomy":"post_tag","embeddable":true,"href":"https:\/\/iberbrasil.org.br\/blog\/wp-json\/wp\/v2\/tags?post=10586"}],"curies":[{"name":"wp","href":"https:\/\/api.w.org\/{rel}","templated":true}]}}