{"id":10551,"date":"2021-07-12T11:54:29","date_gmt":"2021-07-12T14:54:29","guid":{"rendered":"https:\/\/iberbrasil.org.br\/blog\/?p=10551"},"modified":"2021-07-12T11:54:31","modified_gmt":"2021-07-12T14:54:31","slug":"iber-e-prefeitura-de-fraiburgo-sc-constroem-acoes-conjuntas-de-promocao-da-logistica-reversa","status":"publish","type":"post","link":"https:\/\/iberbrasil.org.br\/blog\/2021\/07\/12\/iber-e-prefeitura-de-fraiburgo-sc-constroem-acoes-conjuntas-de-promocao-da-logistica-reversa\/","title":{"rendered":"IBER e Prefeitura de Fraiburgo (SC) constroem a\u00e7\u00f5es conjuntas de promo\u00e7\u00e3o da log\u00edstica reversa"},"content":{"rendered":"\n<p><em>Em reuni\u00e3o promovida com a Secretaria de Desenvolvimento Econ\u00f4mico municipal, foram definidas as primeiras \u00e1reas de atua\u00e7\u00e3o no plano de trabalho que vai alcan\u00e7ar, prioritariamente, comerciantes varejistas de baterias chumbo-\u00e1cido<\/em>.<\/p>\n\n\n\n<p>O Instituto Brasileiro de Energia Recicl\u00e1vel &#8211; IBER tem estreitado o relacionamento com o Poder P\u00fablico municipal de Fraiburgo, em Santa Catarina, para ampliar a implementa\u00e7\u00e3o da Log\u00edstica Reversa na cidade, especialmente para comerciantes varejistas de baterias chumbo-\u00e1cido.<\/p>\n\n\n\n<p>Juntos, ir\u00e3o atuar em a\u00e7\u00f5es de comunica\u00e7\u00e3o, educa\u00e7\u00e3o ambiental e divulga\u00e7\u00e3o das vantagens competitivas para as empresas que promovem e comprovam a destina\u00e7\u00e3o ambientalmente correta dos res\u00edduos.<\/p>\n\n\n\n<p>Em reuni\u00e3o promovida pela equipe t\u00e9cnica do IBER e o secret\u00e1rio de Desenvolvimento Econ\u00f4mico de Fraiburgo, Fausto Alc\u00e2ntara, foram definidas as primeiras \u00e1reas de atua\u00e7\u00e3o previstas no plano de trabalho. O IBER tamb\u00e9m auxiliar\u00e1 na adequa\u00e7\u00e3o da legisla\u00e7\u00e3o municipal, para inclus\u00e3o da gest\u00e3o dos res\u00edduos s\u00f3lidos, assim como j\u00e1 deu in\u00edcio \u00e0s tratativas para elabora\u00e7\u00e3o de termos de coopera\u00e7\u00e3o t\u00e9cnica.<\/p>\n\n\n\n<p>O IBER tem realizado e participado de reuni\u00f5es permanentes para elabora\u00e7\u00e3o de estrat\u00e9gias para a implementa\u00e7\u00e3o da Pol\u00edtica Nacional de Res\u00edduos S\u00f3lidos (PNRS) nos munic\u00edpios brasileiros.<\/p>\n\n\n\n<p>A entidade tem contribu\u00eddo tanto para elabora\u00e7\u00e3o de ferramentas e mecanismos de fiscaliza\u00e7\u00e3o e controle mais pr\u00f3ximos da realidade de cada cidade, quanto com a\u00e7\u00f5es de orienta\u00e7\u00e3o e engajamento, passando pelo desenho de ajustes necess\u00e1rios na legisla\u00e7\u00e3o.<\/p>\n","protected":false},"excerpt":{"rendered":"<p>Em reuni\u00e3o promovida com a Secretaria de Desenvolvimento Econ\u00f4mico municipal, foram definidas as primeiras \u00e1reas de atua\u00e7\u00e3o no plano de trabalho que vai alcan\u00e7ar, prioritariamente, comerciantes varejistas de baterias chumbo-\u00e1cido. O Instituto Brasileiro de Energia Recicl\u00e1vel &#8211; IBER tem estreitado o relacionamento com o Poder P\u00fablico municipal de Fraiburgo, em Santa Catarina, para ampliar a [&hellip;]<\/p>\n","protected":false},"author":1,"featured_media":10552,"comment_status":"open","ping_status":"open","sticky":false,"template":"","format":"standard","meta":{"footnotes":""},"categories":[30,81,77,62],"tags":[],"class_list":["post-10551","post","type-post","status-publish","format-standard","has-post-thumbnail","hentry","category-ambiental","category-gestao","category-logistica-reversa","category-noticias"],"yoast_head":"<!-- This site is optimized with the Yoast SEO plugin v27.3 - https:\/\/yoast.com\/product\/yoast-seo-wordpress\/ -->\n<title>IBER e Prefeitura de Fraiburgo (SC) constroem a\u00e7\u00f5es conjuntas de promo\u00e7\u00e3o da log\u00edstica reversa &#8226; IBER<\/title>\n<meta name=\"robots\" content=\"index, follow, max-snippet:-1, max-image-preview:large, max-video-preview:-1\" \/>\n<link rel=\"canonical\" href=\"https:\/\/iberbrasil.org.br\/blog\/2021\/07\/12\/iber-e-prefeitura-de-fraiburgo-sc-constroem-acoes-conjuntas-de-promocao-da-logistica-reversa\/\" \/>\n<meta property=\"og:locale\" content=\"pt_BR\" \/>\n<meta property=\"og:type\" content=\"article\" \/>\n<meta property=\"og:title\" content=\"IBER e Prefeitura de Fraiburgo (SC) constroem a\u00e7\u00f5es conjuntas de promo\u00e7\u00e3o da log\u00edstica reversa &#8226; IBER\" \/>\n<meta property=\"og:description\" content=\"Em reuni\u00e3o promovida com a Secretaria de Desenvolvimento Econ\u00f4mico municipal, foram definidas as primeiras \u00e1reas de atua\u00e7\u00e3o no plano de trabalho que vai alcan\u00e7ar, prioritariamente, comerciantes varejistas de baterias chumbo-\u00e1cido. O Instituto Brasileiro de Energia Recicl\u00e1vel &#8211; IBER tem estreitado o relacionamento com o Poder P\u00fablico municipal de Fraiburgo, em Santa Catarina, para ampliar a [&hellip;]\" \/>\n<meta property=\"og:url\" content=\"https:\/\/iberbrasil.org.br\/blog\/2021\/07\/12\/iber-e-prefeitura-de-fraiburgo-sc-constroem-acoes-conjuntas-de-promocao-da-logistica-reversa\/\" \/>\n<meta property=\"og:site_name\" content=\"IBER\" \/>\n<meta property=\"article:published_time\" content=\"2021-07-12T14:54:29+00:00\" \/>\n<meta property=\"article:modified_time\" content=\"2021-07-12T14:54:31+00:00\" \/>\n<meta property=\"og:image\" content=\"https:\/\/iberbrasil.org.br\/blog\/wp-content\/uploads\/2021\/07\/WhatsApp-Image-2021-07-12-at-11.15.00.jpeg\" \/>\n\t<meta property=\"og:image:width\" content=\"1280\" \/>\n\t<meta property=\"og:image:height\" content=\"720\" \/>\n\t<meta property=\"og:image:type\" content=\"image\/jpeg\" \/>\n<meta name=\"author\" content=\"admin\" \/>\n<meta name=\"twitter:card\" content=\"summary_large_image\" \/>\n<meta name=\"twitter:label1\" content=\"Escrito por\" \/>\n\t<meta name=\"twitter:data1\" content=\"admin\" \/>\n\t<meta name=\"twitter:label2\" content=\"Est. tempo de leitura\" \/>\n\t<meta name=\"twitter:data2\" content=\"1 minuto\" \/>\n<script type=\"application\/ld+json\" class=\"yoast-schema-graph\">{\"@context\":\"https:\\\/\\\/schema.org\",\"@graph\":[{\"@type\":\"Article\",\"@id\":\"https:\\\/\\\/iberbrasil.org.br\\\/blog\\\/2021\\\/07\\\/12\\\/iber-e-prefeitura-de-fraiburgo-sc-constroem-acoes-conjuntas-de-promocao-da-logistica-reversa\\\/#article\",\"isPartOf\":{\"@id\":\"https:\\\/\\\/iberbrasil.org.br\\\/blog\\\/2021\\\/07\\\/12\\\/iber-e-prefeitura-de-fraiburgo-sc-constroem-acoes-conjuntas-de-promocao-da-logistica-reversa\\\/\"},\"author\":{\"name\":\"admin\",\"@id\":\"\\\/#\\\/schema\\\/person\\\/a2f7e3afbce17246c983c91f86f4d7b8\"},\"headline\":\"IBER e Prefeitura de Fraiburgo (SC) constroem a\u00e7\u00f5es conjuntas de promo\u00e7\u00e3o da log\u00edstica reversa\",\"datePublished\":\"2021-07-12T14:54:29+00:00\",\"dateModified\":\"2021-07-12T14:54:31+00:00\",\"mainEntityOfPage\":{\"@id\":\"https:\\\/\\\/iberbrasil.org.br\\\/blog\\\/2021\\\/07\\\/12\\\/iber-e-prefeitura-de-fraiburgo-sc-constroem-acoes-conjuntas-de-promocao-da-logistica-reversa\\\/\"},\"wordCount\":285,\"commentCount\":0,\"publisher\":{\"@id\":\"\\\/#organization\"},\"image\":{\"@id\":\"https:\\\/\\\/iberbrasil.org.br\\\/blog\\\/2021\\\/07\\\/12\\\/iber-e-prefeitura-de-fraiburgo-sc-constroem-acoes-conjuntas-de-promocao-da-logistica-reversa\\\/#primaryimage\"},\"thumbnailUrl\":\"https:\\\/\\\/iberbrasil.org.br\\\/blog\\\/wp-content\\\/uploads\\\/2021\\\/07\\\/WhatsApp-Image-2021-07-12-at-11.15.00.jpeg\",\"articleSection\":[\"Ambiental\",\"gest\u00e3o\",\"Log\u00edstica Reversa\",\"Not\u00edcias\"],\"inLanguage\":\"pt-BR\",\"potentialAction\":[{\"@type\":\"CommentAction\",\"name\":\"Comment\",\"target\":[\"https:\\\/\\\/iberbrasil.org.br\\\/blog\\\/2021\\\/07\\\/12\\\/iber-e-prefeitura-de-fraiburgo-sc-constroem-acoes-conjuntas-de-promocao-da-logistica-reversa\\\/#respond\"]}]},{\"@type\":\"WebPage\",\"@id\":\"https:\\\/\\\/iberbrasil.org.br\\\/blog\\\/2021\\\/07\\\/12\\\/iber-e-prefeitura-de-fraiburgo-sc-constroem-acoes-conjuntas-de-promocao-da-logistica-reversa\\\/\",\"url\":\"https:\\\/\\\/iberbrasil.org.br\\\/blog\\\/2021\\\/07\\\/12\\\/iber-e-prefeitura-de-fraiburgo-sc-constroem-acoes-conjuntas-de-promocao-da-logistica-reversa\\\/\",\"name\":\"IBER e Prefeitura de Fraiburgo (SC) constroem a\u00e7\u00f5es conjuntas de promo\u00e7\u00e3o da log\u00edstica reversa &#8226; IBER\",\"isPartOf\":{\"@id\":\"\\\/#website\"},\"primaryImageOfPage\":{\"@id\":\"https:\\\/\\\/iberbrasil.org.br\\\/blog\\\/2021\\\/07\\\/12\\\/iber-e-prefeitura-de-fraiburgo-sc-constroem-acoes-conjuntas-de-promocao-da-logistica-reversa\\\/#primaryimage\"},\"image\":{\"@id\":\"https:\\\/\\\/iberbrasil.org.br\\\/blog\\\/2021\\\/07\\\/12\\\/iber-e-prefeitura-de-fraiburgo-sc-constroem-acoes-conjuntas-de-promocao-da-logistica-reversa\\\/#primaryimage\"},\"thumbnailUrl\":\"https:\\\/\\\/iberbrasil.org.br\\\/blog\\\/wp-content\\\/uploads\\\/2021\\\/07\\\/WhatsApp-Image-2021-07-12-at-11.15.00.jpeg\",\"datePublished\":\"2021-07-12T14:54:29+00:00\",\"dateModified\":\"2021-07-12T14:54:31+00:00\",\"breadcrumb\":{\"@id\":\"https:\\\/\\\/iberbrasil.org.br\\\/blog\\\/2021\\\/07\\\/12\\\/iber-e-prefeitura-de-fraiburgo-sc-constroem-acoes-conjuntas-de-promocao-da-logistica-reversa\\\/#breadcrumb\"},\"inLanguage\":\"pt-BR\",\"potentialAction\":[{\"@type\":\"ReadAction\",\"target\":[\"https:\\\/\\\/iberbrasil.org.br\\\/blog\\\/2021\\\/07\\\/12\\\/iber-e-prefeitura-de-fraiburgo-sc-constroem-acoes-conjuntas-de-promocao-da-logistica-reversa\\\/\"]}]},{\"@type\":\"ImageObject\",\"inLanguage\":\"pt-BR\",\"@id\":\"https:\\\/\\\/iberbrasil.org.br\\\/blog\\\/2021\\\/07\\\/12\\\/iber-e-prefeitura-de-fraiburgo-sc-constroem-acoes-conjuntas-de-promocao-da-logistica-reversa\\\/#primaryimage\",\"url\":\"https:\\\/\\\/iberbrasil.org.br\\\/blog\\\/wp-content\\\/uploads\\\/2021\\\/07\\\/WhatsApp-Image-2021-07-12-at-11.15.00.jpeg\",\"contentUrl\":\"https:\\\/\\\/iberbrasil.org.br\\\/blog\\\/wp-content\\\/uploads\\\/2021\\\/07\\\/WhatsApp-Image-2021-07-12-at-11.15.00.jpeg\",\"width\":1280,\"height\":720},{\"@type\":\"BreadcrumbList\",\"@id\":\"https:\\\/\\\/iberbrasil.org.br\\\/blog\\\/2021\\\/07\\\/12\\\/iber-e-prefeitura-de-fraiburgo-sc-constroem-acoes-conjuntas-de-promocao-da-logistica-reversa\\\/#breadcrumb\",\"itemListElement\":[{\"@type\":\"ListItem\",\"position\":1,\"name\":\"Home\",\"item\":\"https:\\\/\\\/iberbrasil.org.br\\\/blog\\\/\"},{\"@type\":\"ListItem\",\"position\":2,\"name\":\"IBER e Prefeitura de Fraiburgo (SC) constroem a\u00e7\u00f5es conjuntas de promo\u00e7\u00e3o da log\u00edstica reversa\"}]},{\"@type\":\"WebSite\",\"@id\":\"\\\/#website\",\"url\":\"\\\/\",\"name\":\"IBER\",\"description\":\"Instituto Brasileiro de Energia Recicl\u00e1vel\",\"publisher\":{\"@id\":\"\\\/#organization\"},\"potentialAction\":[{\"@type\":\"SearchAction\",\"target\":{\"@type\":\"EntryPoint\",\"urlTemplate\":\"\\\/?s={search_term_string}\"},\"query-input\":{\"@type\":\"PropertyValueSpecification\",\"valueRequired\":true,\"valueName\":\"search_term_string\"}}],\"inLanguage\":\"pt-BR\"},{\"@type\":\"Organization\",\"@id\":\"\\\/#organization\",\"name\":\"IBER Brasil\",\"url\":\"\\\/\",\"logo\":{\"@type\":\"ImageObject\",\"inLanguage\":\"pt-BR\",\"@id\":\"\\\/#\\\/schema\\\/logo\\\/image\\\/\",\"url\":\"https:\\\/\\\/iberbrasil.org.br\\\/blog\\\/wp-content\\\/uploads\\\/2021\\\/01\\\/logo-iber-2.png\",\"contentUrl\":\"https:\\\/\\\/iberbrasil.org.br\\\/blog\\\/wp-content\\\/uploads\\\/2021\\\/01\\\/logo-iber-2.png\",\"width\":317,\"height\":86,\"caption\":\"IBER Brasil\"},\"image\":{\"@id\":\"\\\/#\\\/schema\\\/logo\\\/image\\\/\"}},{\"@type\":\"Person\",\"@id\":\"\\\/#\\\/schema\\\/person\\\/a2f7e3afbce17246c983c91f86f4d7b8\",\"name\":\"admin\",\"image\":{\"@type\":\"ImageObject\",\"inLanguage\":\"pt-BR\",\"@id\":\"https:\\\/\\\/secure.gravatar.com\\\/avatar\\\/fa001a3b411f2335327a3fcf246a92536d0ac705fdf27b3e43401b6e4ffe5710?s=96&d=blank&r=g\",\"url\":\"https:\\\/\\\/secure.gravatar.com\\\/avatar\\\/fa001a3b411f2335327a3fcf246a92536d0ac705fdf27b3e43401b6e4ffe5710?s=96&d=blank&r=g\",\"contentUrl\":\"https:\\\/\\\/secure.gravatar.com\\\/avatar\\\/fa001a3b411f2335327a3fcf246a92536d0ac705fdf27b3e43401b6e4ffe5710?s=96&d=blank&r=g\",\"caption\":\"admin\"},\"sameAs\":[\"https:\\\/\\\/iberbrasil.org.br\\\/blog\"],\"url\":\"https:\\\/\\\/iberbrasil.org.br\\\/blog\\\/author\\\/admin\\\/\"}]}<\/script>\n<!-- \/ Yoast SEO plugin. -->","yoast_head_json":{"title":"IBER e Prefeitura de Fraiburgo (SC) constroem a\u00e7\u00f5es conjuntas de promo\u00e7\u00e3o da log\u00edstica reversa &#8226; IBER","robots":{"index":"index","follow":"follow","max-snippet":"max-snippet:-1","max-image-preview":"max-image-preview:large","max-video-preview":"max-video-preview:-1"},"canonical":"https:\/\/iberbrasil.org.br\/blog\/2021\/07\/12\/iber-e-prefeitura-de-fraiburgo-sc-constroem-acoes-conjuntas-de-promocao-da-logistica-reversa\/","og_locale":"pt_BR","og_type":"article","og_title":"IBER e Prefeitura de Fraiburgo (SC) constroem a\u00e7\u00f5es conjuntas de promo\u00e7\u00e3o da log\u00edstica reversa &#8226; IBER","og_description":"Em reuni\u00e3o promovida com a Secretaria de Desenvolvimento Econ\u00f4mico municipal, foram definidas as primeiras \u00e1reas de atua\u00e7\u00e3o no plano de trabalho que vai alcan\u00e7ar, prioritariamente, comerciantes varejistas de baterias chumbo-\u00e1cido. O Instituto Brasileiro de Energia Recicl\u00e1vel &#8211; IBER tem estreitado o relacionamento com o Poder P\u00fablico municipal de Fraiburgo, em Santa Catarina, para ampliar a [&hellip;]","og_url":"https:\/\/iberbrasil.org.br\/blog\/2021\/07\/12\/iber-e-prefeitura-de-fraiburgo-sc-constroem-acoes-conjuntas-de-promocao-da-logistica-reversa\/","og_site_name":"IBER","article_published_time":"2021-07-12T14:54:29+00:00","article_modified_time":"2021-07-12T14:54:31+00:00","og_image":[{"width":1280,"height":720,"url":"https:\/\/iberbrasil.org.br\/blog\/wp-content\/uploads\/2021\/07\/WhatsApp-Image-2021-07-12-at-11.15.00.jpeg","type":"image\/jpeg"}],"author":"admin","twitter_card":"summary_large_image","twitter_misc":{"Escrito por":"admin","Est. tempo de leitura":"1 minuto"},"schema":{"@context":"https:\/\/schema.org","@graph":[{"@type":"Article","@id":"https:\/\/iberbrasil.org.br\/blog\/2021\/07\/12\/iber-e-prefeitura-de-fraiburgo-sc-constroem-acoes-conjuntas-de-promocao-da-logistica-reversa\/#article","isPartOf":{"@id":"https:\/\/iberbrasil.org.br\/blog\/2021\/07\/12\/iber-e-prefeitura-de-fraiburgo-sc-constroem-acoes-conjuntas-de-promocao-da-logistica-reversa\/"},"author":{"name":"admin","@id":"\/#\/schema\/person\/a2f7e3afbce17246c983c91f86f4d7b8"},"headline":"IBER e Prefeitura de Fraiburgo (SC) constroem a\u00e7\u00f5es conjuntas de promo\u00e7\u00e3o da log\u00edstica reversa","datePublished":"2021-07-12T14:54:29+00:00","dateModified":"2021-07-12T14:54:31+00:00","mainEntityOfPage":{"@id":"https:\/\/iberbrasil.org.br\/blog\/2021\/07\/12\/iber-e-prefeitura-de-fraiburgo-sc-constroem-acoes-conjuntas-de-promocao-da-logistica-reversa\/"},"wordCount":285,"commentCount":0,"publisher":{"@id":"\/#organization"},"image":{"@id":"https:\/\/iberbrasil.org.br\/blog\/2021\/07\/12\/iber-e-prefeitura-de-fraiburgo-sc-constroem-acoes-conjuntas-de-promocao-da-logistica-reversa\/#primaryimage"},"thumbnailUrl":"https:\/\/iberbrasil.org.br\/blog\/wp-content\/uploads\/2021\/07\/WhatsApp-Image-2021-07-12-at-11.15.00.jpeg","articleSection":["Ambiental","gest\u00e3o","Log\u00edstica Reversa","Not\u00edcias"],"inLanguage":"pt-BR","potentialAction":[{"@type":"CommentAction","name":"Comment","target":["https:\/\/iberbrasil.org.br\/blog\/2021\/07\/12\/iber-e-prefeitura-de-fraiburgo-sc-constroem-acoes-conjuntas-de-promocao-da-logistica-reversa\/#respond"]}]},{"@type":"WebPage","@id":"https:\/\/iberbrasil.org.br\/blog\/2021\/07\/12\/iber-e-prefeitura-de-fraiburgo-sc-constroem-acoes-conjuntas-de-promocao-da-logistica-reversa\/","url":"https:\/\/iberbrasil.org.br\/blog\/2021\/07\/12\/iber-e-prefeitura-de-fraiburgo-sc-constroem-acoes-conjuntas-de-promocao-da-logistica-reversa\/","name":"IBER e Prefeitura de Fraiburgo (SC) constroem a\u00e7\u00f5es conjuntas de promo\u00e7\u00e3o da log\u00edstica reversa &#8226; IBER","isPartOf":{"@id":"\/#website"},"primaryImageOfPage":{"@id":"https:\/\/iberbrasil.org.br\/blog\/2021\/07\/12\/iber-e-prefeitura-de-fraiburgo-sc-constroem-acoes-conjuntas-de-promocao-da-logistica-reversa\/#primaryimage"},"image":{"@id":"https:\/\/iberbrasil.org.br\/blog\/2021\/07\/12\/iber-e-prefeitura-de-fraiburgo-sc-constroem-acoes-conjuntas-de-promocao-da-logistica-reversa\/#primaryimage"},"thumbnailUrl":"https:\/\/iberbrasil.org.br\/blog\/wp-content\/uploads\/2021\/07\/WhatsApp-Image-2021-07-12-at-11.15.00.jpeg","datePublished":"2021-07-12T14:54:29+00:00","dateModified":"2021-07-12T14:54:31+00:00","breadcrumb":{"@id":"https:\/\/iberbrasil.org.br\/blog\/2021\/07\/12\/iber-e-prefeitura-de-fraiburgo-sc-constroem-acoes-conjuntas-de-promocao-da-logistica-reversa\/#breadcrumb"},"inLanguage":"pt-BR","potentialAction":[{"@type":"ReadAction","target":["https:\/\/iberbrasil.org.br\/blog\/2021\/07\/12\/iber-e-prefeitura-de-fraiburgo-sc-constroem-acoes-conjuntas-de-promocao-da-logistica-reversa\/"]}]},{"@type":"ImageObject","inLanguage":"pt-BR","@id":"https:\/\/iberbrasil.org.br\/blog\/2021\/07\/12\/iber-e-prefeitura-de-fraiburgo-sc-constroem-acoes-conjuntas-de-promocao-da-logistica-reversa\/#primaryimage","url":"https:\/\/iberbrasil.org.br\/blog\/wp-content\/uploads\/2021\/07\/WhatsApp-Image-2021-07-12-at-11.15.00.jpeg","contentUrl":"https:\/\/iberbrasil.org.br\/blog\/wp-content\/uploads\/2021\/07\/WhatsApp-Image-2021-07-12-at-11.15.00.jpeg","width":1280,"height":720},{"@type":"BreadcrumbList","@id":"https:\/\/iberbrasil.org.br\/blog\/2021\/07\/12\/iber-e-prefeitura-de-fraiburgo-sc-constroem-acoes-conjuntas-de-promocao-da-logistica-reversa\/#breadcrumb","itemListElement":[{"@type":"ListItem","position":1,"name":"Home","item":"https:\/\/iberbrasil.org.br\/blog\/"},{"@type":"ListItem","position":2,"name":"IBER e Prefeitura de Fraiburgo (SC) constroem a\u00e7\u00f5es conjuntas de promo\u00e7\u00e3o da log\u00edstica reversa"}]},{"@type":"WebSite","@id":"\/#website","url":"\/","name":"IBER","description":"Instituto Brasileiro de Energia Recicl\u00e1vel","publisher":{"@id":"\/#organization"},"potentialAction":[{"@type":"SearchAction","target":{"@type":"EntryPoint","urlTemplate":"\/?s={search_term_string}"},"query-input":{"@type":"PropertyValueSpecification","valueRequired":true,"valueName":"search_term_string"}}],"inLanguage":"pt-BR"},{"@type":"Organization","@id":"\/#organization","name":"IBER Brasil","url":"\/","logo":{"@type":"ImageObject","inLanguage":"pt-BR","@id":"\/#\/schema\/logo\/image\/","url":"https:\/\/iberbrasil.org.br\/blog\/wp-content\/uploads\/2021\/01\/logo-iber-2.png","contentUrl":"https:\/\/iberbrasil.org.br\/blog\/wp-content\/uploads\/2021\/01\/logo-iber-2.png","width":317,"height":86,"caption":"IBER Brasil"},"image":{"@id":"\/#\/schema\/logo\/image\/"}},{"@type":"Person","@id":"\/#\/schema\/person\/a2f7e3afbce17246c983c91f86f4d7b8","name":"admin","image":{"@type":"ImageObject","inLanguage":"pt-BR","@id":"https:\/\/secure.gravatar.com\/avatar\/fa001a3b411f2335327a3fcf246a92536d0ac705fdf27b3e43401b6e4ffe5710?s=96&d=blank&r=g","url":"https:\/\/secure.gravatar.com\/avatar\/fa001a3b411f2335327a3fcf246a92536d0ac705fdf27b3e43401b6e4ffe5710?s=96&d=blank&r=g","contentUrl":"https:\/\/secure.gravatar.com\/avatar\/fa001a3b411f2335327a3fcf246a92536d0ac705fdf27b3e43401b6e4ffe5710?s=96&d=blank&r=g","caption":"admin"},"sameAs":["https:\/\/iberbrasil.org.br\/blog"],"url":"https:\/\/iberbrasil.org.br\/blog\/author\/admin\/"}]}},"_links":{"self":[{"href":"https:\/\/iberbrasil.org.br\/blog\/wp-json\/wp\/v2\/posts\/10551","targetHints":{"allow":["GET"]}}],"collection":[{"href":"https:\/\/iberbrasil.org.br\/blog\/wp-json\/wp\/v2\/posts"}],"about":[{"href":"https:\/\/iberbrasil.org.br\/blog\/wp-json\/wp\/v2\/types\/post"}],"author":[{"embeddable":true,"href":"https:\/\/iberbrasil.org.br\/blog\/wp-json\/wp\/v2\/users\/1"}],"replies":[{"embeddable":true,"href":"https:\/\/iberbrasil.org.br\/blog\/wp-json\/wp\/v2\/comments?post=10551"}],"version-history":[{"count":1,"href":"https:\/\/iberbrasil.org.br\/blog\/wp-json\/wp\/v2\/posts\/10551\/revisions"}],"predecessor-version":[{"id":10553,"href":"https:\/\/iberbrasil.org.br\/blog\/wp-json\/wp\/v2\/posts\/10551\/revisions\/10553"}],"wp:featuredmedia":[{"embeddable":true,"href":"https:\/\/iberbrasil.org.br\/blog\/wp-json\/wp\/v2\/media\/10552"}],"wp:attachment":[{"href":"https:\/\/iberbrasil.org.br\/blog\/wp-json\/wp\/v2\/media?parent=10551"}],"wp:term":[{"taxonomy":"category","embeddable":true,"href":"https:\/\/iberbrasil.org.br\/blog\/wp-json\/wp\/v2\/categories?post=10551"},{"taxonomy":"post_tag","embeddable":true,"href":"https:\/\/iberbrasil.org.br\/blog\/wp-json\/wp\/v2\/tags?post=10551"}],"curies":[{"name":"wp","href":"https:\/\/api.w.org\/{rel}","templated":true}]}}